{"id":19497,"date":"2024-10-30T17:38:13","date_gmt":"2024-10-30T20:38:13","guid":{"rendered":"https:\/\/www.comuna13online.com.ar\/?p=19497"},"modified":"2024-11-08T18:03:34","modified_gmt":"2024-11-08T21:03:34","slug":"cuando-es-la-noche-de-los-museos-2024","status":"publish","type":"post","link":"https:\/\/www.comuna13online.com.ar\/?p=19497","title":{"rendered":"Cu\u00e1ndo es la Noche de los Museos 2024"},"content":{"rendered":"\n<p><strong>Como todos los a\u00f1os, la Ciudad de Buenas Aires abrir\u00e1 las puertas de sus espacios culturales y edificios emblem\u00e1ticos para disfrutar de exposiciones y actividades en forma libre y gratuita.<\/strong><\/p>\n\n\n\n<figure class=\"wp-block-image size-full\"><img loading=\"lazy\" decoding=\"async\" width=\"678\" height=\"381\" data-attachment-id=\"17185\" data-permalink=\"https:\/\/www.comuna13online.com.ar\/?attachment_id=17185\" data-orig-file=\"https:\/\/www.comuna13online.com.ar\/wp-content\/uploads\/2023\/05\/20230529a_01.jpg\" data-orig-size=\"678,381\" data-comments-opened=\"0\" data-image-meta=\"{&quot;aperture&quot;:&quot;0&quot;,&quot;credit&quot;:&quot;&quot;,&quot;camera&quot;:&quot;&quot;,&quot;caption&quot;:&quot;&quot;,&quot;created_timestamp&quot;:&quot;0&quot;,&quot;copyright&quot;:&quot;&quot;,&quot;focal_length&quot;:&quot;0&quot;,&quot;iso&quot;:&quot;0&quot;,&quot;shutter_speed&quot;:&quot;0&quot;,&quot;title&quot;:&quot;&quot;,&quot;orientation&quot;:&quot;0&quot;}\" data-image-title=\"20230529a_01\" data-image-description=\"\" data-image-caption=\"\" data-large-file=\"https:\/\/www.comuna13online.com.ar\/wp-content\/uploads\/2023\/05\/20230529a_01.jpg\" src=\"https:\/\/www.comuna13online.com.ar\/wp-content\/uploads\/2023\/05\/20230529a_01.jpg\" alt=\"\" class=\"wp-image-17185\"\/><\/figure>\n\n\n\n<div style=\"height:20px\" aria-hidden=\"true\" class=\"wp-block-spacer\"><\/div>\n\n\n\n<p>La Noche de los Museos es el evento m\u00e1s representativo de la cultura porte\u00f1a, este a\u00f1o, en su vig\u00e9sima edici\u00f3n, m\u00e1s de 250 museos, edificios hist\u00f3ricos y espacios culturales de la Ciudad, extender\u00e1n su horario el pr\u00f3ximo  9 de noviembre para disfrutar de sus exposiciones y actividades totalmente gratis.<\/p>\n\n\n\n<p>Habr\u00e1 propuestas especiales para los m\u00e1s chicos, como juegos, talleres y presentaciones de t\u00edtulos en distintos museos participantes. La jornada culminar\u00e1 el domingo por la madrugada.<\/p>\n\n\n\n<p>El transporte p\u00fablico ser\u00e1 gratis para facilitar la movilidad entre los diferentes sitios, para poder viajar hay que gestionar el pase a BOTI el chat de la Ciudad (+54 91150500147).<\/p>\n\n\n\n<p>Por otro lado, Subterr\u00e1neos de Buenos Aires convoco a participar de un sorteo para viajar esa noche en los cl\u00e1sicos coches La Brugeoise, declarados Patrimonio Cultural de la Ciudad de Buenos Aires, que corrieron durante casi 100 a\u00f1os por la L\u00ednea A, la primera l\u00ednea de subte que tuvo el distrito.<\/p>\n\n\n\n<div style=\"height:20px\" aria-hidden=\"true\" class=\"wp-block-spacer\"><\/div>\n\n\n\n<figure class=\"wp-block-image size-full\"><img loading=\"lazy\" decoding=\"async\" width=\"678\" height=\"678\" data-attachment-id=\"19499\" data-permalink=\"https:\/\/www.comuna13online.com.ar\/?attachment_id=19499\" data-orig-file=\"https:\/\/www.comuna13online.com.ar\/wp-content\/uploads\/2024\/10\/20241030a_01.jpg\" data-orig-size=\"678,678\" data-comments-opened=\"0\" data-image-meta=\"{&quot;aperture&quot;:&quot;0&quot;,&quot;credit&quot;:&quot;&quot;,&quot;camera&quot;:&quot;&quot;,&quot;caption&quot;:&quot;&quot;,&quot;created_timestamp&quot;:&quot;0&quot;,&quot;copyright&quot;:&quot;&quot;,&quot;focal_length&quot;:&quot;0&quot;,&quot;iso&quot;:&quot;0&quot;,&quot;shutter_speed&quot;:&quot;0&quot;,&quot;title&quot;:&quot;&quot;,&quot;orientation&quot;:&quot;0&quot;}\" data-image-title=\"20241030a_01\" data-image-description=\"\" data-image-caption=\"\" data-large-file=\"https:\/\/www.comuna13online.com.ar\/wp-content\/uploads\/2024\/10\/20241030a_01.jpg\" src=\"https:\/\/www.comuna13online.com.ar\/wp-content\/uploads\/2024\/10\/20241030a_01.jpg\" alt=\"\" class=\"wp-image-19499\"\/><\/figure>\n\n\n\n<div style=\"height:20px\" aria-hidden=\"true\" class=\"wp-block-spacer\"><\/div>\n\n\n\n<p>Se realizar\u00e1n tres recorridos entre las estaciones Per\u00fa y Acoyte, de 40 minutos cada uno, en los cuales una gu\u00eda de turismo contar\u00e1 la historia de los coches \u00ablas brujas\u00bb, como se los conoce popularmente, y de los comienzos del subte.<\/p>\n\n\n\n<p>El primer viaje comenzar\u00e1 a las 0.30 horas del domingo 10 de noviembre, luego de finalizado el servicio habitual. Para inscribirse, se deber\u00e1 ingresar a la cuenta de Instagram @BAsubte antes del 5 de noviembre a las 12.<\/p>\n\n\n\n<div style=\"height:10px\" aria-hidden=\"true\" class=\"wp-block-spacer\"><\/div>\n\n\n\n<p class=\"has-small-font-size\"><\/p>\n","protected":false},"excerpt":{"rendered":"<div class=\"mh-excerpt\">Como todos los a\u00f1os, la Ciudad de Buenas Aires abrir\u00e1 las puertas de sus espacios culturales y edificios emblem\u00e1ticos para disfrutar de exposiciones y actividades en forma libre y gratuita. <a class=\"mh-excerpt-more\" href=\"https:\/\/www.comuna13online.com.ar\/?p=19497\" title=\"Cu\u00e1ndo es la Noche de los Museos 2024\">[&#8230;]<\/a><\/div>\n","protected":false},"author":1,"featured_media":19498,"comment_status":"closed","ping_status":"closed","sticky":false,"template":"","format":"standard","meta":{"_uag_custom_page_level_css":"","_jetpack_memberships_contains_paid_content":false,"footnotes":"","jetpack_publicize_message":"","jetpack_publicize_feature_enabled":true,"jetpack_social_post_already_shared":true,"jetpack_social_options":{"image_generator_settings":{"template":"highway","default_image_id":0,"font":"","enabled":false},"version":2}},"categories":[76],"tags":[60,250,296,213,127,71],"class_list":{"0":"post-19497","1":"post","2":"type-post","3":"status-publish","4":"format-standard","5":"has-post-thumbnail","7":"category-museos","8":"tag-cultura","9":"tag-h2","10":"tag-h3","11":"tag-la-noche-de-los-museos","12":"tag-museos","13":"tag-tiempo-libre"},"jetpack_publicize_connections":[],"jetpack_featured_media_url":"https:\/\/www.comuna13online.com.ar\/wp-content\/uploads\/2024\/10\/20241030a_id.jpg","uagb_featured_image_src":{"full":["https:\/\/www.comuna13online.com.ar\/wp-content\/uploads\/2024\/10\/20241030a_id.jpg",678,381,false],"thumbnail":["https:\/\/www.comuna13online.com.ar\/wp-content\/uploads\/2024\/10\/20241030a_id.jpg",128,72,false],"medium":["https:\/\/www.comuna13online.com.ar\/wp-content\/uploads\/2024\/10\/20241030a_id.jpg",678,381,false],"medium_large":["https:\/\/www.comuna13online.com.ar\/wp-content\/uploads\/2024\/10\/20241030a_id.jpg",678,381,false],"large":["https:\/\/www.comuna13online.com.ar\/wp-content\/uploads\/2024\/10\/20241030a_id.jpg",678,381,false],"1536x1536":["https:\/\/www.comuna13online.com.ar\/wp-content\/uploads\/2024\/10\/20241030a_id.jpg",678,381,false],"2048x2048":["https:\/\/www.comuna13online.com.ar\/wp-content\/uploads\/2024\/10\/20241030a_id.jpg",678,381,false],"mh-magazine-slider":["https:\/\/www.comuna13online.com.ar\/wp-content\/uploads\/2024\/10\/20241030a_id.jpg",678,381,false],"mh-magazine-content":["https:\/\/www.comuna13online.com.ar\/wp-content\/uploads\/2024\/10\/20241030a_id.jpg",678,381,false],"mh-magazine-large":["https:\/\/www.comuna13online.com.ar\/wp-content\/uploads\/2024\/10\/20241030a_id.jpg",678,381,false],"mh-magazine-medium":["https:\/\/www.comuna13online.com.ar\/wp-content\/uploads\/2024\/10\/20241030a_id-326x245.jpg",326,245,true],"mh-magazine-small":["https:\/\/www.comuna13online.com.ar\/wp-content\/uploads\/2024\/10\/20241030a_id-80x60.jpg",80,60,true],"sow-carousel-default":["https:\/\/www.comuna13online.com.ar\/wp-content\/uploads\/2024\/10\/20241030a_id-272x182.jpg",272,182,true]},"uagb_author_info":{"display_name":"Comuna13","author_link":"https:\/\/www.comuna13online.com.ar\/?author=1"},"uagb_comment_info":0,"uagb_excerpt":"Como todos los a\u00f1os, la Ciudad de Buenas Aires abrir\u00e1 las puertas de sus espacios culturales y edificios emblem\u00e1ticos para disfrutar de exposiciones y actividades en forma libre y gratuita. [...]","jetpack_sharing_enabled":true,"_links":{"self":[{"href":"https:\/\/www.comuna13online.com.ar\/index.php?rest_route=\/wp\/v2\/posts\/19497","targetHints":{"allow":["GET"]}}],"collection":[{"href":"https:\/\/www.comuna13online.com.ar\/index.php?rest_route=\/wp\/v2\/posts"}],"about":[{"href":"https:\/\/www.comuna13online.com.ar\/index.php?rest_route=\/wp\/v2\/types\/post"}],"author":[{"embeddable":true,"href":"https:\/\/www.comuna13online.com.ar\/index.php?rest_route=\/wp\/v2\/users\/1"}],"replies":[{"embeddable":true,"href":"https:\/\/www.comuna13online.com.ar\/index.php?rest_route=%2Fwp%2Fv2%2Fcomments&post=19497"}],"version-history":[{"count":0,"href":"https:\/\/www.comuna13online.com.ar\/index.php?rest_route=\/wp\/v2\/posts\/19497\/revisions"}],"wp:featuredmedia":[{"embeddable":true,"href":"https:\/\/www.comuna13online.com.ar\/index.php?rest_route=\/wp\/v2\/media\/19498"}],"wp:attachment":[{"href":"https:\/\/www.comuna13online.com.ar\/index.php?rest_route=%2Fwp%2Fv2%2Fmedia&parent=19497"}],"wp:term":[{"taxonomy":"category","embeddable":true,"href":"https:\/\/www.comuna13online.com.ar\/index.php?rest_route=%2Fwp%2Fv2%2Fcategories&post=19497"},{"taxonomy":"post_tag","embeddable":true,"href":"https:\/\/www.comuna13online.com.ar\/index.php?rest_route=%2Fwp%2Fv2%2Ftags&post=19497"}],"curies":[{"name":"wp","href":"https:\/\/api.w.org\/{rel}","templated":true}]}}