{"id":19331,"date":"2024-09-25T07:51:00","date_gmt":"2024-09-25T10:51:00","guid":{"rendered":"https:\/\/www.comuna13online.com.ar\/?p=19331"},"modified":"2024-10-01T14:39:47","modified_gmt":"2024-10-01T17:39:47","slug":"la-ciudad-abrio-la-inscripcion-para-vacunarse-contra-el-dengue","status":"publish","type":"post","link":"https:\/\/www.comuna13online.com.ar\/?p=19331","title":{"rendered":"La ciudad abri\u00f3 la inscripci\u00f3n para vacunarse contra el dengue."},"content":{"rendered":"\n<p><strong>En l\u00ednea con los lineamientos nacionales, el plan de vacunaci\u00f3n se desarrollar\u00e1 de manera progresiva y en etapas, en ese sentido, ya pueden inscribirse adolescentes de 15 a 19 a\u00f1os.<\/strong><\/p>\n\n\n\n<figure class=\"wp-block-image size-full\"><img loading=\"lazy\" decoding=\"async\" width=\"678\" height=\"381\" data-attachment-id=\"19335\" data-permalink=\"https:\/\/www.comuna13online.com.ar\/?attachment_id=19335\" data-orig-file=\"https:\/\/www.comuna13online.com.ar\/wp-content\/uploads\/2024\/09\/20240918a_id.jpg\" data-orig-size=\"678,381\" data-comments-opened=\"0\" data-image-meta=\"{&quot;aperture&quot;:&quot;0&quot;,&quot;credit&quot;:&quot;&quot;,&quot;camera&quot;:&quot;&quot;,&quot;caption&quot;:&quot;&quot;,&quot;created_timestamp&quot;:&quot;0&quot;,&quot;copyright&quot;:&quot;&quot;,&quot;focal_length&quot;:&quot;0&quot;,&quot;iso&quot;:&quot;0&quot;,&quot;shutter_speed&quot;:&quot;0&quot;,&quot;title&quot;:&quot;&quot;,&quot;orientation&quot;:&quot;0&quot;}\" data-image-title=\"20240918a_id\" data-image-description=\"\" data-image-caption=\"\" data-large-file=\"https:\/\/www.comuna13online.com.ar\/wp-content\/uploads\/2024\/09\/20240918a_id.jpg\" src=\"https:\/\/www.comuna13online.com.ar\/wp-content\/uploads\/2024\/09\/20240918a_id.jpg\" alt=\"\" class=\"wp-image-19335\"\/><\/figure>\n\n\n\n<div style=\"height:20px\" aria-hidden=\"true\" class=\"wp-block-spacer\"><\/div>\n\n\n\n<p>El Gobierno de la Ciudad de Buenos Aires acompa\u00f1a las recomendaciones de la Comisi\u00f3n Nacional de Inmunizaciones (CoNaIn), en base a las cuales el Ministerio de Salud de la Naci\u00f3n, en coordinaci\u00f3n con las provincias, defini\u00f3 los lineamientos nacionales de la campa\u00f1a de vacunaci\u00f3n. Han establecido una estrategia de vacunaci\u00f3n focalizada y segmentada, priorizando las regiones de mayor tr\u00e1nsito viral y los grupos de edad que m\u00e1s han contra\u00eddo la enfermedad.<\/p>\n\n\n\n<p>A tal efecto, este mi\u00e9rcoles 25 de septiembre se habilita la inscripci\u00f3n a trav\u00e9s de la p\u00e1gina <a href=\"https:\/\/buenosaires.gob.ar\/salud\" target=\"_blank\" rel=\"noreferrer noopener\"><strong>web del Ministerio de Salud<\/strong><\/a> para la inoculaci\u00f3n de los adolescentes de 15 a 19; luego avanzar\u00e1 paulatinamente con los j\u00f3venes de 20 a 29 a\u00f1os y, finalmente, con los adultos de 30 a 39 a\u00f1os. La vacunaci\u00f3n comenzar\u00e1 el lunes 30 de septiembre y es totalmente gratuita.<\/p>\n\n\n\n<p><strong>La Vacuna NO est\u00e1 recomendada para menores de 4 a\u00f1os, mayores de 60 a\u00f1os, personas inmunodeprimidas o embarazadas.<\/strong><\/p>\n\n\n\n<p>La vacunaci\u00f3n es una intervenci\u00f3n importante para reducir la velocidad de transmisi\u00f3n de la enfermedad pero no evita la aparici\u00f3n de brotes.<\/p>\n\n\n\n<h4 class=\"wp-block-heading\">\u00bfQu\u00e9 hay que llevar para la vacunaci\u00f3n?<\/h4>\n\n\n\n<ul class=\"wp-block-list\">\n<li>Documento de identidad que acredite la residencia en la Ciudad Aut\u00f3noma de Buenos Aires.<\/li>\n\n\n\n<li>Asignaci\u00f3n de turno web.<\/li>\n\n\n\n<li>No es necesario acudir con receta m\u00e9dica.<\/li>\n<\/ul>\n\n\n\n<h4 class=\"wp-block-heading\">Lugares y horarios de Vacunatorios<\/h4>\n\n\n\n<p>Dispondremos de vacunatorios distribuidos en los distintos barrios de la Ciudad, incluyendo Hospitales, CeSACS, y postas extrahospitalarias.<\/p>\n\n\n\n<ul class=\"wp-block-list\">\n<li>CeSac 11 &#8211; Comuna 3<\/li>\n\n\n\n<li>CeSac 1 &#8211; Comuna 4<\/li>\n\n\n\n<li>Hospital Durand &#8211; Comuna 6<\/li>\n\n\n\n<li>CeSac 3 &#8211; Comuna 8<\/li>\n\n\n\n<li>CeSac 37 &#8211; Comuna 9<\/li>\n\n\n\n<li>Corral\u00f3n Floresta (Posta extra hospitalaria) &#8211; Comuna 10<\/li>\n\n\n\n<li>Hospital Pirovano &#8211; Comuna 12<\/li>\n\n\n\n<li>Centro Isl\u00e1mico (Posta extra hospitalaria) &#8211; Comuna 14<\/li>\n<\/ul>\n\n\n\n<div style=\"height:15px\" aria-hidden=\"true\" class=\"wp-block-spacer\"><\/div>\n\n\n\n<figure class=\"wp-block-image size-full\"><img loading=\"lazy\" decoding=\"async\" width=\"678\" height=\"381\" data-attachment-id=\"19333\" data-permalink=\"https:\/\/www.comuna13online.com.ar\/?attachment_id=19333\" data-orig-file=\"https:\/\/www.comuna13online.com.ar\/wp-content\/uploads\/2024\/09\/20240918a_01.jpg\" data-orig-size=\"678,381\" data-comments-opened=\"0\" data-image-meta=\"{&quot;aperture&quot;:&quot;0&quot;,&quot;credit&quot;:&quot;&quot;,&quot;camera&quot;:&quot;&quot;,&quot;caption&quot;:&quot;&quot;,&quot;created_timestamp&quot;:&quot;0&quot;,&quot;copyright&quot;:&quot;&quot;,&quot;focal_length&quot;:&quot;0&quot;,&quot;iso&quot;:&quot;0&quot;,&quot;shutter_speed&quot;:&quot;0&quot;,&quot;title&quot;:&quot;&quot;,&quot;orientation&quot;:&quot;0&quot;}\" data-image-title=\"20240918a_01\" data-image-description=\"\" data-image-caption=\"\" data-large-file=\"https:\/\/www.comuna13online.com.ar\/wp-content\/uploads\/2024\/09\/20240918a_01.jpg\" src=\"https:\/\/www.comuna13online.com.ar\/wp-content\/uploads\/2024\/09\/20240918a_01.jpg\" alt=\"\" class=\"wp-image-19333\"\/><\/figure>\n\n\n\n<div style=\"height:15px\" aria-hidden=\"true\" class=\"wp-block-spacer\"><\/div>\n\n\n\n<h3 class=\"wp-block-heading\">\u00bfC\u00f3mo prevenir el dengue?<\/h3>\n\n\n\n<p><\/p>\n\n\n\n<p>na de las medidas m\u00e1s importantes para prevenir el dengue es eliminar los lugares donde se cr\u00eda el mosquito. La fumigaci\u00f3n&nbsp;<strong>no<\/strong><strong>&nbsp;es efectiva<\/strong>&nbsp;para prevenir el dengue porque est\u00e1 dirigida a los mosquitos adultos, al mosquito en vuelo y no a los huevos.&nbsp;<\/p>\n\n\n\n<p>Para entender mejor c\u00f3mo enfrentamos el problema del dengue, es fundamental conocer&nbsp;<strong>el ciclo de vida del mosquito Aedes aegypti,&nbsp;<\/strong>que consta de cuatro etapas: huevo, larva, pupa y adulto. Este ciclo var\u00eda en duraci\u00f3n, dependiendo de las condiciones ambientales, especialmente la temperatura.<\/p>\n\n\n\n<ol class=\"wp-block-list\">\n<li><strong>Etapa de Huevo:<\/strong>&nbsp;La hembra adulta pica al ser humano para obtener la sangre necesaria que permitir\u00e1 la maduraci\u00f3n de los huevos. Luego, deposita estos huevos en superficies donde se encuentren agua y aire, como los bordes de recipientes. Durante el verano, cuando hay mosquitos adultos, estos huevos pueden permanecer inactivos hasta un a\u00f1o, esperando las condiciones adecuadas de calor (por encima de los 14-16 grados) y humedad para eclosionar.<\/li>\n\n\n\n<li><strong>Etapa de Larva:<\/strong>&nbsp;Una vez que los huevos eclosionan, se inicia la etapa acu\u00e1tica del mosquito. Las larvas se desarrollan en el agua durante algunos d\u00edas, aliment\u00e1ndose y creciendo hasta alcanzar la fase siguiente.<\/li>\n\n\n\n<li><strong>Etapa de Pupa:<\/strong>&nbsp;La larva madura se transforma en pupa, una fase que dura aproximadamente un d\u00eda. Es la \u00faltima etapa acu\u00e1tica antes de convertirse en adulto.<\/li>\n\n\n\n<li><strong>Etapa de Adulto:<\/strong>&nbsp;Al emerger de la pupa, el mosquito se convierte en adulto y empieza su fase a\u00e9rea, que dura aproximadamente tres semanas. Durante este tiempo, la hembra buscar\u00e1 reproducirse y depositar m\u00e1s huevos, reiniciando el ciclo.<\/li>\n<\/ol>\n\n\n\n<p>Es crucial recordar que, por cada mosquito adulto hembra, pueden generarse alrededor de 500 huevos.&nbsp;<strong>La mayor\u00eda de la poblaci\u00f3n del mosquito no est\u00e1 en forma adulta, sino como huevo o en etapas acu\u00e1ticas, que es precisamente donde debemos focalizar nuestras acciones de control.&nbsp;<\/strong>Por eso, insistimos en eliminar posibles criaderos y en mantener las condiciones que impidan que el mosquito complete su ciclo de vida.<\/p>\n\n\n\n<p>Este mosquito suele criarse dentro de nuestros hogares. Es fundamental que toda la comunidad participe activamente controlando los posibles criaderos de cada uno de sus hogares.<\/p>\n\n\n\n<figure class=\"wp-block-image size-full\"><img loading=\"lazy\" decoding=\"async\" width=\"678\" height=\"381\" data-attachment-id=\"19334\" data-permalink=\"https:\/\/www.comuna13online.com.ar\/?attachment_id=19334\" data-orig-file=\"https:\/\/www.comuna13online.com.ar\/wp-content\/uploads\/2024\/09\/20240918a_02.jpg\" data-orig-size=\"678,381\" data-comments-opened=\"0\" data-image-meta=\"{&quot;aperture&quot;:&quot;0&quot;,&quot;credit&quot;:&quot;&quot;,&quot;camera&quot;:&quot;&quot;,&quot;caption&quot;:&quot;&quot;,&quot;created_timestamp&quot;:&quot;0&quot;,&quot;copyright&quot;:&quot;&quot;,&quot;focal_length&quot;:&quot;0&quot;,&quot;iso&quot;:&quot;0&quot;,&quot;shutter_speed&quot;:&quot;0&quot;,&quot;title&quot;:&quot;&quot;,&quot;orientation&quot;:&quot;0&quot;}\" data-image-title=\"20240918a_02\" data-image-description=\"\" data-image-caption=\"\" data-large-file=\"https:\/\/www.comuna13online.com.ar\/wp-content\/uploads\/2024\/09\/20240918a_02.jpg\" src=\"https:\/\/www.comuna13online.com.ar\/wp-content\/uploads\/2024\/09\/20240918a_02.jpg\" alt=\"\" class=\"wp-image-19334\"\/><\/figure>\n\n\n\n<p>Hay recipientes sin uso que directamente debemos desechar como: latas, botellas, neum\u00e1ticos, bidones de pl\u00e1sticos cortados, entre otros. Pero hay otros recipientes no podemos tirar, pero s\u00ed podemos:<\/p>\n\n\n\n<ul class=\"wp-block-list\">\n<li>Dar vuelta botellas o baldes para evitar que se acumule agua.<\/li>\n\n\n\n<li>Limpiar, cepillar y cambiar todos los d\u00edas el agua de aquellos recipientes que contienen o acumulan agua, como el drenaje del aire acondicionado, floreros y bebederos de animales.<\/li>\n\n\n\n<li>Tapar los recipientes que son utilizados para la recolecci\u00f3n de agua, como tanques, barriles o toneles.<\/li>\n\n\n\n<li>Tapar la pileta con una lona (que no acumule agua en los pliegues), tela mosquitera o guardarla debidamente seca.<\/li>\n\n\n\n<li>Trasplantar las plantas que est\u00e1n en agua a una maceta con tierra, o ponerle arena h\u00fameda en el portamaceta.<\/li>\n<\/ul>\n\n\n\n<h3 class=\"wp-block-heading\"><strong>\u00bfC\u00f3mo prevenir la picadura del mosquito?<\/strong><\/h3>\n\n\n\n<p>Si bien las medidas que tienden a eliminar los potenciales criaderos son las m\u00e1s importantes para evitar la reproducci\u00f3n del mosquito, tambi\u00e9n podemos utilizar algunas estrategias para evitar que los mosquitos nos piquen.<\/p>\n\n\n\n<ul class=\"wp-block-list\">\n<li>Coloca mosquiteros en las aberturas y tules sobre cunas y cochecitos de beb\u00e9s.<\/li>\n\n\n\n<li>Us\u00e1 frecuentemente repelentes.<\/li>\n\n\n\n<li>Utiliz\u00e1 ropa clara que cubra los brazos y las piernas, especialmente durante las actividades al aire libre.<\/li>\n<\/ul>\n\n\n\n<p><\/p>\n\n\n\n<p><\/p>\n","protected":false},"excerpt":{"rendered":"<div class=\"mh-excerpt\">En l\u00ednea con los lineamientos nacionales, el plan de vacunaci\u00f3n se desarrollar\u00e1 de manera progresiva y en etapas, en ese sentido, ya pueden inscribirse adolescentes de 15 a 19 a\u00f1os. <a class=\"mh-excerpt-more\" href=\"https:\/\/www.comuna13online.com.ar\/?p=19331\" title=\"La ciudad abri\u00f3 la inscripci\u00f3n para vacunarse contra el dengue.\">[&#8230;]<\/a><\/div>\n","protected":false},"author":1,"featured_media":19335,"comment_status":"closed","ping_status":"closed","sticky":false,"template":"","format":"standard","meta":{"_uag_custom_page_level_css":"","_jetpack_memberships_contains_paid_content":false,"footnotes":"","jetpack_publicize_message":"","jetpack_publicize_feature_enabled":true,"jetpack_social_post_already_shared":true,"jetpack_social_options":{"image_generator_settings":{"template":"highway","default_image_id":0,"font":"","enabled":false},"version":2}},"categories":[44],"tags":[250,296,45,118],"class_list":{"0":"post-19331","1":"post","2":"type-post","3":"status-publish","4":"format-standard","5":"has-post-thumbnail","7":"category-salud","8":"tag-h2","9":"tag-h3","10":"tag-salud","11":"tag-vacunacion"},"jetpack_publicize_connections":[],"jetpack_featured_media_url":"https:\/\/www.comuna13online.com.ar\/wp-content\/uploads\/2024\/09\/20240918a_id.jpg","uagb_featured_image_src":{"full":["https:\/\/www.comuna13online.com.ar\/wp-content\/uploads\/2024\/09\/20240918a_id.jpg",678,381,false],"thumbnail":["https:\/\/www.comuna13online.com.ar\/wp-content\/uploads\/2024\/09\/20240918a_id.jpg",128,72,false],"medium":["https:\/\/www.comuna13online.com.ar\/wp-content\/uploads\/2024\/09\/20240918a_id.jpg",678,381,false],"medium_large":["https:\/\/www.comuna13online.com.ar\/wp-content\/uploads\/2024\/09\/20240918a_id.jpg",678,381,false],"large":["https:\/\/www.comuna13online.com.ar\/wp-content\/uploads\/2024\/09\/20240918a_id.jpg",678,381,false],"1536x1536":["https:\/\/www.comuna13online.com.ar\/wp-content\/uploads\/2024\/09\/20240918a_id.jpg",678,381,false],"2048x2048":["https:\/\/www.comuna13online.com.ar\/wp-content\/uploads\/2024\/09\/20240918a_id.jpg",678,381,false],"mh-magazine-slider":["https:\/\/www.comuna13online.com.ar\/wp-content\/uploads\/2024\/09\/20240918a_id.jpg",678,381,false],"mh-magazine-content":["https:\/\/www.comuna13online.com.ar\/wp-content\/uploads\/2024\/09\/20240918a_id.jpg",678,381,false],"mh-magazine-large":["https:\/\/www.comuna13online.com.ar\/wp-content\/uploads\/2024\/09\/20240918a_id.jpg",678,381,false],"mh-magazine-medium":["https:\/\/www.comuna13online.com.ar\/wp-content\/uploads\/2024\/09\/20240918a_id-326x245.jpg",326,245,true],"mh-magazine-small":["https:\/\/www.comuna13online.com.ar\/wp-content\/uploads\/2024\/09\/20240918a_id-80x60.jpg",80,60,true],"sow-carousel-default":["https:\/\/www.comuna13online.com.ar\/wp-content\/uploads\/2024\/09\/20240918a_id-272x182.jpg",272,182,true]},"uagb_author_info":{"display_name":"Comuna13","author_link":"https:\/\/www.comuna13online.com.ar\/?author=1"},"uagb_comment_info":0,"uagb_excerpt":"En l\u00ednea con los lineamientos nacionales, el plan de vacunaci\u00f3n se desarrollar\u00e1 de manera progresiva y en etapas, en ese sentido, ya pueden inscribirse adolescentes de 15 a 19 a\u00f1os. [...]","jetpack_sharing_enabled":true,"_links":{"self":[{"href":"https:\/\/www.comuna13online.com.ar\/index.php?rest_route=\/wp\/v2\/posts\/19331","targetHints":{"allow":["GET"]}}],"collection":[{"href":"https:\/\/www.comuna13online.com.ar\/index.php?rest_route=\/wp\/v2\/posts"}],"about":[{"href":"https:\/\/www.comuna13online.com.ar\/index.php?rest_route=\/wp\/v2\/types\/post"}],"author":[{"embeddable":true,"href":"https:\/\/www.comuna13online.com.ar\/index.php?rest_route=\/wp\/v2\/users\/1"}],"replies":[{"embeddable":true,"href":"https:\/\/www.comuna13online.com.ar\/index.php?rest_route=%2Fwp%2Fv2%2Fcomments&post=19331"}],"version-history":[{"count":0,"href":"https:\/\/www.comuna13online.com.ar\/index.php?rest_route=\/wp\/v2\/posts\/19331\/revisions"}],"wp:featuredmedia":[{"embeddable":true,"href":"https:\/\/www.comuna13online.com.ar\/index.php?rest_route=\/wp\/v2\/media\/19335"}],"wp:attachment":[{"href":"https:\/\/www.comuna13online.com.ar\/index.php?rest_route=%2Fwp%2Fv2%2Fmedia&parent=19331"}],"wp:term":[{"taxonomy":"category","embeddable":true,"href":"https:\/\/www.comuna13online.com.ar\/index.php?rest_route=%2Fwp%2Fv2%2Fcategories&post=19331"},{"taxonomy":"post_tag","embeddable":true,"href":"https:\/\/www.comuna13online.com.ar\/index.php?rest_route=%2Fwp%2Fv2%2Ftags&post=19331"}],"curies":[{"name":"wp","href":"https:\/\/api.w.org\/{rel}","templated":true}]}}