{"id":19324,"date":"2024-09-17T18:30:32","date_gmt":"2024-09-17T21:30:32","guid":{"rendered":"https:\/\/www.comuna13online.com.ar\/?p=19324"},"modified":"2024-09-17T18:32:05","modified_gmt":"2024-09-17T21:32:05","slug":"iluminan-monumentos-y-se-plantan-banderas-por-el-dia-mundial-de-la-seguridad-del-paciente","status":"publish","type":"post","link":"https:\/\/www.comuna13online.com.ar\/?p=19324","title":{"rendered":"Iluminan monumentos y se plantan banderas por el D\u00eda Mundial de la Seguridad del Paciente"},"content":{"rendered":"\n<p><\/p>\n\n\n\n<p><strong>La Organizaci\u00f3n Mundial de la Salud (OMS) estableci\u00f3 el 17 de septiembre como D\u00eda Mundial de la Seguridad del Paciente, para recordar esta importante dimensi\u00f3n de la calidad asistencial.<\/strong><\/p>\n\n\n\n<p><\/p>\n\n\n\n<figure class=\"wp-block-image size-full\"><img loading=\"lazy\" decoding=\"async\" width=\"678\" height=\"381\" data-attachment-id=\"19325\" data-permalink=\"https:\/\/www.comuna13online.com.ar\/?attachment_id=19325\" data-orig-file=\"https:\/\/www.comuna13online.com.ar\/wp-content\/uploads\/2024\/09\/20240917a_id.jpg\" data-orig-size=\"678,381\" data-comments-opened=\"0\" data-image-meta=\"{&quot;aperture&quot;:&quot;0&quot;,&quot;credit&quot;:&quot;&quot;,&quot;camera&quot;:&quot;&quot;,&quot;caption&quot;:&quot;&quot;,&quot;created_timestamp&quot;:&quot;0&quot;,&quot;copyright&quot;:&quot;&quot;,&quot;focal_length&quot;:&quot;0&quot;,&quot;iso&quot;:&quot;0&quot;,&quot;shutter_speed&quot;:&quot;0&quot;,&quot;title&quot;:&quot;&quot;,&quot;orientation&quot;:&quot;0&quot;}\" data-image-title=\"20240917a_id\" data-image-description=\"\" data-image-caption=\"\" data-large-file=\"https:\/\/www.comuna13online.com.ar\/wp-content\/uploads\/2024\/09\/20240917a_id.jpg\" src=\"https:\/\/www.comuna13online.com.ar\/wp-content\/uploads\/2024\/09\/20240917a_id.jpg\" alt=\"\" class=\"wp-image-19325\"\/><\/figure>\n\n\n\n<div style=\"height:15px\" aria-hidden=\"true\" class=\"wp-block-spacer\"><\/div>\n\n\n\n<p>Con el fin de generar conciencia y en apoyo al D\u00eda Mundial de la Seguridad del Paciente (OMS), el Ministerio de Salud junto al Ministerio de Espacio P\u00fablico e Higiene Urbana de la Ciudad iluminan de color naranja algunos monumentos porte\u00f1os, el martes 17 de septiembre desde las 19 y hasta el final del d\u00eda.<\/p>\n\n\n\n<p><\/p>\n\n\n\n<p>La iniciativa comienza a las 17 con una jornada de expresi\u00f3n de compromiso en Plaza Congreso, donde se plantar\u00e1n banderas con los nombres de las v\u00edctimas del sistema de salud. Actividad que se desarrolla en Washington y se realiza en simult\u00e1neo en las principales ciudades de Chile, Per\u00fa, Costa Rica, Panam\u00e1, M\u00e9xico y Argentina.<\/p>\n\n\n\n<p><\/p>\n\n\n\n<p>Se trata de una jornada mundial de concientizaci\u00f3n sobre el proceso constante de mejora de la atenci\u00f3n sanitaria; con el objetivo de prevenir los eventos adversos que pueden darse a ra\u00edz tanto de la pr\u00e1ctica cl\u00ednica, los procedimientos y los medicamentos como del sistema de salud.<\/p>\n\n\n\n<p><\/p>\n\n\n\n<p><em>\u201cComo a\u00f1os anteriores, la Ciudad tom\u00f3 como consigna involucrar a sus vecinos en la toma de conciencia sobre los derechos que tienen los pacientes y su seguridad en la atenci\u00f3n m\u00e9dica\u201d<\/em>, manifest\u00f3\u00a0<strong>Clara Muzzio<\/strong>, Vicejefa de Gobierno de la Ciudad de Buenos Aires.<\/p>\n\n\n\n<div style=\"height:15px\" aria-hidden=\"true\" class=\"wp-block-spacer\"><\/div>\n\n\n\n<p>El\u00a0<strong>D\u00eda Mundial de la Seguridad del Paciente<\/strong>\u00a0se celebra desde el 17 de septiembre del 2019 por acuerdo de la 72\u00ba Asamblea Mundial de la Salud, realizada en mayo de ese a\u00f1o.\u00a0<\/p>\n\n\n\n<p><strong>Las acciones esenciales para la seguridad del paciente son:\u00a0<\/strong><\/p>\n\n\n\n<p>1. Identificar correctamente al paciente.&nbsp;<br>2. Mejorar la comunicaci\u00f3n efectiva (\u00f3rdenes verbales, evaluaci\u00f3n de pacientes y telef\u00f3nicas)&nbsp;<br>3. Mejorar la seguridad de los medicamentos de alto riesgo&nbsp;<br>4. Seguridad en los procedimientos. Garantizar cirug\u00edas en el lugar correcto, con el procedimiento correcto y al paciente correcto&nbsp;<br>5. Reducir el riesgo de infecciones asociadas con la atenci\u00f3n m\u00e9dica&nbsp;<br>6. Reducir el riesgo de da\u00f1o al paciente por causas de ca\u00eddas&nbsp;<br>7. Registro y an\u00e1lisis de eventos centinela, eventos adversos y cuasi fallas.&nbsp;<br>8. Cultura de seguridad del paciente&nbsp;<\/p>\n\n\n\n<div style=\"height:15px\" aria-hidden=\"true\" class=\"wp-block-spacer\"><\/div>\n\n\n\n<h3 class=\"wp-block-heading\"><strong>Iluminaci\u00f3n de monumentos<\/strong><\/h3>\n\n\n\n<p>El&nbsp;<strong>color elegido para iluminar los monumentos es el naranja<\/strong>&nbsp;porque representa entusiasmo, alegr\u00eda y serenidad.&nbsp;<\/p>\n\n\n\n<p><\/p>\n\n\n\n<div style=\"height:15px\" aria-hidden=\"true\" class=\"wp-block-spacer\"><\/div>\n\n\n\n<h3 class=\"wp-block-heading\"><strong>Jornada de concientizaci\u00f3n en Plaza Congreso<\/strong><\/h3>\n\n\n\n<p>La iniciativa que se desarrolla en simult\u00e1neo en Washington y otras ciudades de Latinoam\u00e9rica se llevar\u00e1 a cabo en la&nbsp;<strong>Plaza del Congreso a las 17 horas<\/strong>.<\/p>\n\n\n\n<p>Lugar donde se plantar\u00e1n&nbsp;<strong>banderas naranjas<\/strong>&nbsp;(color simb\u00f3lico de la seguridad del paciente, elegido por la OMS) con los nombres de las v\u00edctimas del sistema de salud, las que quedar\u00e1n rodeadas por banderas blancas, con los nombres de los profesionales con compromiso por la seguridad de la asistencia sanitaria humana, segura y de calidad, que entienden como indispensable realizar cambios en el sistema para proteger a los pacientes y familias, tendientes a generar las condiciones para reducir los riesgos de errores asistenciales.<\/p>\n","protected":false},"excerpt":{"rendered":"<div class=\"mh-excerpt\">La Organizaci\u00f3n Mundial de la Salud (OMS) estableci\u00f3 el 17 de septiembre como D\u00eda Mundial de la Seguridad del Paciente, para recordar esta importante dimensi\u00f3n de la calidad asistencial. Con <a class=\"mh-excerpt-more\" href=\"https:\/\/www.comuna13online.com.ar\/?p=19324\" title=\"Iluminan monumentos y se plantan banderas por el D\u00eda Mundial de la Seguridad del Paciente\">[&#8230;]<\/a><\/div>\n","protected":false},"author":1,"featured_media":19325,"comment_status":"closed","ping_status":"closed","sticky":false,"template":"","format":"standard","meta":{"_uag_custom_page_level_css":"","_jetpack_memberships_contains_paid_content":false,"footnotes":"","jetpack_publicize_message":"","jetpack_publicize_feature_enabled":true,"jetpack_social_post_already_shared":true,"jetpack_social_options":{"image_generator_settings":{"template":"highway","default_image_id":0,"font":"","enabled":false},"version":2}},"categories":[26],"tags":[250,296,196],"class_list":{"0":"post-19324","1":"post","2":"type-post","3":"status-publish","4":"format-standard","5":"has-post-thumbnail","7":"category-interes-general","8":"tag-h2","9":"tag-h3","10":"tag-interes-general"},"jetpack_publicize_connections":[],"jetpack_featured_media_url":"https:\/\/www.comuna13online.com.ar\/wp-content\/uploads\/2024\/09\/20240917a_id.jpg","uagb_featured_image_src":{"full":["https:\/\/www.comuna13online.com.ar\/wp-content\/uploads\/2024\/09\/20240917a_id.jpg",678,381,false],"thumbnail":["https:\/\/www.comuna13online.com.ar\/wp-content\/uploads\/2024\/09\/20240917a_id.jpg",128,72,false],"medium":["https:\/\/www.comuna13online.com.ar\/wp-content\/uploads\/2024\/09\/20240917a_id.jpg",678,381,false],"medium_large":["https:\/\/www.comuna13online.com.ar\/wp-content\/uploads\/2024\/09\/20240917a_id.jpg",678,381,false],"large":["https:\/\/www.comuna13online.com.ar\/wp-content\/uploads\/2024\/09\/20240917a_id.jpg",678,381,false],"1536x1536":["https:\/\/www.comuna13online.com.ar\/wp-content\/uploads\/2024\/09\/20240917a_id.jpg",678,381,false],"2048x2048":["https:\/\/www.comuna13online.com.ar\/wp-content\/uploads\/2024\/09\/20240917a_id.jpg",678,381,false],"mh-magazine-slider":["https:\/\/www.comuna13online.com.ar\/wp-content\/uploads\/2024\/09\/20240917a_id.jpg",678,381,false],"mh-magazine-content":["https:\/\/www.comuna13online.com.ar\/wp-content\/uploads\/2024\/09\/20240917a_id.jpg",678,381,false],"mh-magazine-large":["https:\/\/www.comuna13online.com.ar\/wp-content\/uploads\/2024\/09\/20240917a_id.jpg",678,381,false],"mh-magazine-medium":["https:\/\/www.comuna13online.com.ar\/wp-content\/uploads\/2024\/09\/20240917a_id-326x245.jpg",326,245,true],"mh-magazine-small":["https:\/\/www.comuna13online.com.ar\/wp-content\/uploads\/2024\/09\/20240917a_id-80x60.jpg",80,60,true],"sow-carousel-default":["https:\/\/www.comuna13online.com.ar\/wp-content\/uploads\/2024\/09\/20240917a_id-272x182.jpg",272,182,true]},"uagb_author_info":{"display_name":"Comuna13","author_link":"https:\/\/www.comuna13online.com.ar\/?author=1"},"uagb_comment_info":0,"uagb_excerpt":"La Organizaci\u00f3n Mundial de la Salud (OMS) estableci\u00f3 el 17 de septiembre como D\u00eda Mundial de la Seguridad del Paciente, para recordar esta importante dimensi\u00f3n de la calidad asistencial. Con [...]","jetpack_sharing_enabled":true,"_links":{"self":[{"href":"https:\/\/www.comuna13online.com.ar\/index.php?rest_route=\/wp\/v2\/posts\/19324","targetHints":{"allow":["GET"]}}],"collection":[{"href":"https:\/\/www.comuna13online.com.ar\/index.php?rest_route=\/wp\/v2\/posts"}],"about":[{"href":"https:\/\/www.comuna13online.com.ar\/index.php?rest_route=\/wp\/v2\/types\/post"}],"author":[{"embeddable":true,"href":"https:\/\/www.comuna13online.com.ar\/index.php?rest_route=\/wp\/v2\/users\/1"}],"replies":[{"embeddable":true,"href":"https:\/\/www.comuna13online.com.ar\/index.php?rest_route=%2Fwp%2Fv2%2Fcomments&post=19324"}],"version-history":[{"count":0,"href":"https:\/\/www.comuna13online.com.ar\/index.php?rest_route=\/wp\/v2\/posts\/19324\/revisions"}],"wp:featuredmedia":[{"embeddable":true,"href":"https:\/\/www.comuna13online.com.ar\/index.php?rest_route=\/wp\/v2\/media\/19325"}],"wp:attachment":[{"href":"https:\/\/www.comuna13online.com.ar\/index.php?rest_route=%2Fwp%2Fv2%2Fmedia&parent=19324"}],"wp:term":[{"taxonomy":"category","embeddable":true,"href":"https:\/\/www.comuna13online.com.ar\/index.php?rest_route=%2Fwp%2Fv2%2Fcategories&post=19324"},{"taxonomy":"post_tag","embeddable":true,"href":"https:\/\/www.comuna13online.com.ar\/index.php?rest_route=%2Fwp%2Fv2%2Ftags&post=19324"}],"curies":[{"name":"wp","href":"https:\/\/api.w.org\/{rel}","templated":true}]}}