{"id":19313,"date":"2024-09-13T09:35:00","date_gmt":"2024-09-13T12:35:00","guid":{"rendered":"https:\/\/www.comuna13online.com.ar\/?p=19313"},"modified":"2024-09-11T18:39:28","modified_gmt":"2024-09-11T21:39:28","slug":"feria-sabe-tierra-este-fin-de-semana-en-la-comuna-13-2","status":"publish","type":"post","link":"https:\/\/www.comuna13online.com.ar\/?p=19313","title":{"rendered":"Feria Sabe Tierra este fin de semana en la Comuna 13"},"content":{"rendered":"\n<p><strong>La Feria de alimentos saludables provenientes directo de sus productores funcionar\u00e1 este s\u00e1bado en la Plaza Alberti (Arcos y Roosvelt)&nbsp;y en el Barrio Chino (Juramento y Virrey V\u00e9rtiz).<\/strong><\/p>\n\n\n\n<figure class=\"wp-block-image size-full\"><img loading=\"lazy\" decoding=\"async\" width=\"678\" height=\"452\" data-attachment-id=\"15888\" data-permalink=\"https:\/\/www.comuna13online.com.ar\/?attachment_id=15888\" data-orig-file=\"https:\/\/www.comuna13online.com.ar\/wp-content\/uploads\/2022\/08\/20220811a_01.jpg\" data-orig-size=\"678,452\" data-comments-opened=\"0\" data-image-meta=\"{&quot;aperture&quot;:&quot;0&quot;,&quot;credit&quot;:&quot;&quot;,&quot;camera&quot;:&quot;&quot;,&quot;caption&quot;:&quot;&quot;,&quot;created_timestamp&quot;:&quot;0&quot;,&quot;copyright&quot;:&quot;&quot;,&quot;focal_length&quot;:&quot;0&quot;,&quot;iso&quot;:&quot;0&quot;,&quot;shutter_speed&quot;:&quot;0&quot;,&quot;title&quot;:&quot;&quot;,&quot;orientation&quot;:&quot;0&quot;}\" data-image-title=\"20220811a_01\" data-image-description=\"\" data-image-caption=\"\" data-large-file=\"https:\/\/www.comuna13online.com.ar\/wp-content\/uploads\/2022\/08\/20220811a_01.jpg\" src=\"https:\/\/www.comuna13online.com.ar\/wp-content\/uploads\/2022\/08\/20220811a_01.jpg\" alt=\"\" class=\"wp-image-15888\" srcset=\"https:\/\/www.comuna13online.com.ar\/wp-content\/uploads\/2022\/08\/20220811a_01.jpg 678w, https:\/\/www.comuna13online.com.ar\/wp-content\/uploads\/2022\/08\/20220811a_01-272x182.jpg 272w\" sizes=\"auto, (max-width: 678px) 100vw, 678px\" \/><\/figure>\n\n\n\n<div style=\"height:15px\" aria-hidden=\"true\" class=\"wp-block-spacer\"><\/div>\n\n\n\n<p>Si eres vegano o simplemente te interesa el estilo de vida saludable, no te puedes perder la Feria Sabe la Tierra, que funcionar\u00e1 este s\u00e1bado 14 de septiembre de 11 a 19 horas en la Plaza Alberti <a href=\"https:\/\/www.google.com\/maps\/place\/Franklin+Delano+Roosevelt+%26+Arcos,+Cdad.+Aut%C3%B3noma+de+Buenos+Aires\/@-34.555706,-58.4578858,17z\/data=!3m1!4b1!4m6!3m5!1s0x95bcb42bf2ee3b7f:0xf40f9fb446b1274b!8m2!3d-34.555706!4d-58.4578858!16s%2Fg%2F11gdl8j95m?entry=ttu\" target=\"_blank\" rel=\"noreferrer noopener\">(F. Roosevelt y Arcos)<\/a>, o bien la capsula sustentable en el Barrio Chino, de 12 a 18 hs. en <a href=\"https:\/\/www.google.com\/maps\/place\/Av.+Virrey+V%C3%A9rtiz+%26+Av.+Juramento,+Cdad.+Aut%C3%B3noma+de+Buenos+Aires\/@-34.5583218,-58.4530231,17z\/data=!3m1!4b1!4m6!3m5!1s0x95bcb5cd46c2faab:0xaa588f84b346dcc5!8m2!3d-34.5583218!4d-58.4504482!16s%2Fg%2F11f62vlnm2?entry=ttu\" target=\"_blank\" rel=\"noreferrer noopener\">(Juramento y Virrey V\u00e9rtiz)<\/a>.<\/p>\n\n\n\n<div style=\"height:15px\" aria-hidden=\"true\" class=\"wp-block-spacer\"><\/div>\n\n\n\n<h3 class=\"wp-block-heading\">Sabe la Tierra<\/h3>\n\n\n\n<p>Sabe la Tierra se realiza de manera itinerante en parques y plazas, all\u00ed se ofrece comestibles -org\u00e1nicos e integrales- y objetos de dise\u00f1o en los barrios, para que los vecinos puedan comprar cerca de su barrio, a precios m\u00e1s econ\u00f3micos. La feria establece un v\u00ednculo entre los peque\u00f1os productores y los consumidores, generando un cambio de conciencia que conduzca a un estilo de vida alternativo.<\/p>\n\n\n\n<p>El evento es una iniciativa del Ministerio de Espacio P\u00fablico e Higiene Urbana, que busca promover el consumo de productos veganos, saludables y sustentables. Durante dos d\u00edas, los visitantes podr\u00e1n disfrutar de m\u00e1s de 40 emprendimientos de dise\u00f1o independiente, gastronom\u00eda y pasteler\u00eda al paso; as\u00ed como proyectos creativos y art\u00edsticos. Adem\u00e1s, habr\u00e1 charlas y talleres para disfrutar en familia.<\/p>\n\n\n\n<p>En el festival se podr\u00e1n encontrar puestos de comida variada, incluyendo sin TACC; pasteler\u00eda y caf\u00e9 de especialidad; panader\u00eda org\u00e1nica de masa madre; quesos veganos untables y de semillas; productos raw y super alimentos, entre otros. Tambi\u00e9n encontrar\u00e1n cosm\u00e9tica vegana y natural, as\u00ed como objetos para el cuidado y bienestar personal; junto a propuestas de dise\u00f1o para el hogar, art\u00edculos de limpieza biodegradables y mucho m\u00e1s.<\/p>\n\n\n\n<p><strong>La Feria Sabe Tierra es Pet friendly y la entrada es libre y gratuita, se suspende por lluvia.<\/strong><br><em>En todos los puestos aceptan Mercado Pago y tarjetas de d\u00e9bito<\/em><\/p>\n\n\n\n<p><\/p>\n\n\n\n<div style=\"height:20px\" aria-hidden=\"true\" class=\"wp-block-spacer\"><\/div>\n","protected":false},"excerpt":{"rendered":"<div class=\"mh-excerpt\">La Feria de alimentos saludables provenientes directo de sus productores funcionar\u00e1 este s\u00e1bado en la Plaza Alberti (Arcos y Roosvelt)&nbsp;y en el Barrio Chino (Juramento y Virrey V\u00e9rtiz). Si eres <a class=\"mh-excerpt-more\" href=\"https:\/\/www.comuna13online.com.ar\/?p=19313\" title=\"Feria Sabe Tierra este fin de semana en la Comuna 13\">[&#8230;]<\/a><\/div>\n","protected":false},"author":1,"featured_media":15887,"comment_status":"closed","ping_status":"closed","sticky":false,"template":"","format":"standard","meta":{"_uag_custom_page_level_css":"","_jetpack_memberships_contains_paid_content":false,"footnotes":"","jetpack_publicize_message":"","jetpack_publicize_feature_enabled":true,"jetpack_social_post_already_shared":true,"jetpack_social_options":{"image_generator_settings":{"template":"highway","default_image_id":0,"font":"","enabled":false},"version":2}},"categories":[220],"tags":[222,19,221,82,250,296,71],"class_list":{"0":"post-19313","1":"post","2":"type-post","3":"status-publish","4":"format-standard","5":"has-post-thumbnail","7":"category-ferias","8":"tag-alimentos","9":"tag-comuna-13","10":"tag-ferias","11":"tag-gastronomia","12":"tag-h2","13":"tag-h3","14":"tag-tiempo-libre"},"jetpack_publicize_connections":[],"jetpack_featured_media_url":"https:\/\/www.comuna13online.com.ar\/wp-content\/uploads\/2022\/08\/20220811a_id.jpg","uagb_featured_image_src":{"full":["https:\/\/www.comuna13online.com.ar\/wp-content\/uploads\/2022\/08\/20220811a_id.jpg",678,452,false],"thumbnail":["https:\/\/www.comuna13online.com.ar\/wp-content\/uploads\/2022\/08\/20220811a_id.jpg",128,85,false],"medium":["https:\/\/www.comuna13online.com.ar\/wp-content\/uploads\/2022\/08\/20220811a_id.jpg",678,452,false],"medium_large":["https:\/\/www.comuna13online.com.ar\/wp-content\/uploads\/2022\/08\/20220811a_id.jpg",678,452,false],"large":["https:\/\/www.comuna13online.com.ar\/wp-content\/uploads\/2022\/08\/20220811a_id.jpg",678,452,false],"1536x1536":["https:\/\/www.comuna13online.com.ar\/wp-content\/uploads\/2022\/08\/20220811a_id.jpg",678,452,false],"2048x2048":["https:\/\/www.comuna13online.com.ar\/wp-content\/uploads\/2022\/08\/20220811a_id.jpg",678,452,false],"mh-magazine-slider":["https:\/\/www.comuna13online.com.ar\/wp-content\/uploads\/2022\/08\/20220811a_id-678x438.jpg",678,438,true],"mh-magazine-content":["https:\/\/www.comuna13online.com.ar\/wp-content\/uploads\/2022\/08\/20220811a_id-678x381.jpg",678,381,true],"mh-magazine-large":["https:\/\/www.comuna13online.com.ar\/wp-content\/uploads\/2022\/08\/20220811a_id.jpg",678,452,false],"mh-magazine-medium":["https:\/\/www.comuna13online.com.ar\/wp-content\/uploads\/2022\/08\/20220811a_id-326x245.jpg",326,245,true],"mh-magazine-small":["https:\/\/www.comuna13online.com.ar\/wp-content\/uploads\/2022\/08\/20220811a_id-80x60.jpg",80,60,true],"sow-carousel-default":["https:\/\/www.comuna13online.com.ar\/wp-content\/uploads\/2022\/08\/20220811a_id-272x182.jpg",272,182,true]},"uagb_author_info":{"display_name":"Comuna13","author_link":"https:\/\/www.comuna13online.com.ar\/?author=1"},"uagb_comment_info":0,"uagb_excerpt":"La Feria de alimentos saludables provenientes directo de sus productores funcionar\u00e1 este s\u00e1bado en la Plaza Alberti (Arcos y Roosvelt)&nbsp;y en el Barrio Chino (Juramento y Virrey V\u00e9rtiz). Si eres [...]","jetpack_sharing_enabled":true,"_links":{"self":[{"href":"https:\/\/www.comuna13online.com.ar\/index.php?rest_route=\/wp\/v2\/posts\/19313","targetHints":{"allow":["GET"]}}],"collection":[{"href":"https:\/\/www.comuna13online.com.ar\/index.php?rest_route=\/wp\/v2\/posts"}],"about":[{"href":"https:\/\/www.comuna13online.com.ar\/index.php?rest_route=\/wp\/v2\/types\/post"}],"author":[{"embeddable":true,"href":"https:\/\/www.comuna13online.com.ar\/index.php?rest_route=\/wp\/v2\/users\/1"}],"replies":[{"embeddable":true,"href":"https:\/\/www.comuna13online.com.ar\/index.php?rest_route=%2Fwp%2Fv2%2Fcomments&post=19313"}],"version-history":[{"count":0,"href":"https:\/\/www.comuna13online.com.ar\/index.php?rest_route=\/wp\/v2\/posts\/19313\/revisions"}],"wp:featuredmedia":[{"embeddable":true,"href":"https:\/\/www.comuna13online.com.ar\/index.php?rest_route=\/wp\/v2\/media\/15887"}],"wp:attachment":[{"href":"https:\/\/www.comuna13online.com.ar\/index.php?rest_route=%2Fwp%2Fv2%2Fmedia&parent=19313"}],"wp:term":[{"taxonomy":"category","embeddable":true,"href":"https:\/\/www.comuna13online.com.ar\/index.php?rest_route=%2Fwp%2Fv2%2Fcategories&post=19313"},{"taxonomy":"post_tag","embeddable":true,"href":"https:\/\/www.comuna13online.com.ar\/index.php?rest_route=%2Fwp%2Fv2%2Ftags&post=19313"}],"curies":[{"name":"wp","href":"https:\/\/api.w.org\/{rel}","templated":true}]}}