{"id":19305,"date":"2024-09-11T18:29:46","date_gmt":"2024-09-11T21:29:46","guid":{"rendered":"https:\/\/www.comuna13online.com.ar\/?p=19305"},"modified":"2024-09-17T19:51:52","modified_gmt":"2024-09-17T22:51:52","slug":"el-gobierno-de-la-ciudad-inicio-la-campana-de-prevencion-contra-el-dengue","status":"publish","type":"post","link":"https:\/\/www.comuna13online.com.ar\/?p=19305","title":{"rendered":"El Gobierno de la Ciudad inici\u00f3 la campa\u00f1a de prevenci\u00f3n contra el dengue."},"content":{"rendered":"\n<p><strong>Se reforzar\u00e1n las medidas de prevenci\u00f3n y se realizar\u00e1n actividades de identificaci\u00f3n y eliminaci\u00f3n de posibles criaderos de mosquitos, adem\u00e1s, se avanzar\u00e1 con el plan de vacunaci\u00f3n de grupos prioritarios.<\/strong><\/p>\n\n\n\n<figure class=\"wp-block-image size-full\"><img loading=\"lazy\" decoding=\"async\" width=\"678\" height=\"452\" data-attachment-id=\"19308\" data-permalink=\"https:\/\/www.comuna13online.com.ar\/?attachment_id=19308\" data-orig-file=\"https:\/\/www.comuna13online.com.ar\/wp-content\/uploads\/2024\/09\/20240911a_01.jpg\" data-orig-size=\"678,452\" data-comments-opened=\"0\" data-image-meta=\"{&quot;aperture&quot;:&quot;0&quot;,&quot;credit&quot;:&quot;&quot;,&quot;camera&quot;:&quot;&quot;,&quot;caption&quot;:&quot;&quot;,&quot;created_timestamp&quot;:&quot;0&quot;,&quot;copyright&quot;:&quot;&quot;,&quot;focal_length&quot;:&quot;0&quot;,&quot;iso&quot;:&quot;0&quot;,&quot;shutter_speed&quot;:&quot;0&quot;,&quot;title&quot;:&quot;&quot;,&quot;orientation&quot;:&quot;0&quot;}\" data-image-title=\"20240911a_01\" data-image-description=\"\" data-image-caption=\"\" data-large-file=\"https:\/\/www.comuna13online.com.ar\/wp-content\/uploads\/2024\/09\/20240911a_01.jpg\" src=\"https:\/\/www.comuna13online.com.ar\/wp-content\/uploads\/2024\/09\/20240911a_01.jpg\" alt=\"\" class=\"wp-image-19308\" srcset=\"https:\/\/www.comuna13online.com.ar\/wp-content\/uploads\/2024\/09\/20240911a_01.jpg 678w, https:\/\/www.comuna13online.com.ar\/wp-content\/uploads\/2024\/09\/20240911a_01-272x182.jpg 272w\" sizes=\"auto, (max-width: 678px) 100vw, 678px\" \/><figcaption class=\"wp-element-caption\"><sup>Jorge Macri anunci\u00f3 que la Ciudad avanza con la campa\u00f1a integral de prevenci\u00f3n del dengue y el plan de vacunaci\u00f3n.<\/sup><\/figcaption><\/figure>\n\n\n\n<div style=\"height:20px\" aria-hidden=\"true\" class=\"wp-block-spacer\"><\/div>\n\n\n\n<p><\/p>\n\n\n\n<p>Epidemiol\u00f3gicamente, entre los meses de julio y septiembre se considera el mejor momento para eliminar los potenciales criaderos, en ese sentido, el Gobierno de la Ciudad lanz\u00f3 la campa\u00f1a integral de prevenci\u00f3n contra el dengue, que incluye acciones destinadas a detectar y controlar la proliferaci\u00f3n del mosquito que transmite el virus y es parte del plan anual de prevenci\u00f3n que lleva adelante el Ministerio de Salud porte\u00f1o.<\/p>\n\n\n\n<p><\/p>\n\n\n\n<p>Por otro lado, comienza la vacunaci\u00f3n contra el dengue, los turnos van a estar disponibles en la web del Ministerio de Salud y los vacunatorios van a funcionar en hospitales, Centros de Salud y puntos designados. Cabe recordar que la vacuna no reemplaza otras acciones de prevenci\u00f3n. Por eso se debe continuar con las acciones necesarias para reducir los lugares en los que podr\u00edan crecer las larvas del Aedes Aegypti.<\/p>\n\n\n\n<p><\/p>\n\n\n\n<p><em>\u201cCuando superamos el brote de dengue m\u00e1s grande de la historia, dijimos que \u00edbamos a aprovechar la experiencia para la pr\u00f3xima campa\u00f1a. Como Gobierno no nos corremos de nuestra responsabilidad y estamos preparados y trabajando, y tambi\u00e9n les pedimos a los vecinos un compromiso profundo porque el mosquito vive en las casas y tenemos que trabajar juntos para erradicarlo. Necesitamos el compromiso de todos los vecinos\u201d<\/em>, expres\u00f3 Jorge Macri durante el anuncio en el Hospital Mu\u00f1iz. Lo acompa\u00f1\u00f3 el ministro de Salud, Fern\u00e1n Quir\u00f3s.<\/p>\n\n\n\n<p><\/p>\n\n\n\n<div style=\"height:20px\" aria-hidden=\"true\" class=\"wp-block-spacer\"><\/div>\n<div align=\"center\">\n<blockquote class=\"twitter-tweet\"><p lang=\"es\" dir=\"ltr\">DENGUE: CAMPA\u00d1A INTEGRAL DE PREVENCI\u00d3N Y VACUNACI\u00d3N<br><br>Luego del \u00faltimo brote hist\u00f3rico de la enfermedad, adelantamos la campa\u00f1a de prevenci\u00f3n para hacerle frente al dengue en la Ciudad.<br><br>Este mes comenzamos con las acciones de prevenci\u00f3n para combatir y eliminar criaderos del\u2026 <a href=\"https:\/\/t.co\/nVz98mtevF\">pic.twitter.com\/nVz98mtevF<\/a><\/p>&mdash; Jorge Macri (@jorgemacri) <a href=\"https:\/\/twitter.com\/jorgemacri\/status\/1833495662878449769?ref_src=twsrc%5Etfw\">September 10, 2024<\/a><\/blockquote> <script async src=\"https:\/\/platform.twitter.com\/widgets.js\" charset=\"utf-8\"><\/script>\n<\/div>\n<div style=\"height:20px\" aria-hidden=\"true\" class=\"wp-block-spacer\"><\/div>\n\n\n\n<p>El Plan Integral de Prevenci\u00f3n, Control y Vigilancia de Enfermedades Transmitidas por Mosquitos (ETM) del Ministerio de Salud se divide en cuatro etapas: de julio a septiembre; de octubre a diciembre; enero a marzo; y de marzo a junio. En esta primera etapa, es vital llevar adelante trabajos de identificaci\u00f3n y eliminaci\u00f3n de posibles criaderos del mosquito as\u00ed como la colaboraci\u00f3n de los vecinos.<\/p>\n\n\n\n<p><\/p>\n\n\n\n<p>M\u00e1s tarde, entre octubre y diciembre, el refuerzo de los trabajos de descacharreo en las casas; en el verano, cuando el virus empieza a circular, es el momento de dar respuestas y de la asistencia sanitaria. Finalmente, entre febrero y junio, se implementa la red de atenci\u00f3n en todo el sistema de salud p\u00fablica.\u00a0<\/p>\n\n\n\n<p><\/p>\n\n\n\n<p>En cuanto a la vacunaci\u00f3n, el plan que llevar\u00e1 adelante el Ministerio de Salud porte\u00f1o comenzar\u00e1 el 18 de septiembre y se desarrollar\u00e1 de manera progresiva y en etapas, en consonancia con los lineamientos nacionales. En ese sentido, se avanzar\u00e1 primero con los adolescentes de 15 a 19; luego continuar\u00e1  paulatinamente con los j\u00f3venes de 20 a 29 a\u00f1os y, por \u00faltimo, con los adultos de 30 a 39 a\u00f1os. Los turnos estar\u00e1n disponibles en la p\u00e1gina web del <a href=\"https:\/\/buenosaires.gob.ar\/salud\" target=\"_blank\" rel=\"noreferrer noopener\">Ministerio de Salud de la Ciudad<\/a>.<\/p>\n\n\n\n<p>En total, habr\u00e1 12 vacunatorios, distribuidos en los distintos barrios de la Ciudad, incluyendo Hospitales, CeSACS, y postas extrahospitalarias.<\/p>\n\n\n\n<p><\/p>\n\n\n\n<p>El Gobierno trabaja en el espacio p\u00fablico para evitar que el mosquito se reproduzca, por otro lado, es necesario que los vecinos hagan el trabajo en sus casas, poner atenci\u00f3n en el descacharreo (objetos inservibles que puedan acumular agua), y tambi\u00e9n denunciar los posibles focos de reproducci\u00f3n del mosquito en el 147, a trav\u00e9s de BOTI (11 5050-0147) o en el link \u201cDenunci\u00e1 criadero\u201d.<\/p>\n\n\n\n<p><\/p>\n\n\n\n<div style=\"height:20px\" aria-hidden=\"true\" class=\"wp-block-spacer\"><\/div>\n\n\n\n<h3 class=\"wp-block-heading\">Prevenci\u00f3n<\/h3>\n\n\n\n<p><\/p>\n\n\n\n<p>La mejor forma de prevenir el dengue es aprender que&nbsp;\u00abSin criaderos no hay mosquitos. Sin mosquitos no hay enfermedades\u00bb. El lema es tan simple como contundente, evitando la&nbsp; proliferaci\u00f3n de la larva de mosquito disminuye considerablemente las chances de contagio de&nbsp; dengue y otras enfermedades transmitidas por el mosquito&nbsp;Aedes Aegypti, como la fiebre Chinkungunya, la enfermedad por virus Zika y la Fiebre Amarilla.<\/p>\n\n\n\n<p>El mosquito se cr\u00eda en recipientes con agua estancada que muchas veces no son de utilidad, como puede ser latas, botellas, neum\u00e1ticos, trozos de pl\u00e1stico y lona, bidones cortados, por eso la principal medida para evitar su propagaci\u00f3n es eliminarlos, sin mosquito no hay dengue&#8230; ni zika&nbsp;o chikungunya.<\/p>\n\n\n\n<p>Los elementos de uso diario como baldes, o palanganas se aconseja mantenerlos dados vuelta as\u00ed no acumulan agua y los de uso constante como los bebederos para mascotas hay lavarlos y cambiar el agua diariamente.<\/p>\n\n\n\n<p>Es imprescindible entender que la prevenci\u00f3n de estas enfermedades depende de nosotros, hay que concientizar a la sociedad que lo m\u00e1s importante es evitar la reproducci\u00f3n del mosquito y somos nosotros quienes tenemos que evitar que los huevos eclosionen&nbsp;para&nbsp;frenar su propagaci\u00f3n con \u00e9xito.<\/p>\n\n\n\n<div style=\"height:15px\" aria-hidden=\"true\" class=\"wp-block-spacer\"><\/div>\n\n\n\n<p><iframe loading=\"lazy\" src=\"https:\/\/www.youtube.com\/embed\/Knnj6gir1h8\" width=\"678\" height=\"381\" frameborder=\"0\" allowfullscreen=\"allowfullscreen\"><span data-mce-type=\"bookmark\" style=\"display: inline-block; width: 0px; overflow: hidden; line-height: 0;\" class=\"mce_SELRES_start\">\ufeff<\/span><\/iframe><\/p>\n\n\n\n<div style=\"height:15px\" aria-hidden=\"true\" class=\"wp-block-spacer\"><\/div>\n\n\n\n<p><strong>Como prevenir la cr\u00eda del mosquito:<\/strong><\/p>\n\n\n\n<ul class=\"wp-block-list\">\n<li>Eliminando todos los recipientes en desuso que puedan acumular agua (como latas, botellas, neum\u00e1ticos).<\/li>\n\n\n\n<li>Dando vuelta los objetos que se encuentran en el exterior y pueden acumular agua cuando llueve (baldes, palanganas, tambores).<\/li>\n\n\n\n<li>Cambiando el agua de bebederos de animales, colectores de desag\u00fces de aire acondicionado o lluvia, dentro y fuera de la casa, cada 3 d\u00edas. Record\u00e1 frotar las paredes de los recipientes con una esponja a fin de desprender los huevos de mosquito que puedan estar adheridos.<\/li>\n\n\n\n<li>Rellenando los floreros y portamacetas con arena h\u00fameda.<\/li>\n\n\n\n<li>Manteniendo los patios limpios y ordenados y los jardines desmalezados.<\/li>\n\n\n\n<li>Limpiando canaletas y desag\u00fces de lluvia de los techos.<\/li>\n\n\n\n<li>Tapando los tanques y recipientes que se usan para recolectar agua.<\/li>\n<\/ul>\n\n\n\n<p><strong>Para prevenir la picadura del mosquito:<\/strong><\/p>\n\n\n\n<ul class=\"wp-block-list\">\n<li>Usando siempre repelentes siguiendo cuidadosamente las recomendaciones del envase.<\/li>\n\n\n\n<li>Utilizando ropa clara que cubra los brazos y las piernas, especialmente durante las actividades al aire libre.<\/li>\n\n\n\n<li>Colocando mosquiteros en puertas y ventanas, y cuando sea posible usar ventiladores o aire acondicionado en la habitaciones.<\/li>\n\n\n\n<li>Protegiendo cunas y cochecitos de beb\u00e9s con telas mosquiteras.<\/li>\n\n\n\n<li>Utilizando repelentes ambientales como tabletas y espirales.<\/li>\n<\/ul>\n\n\n\n<p><\/p>\n\n\n\n<p><\/p>\n\n\n\n<p><\/p>\n\n\n\n<p><\/p>\n\n\n\n<p><\/p>\n\n\n\n<p><\/p>\n\n\n\n<p><\/p>\n","protected":false},"excerpt":{"rendered":"<div class=\"mh-excerpt\">Se reforzar\u00e1n las medidas de prevenci\u00f3n y se realizar\u00e1n actividades de identificaci\u00f3n y eliminaci\u00f3n de posibles criaderos de mosquitos, adem\u00e1s, se avanzar\u00e1 con el plan de vacunaci\u00f3n de grupos prioritarios. <a class=\"mh-excerpt-more\" href=\"https:\/\/www.comuna13online.com.ar\/?p=19305\" title=\"El Gobierno de la Ciudad inici\u00f3 la campa\u00f1a de prevenci\u00f3n contra el dengue.\">[&#8230;]<\/a><\/div>\n","protected":false},"author":1,"featured_media":19307,"comment_status":"closed","ping_status":"closed","sticky":false,"template":"","format":"standard","meta":{"_uag_custom_page_level_css":"","_jetpack_memberships_contains_paid_content":false,"footnotes":"","jetpack_publicize_message":"","jetpack_publicize_feature_enabled":true,"jetpack_social_post_already_shared":true,"jetpack_social_options":{"image_generator_settings":{"template":"highway","default_image_id":0,"font":"","enabled":false},"version":2}},"categories":[44],"tags":[250,296,316],"class_list":{"0":"post-19305","1":"post","2":"type-post","3":"status-publish","4":"format-standard","5":"has-post-thumbnail","7":"category-salud","8":"tag-h2","9":"tag-h3","10":"tag-macri"},"jetpack_publicize_connections":[],"jetpack_featured_media_url":"https:\/\/www.comuna13online.com.ar\/wp-content\/uploads\/2024\/09\/20240911a_id.jpg","uagb_featured_image_src":{"full":["https:\/\/www.comuna13online.com.ar\/wp-content\/uploads\/2024\/09\/20240911a_id.jpg",678,381,false],"thumbnail":["https:\/\/www.comuna13online.com.ar\/wp-content\/uploads\/2024\/09\/20240911a_id.jpg",128,72,false],"medium":["https:\/\/www.comuna13online.com.ar\/wp-content\/uploads\/2024\/09\/20240911a_id.jpg",678,381,false],"medium_large":["https:\/\/www.comuna13online.com.ar\/wp-content\/uploads\/2024\/09\/20240911a_id.jpg",678,381,false],"large":["https:\/\/www.comuna13online.com.ar\/wp-content\/uploads\/2024\/09\/20240911a_id.jpg",678,381,false],"1536x1536":["https:\/\/www.comuna13online.com.ar\/wp-content\/uploads\/2024\/09\/20240911a_id.jpg",678,381,false],"2048x2048":["https:\/\/www.comuna13online.com.ar\/wp-content\/uploads\/2024\/09\/20240911a_id.jpg",678,381,false],"mh-magazine-slider":["https:\/\/www.comuna13online.com.ar\/wp-content\/uploads\/2024\/09\/20240911a_id.jpg",678,381,false],"mh-magazine-content":["https:\/\/www.comuna13online.com.ar\/wp-content\/uploads\/2024\/09\/20240911a_id.jpg",678,381,false],"mh-magazine-large":["https:\/\/www.comuna13online.com.ar\/wp-content\/uploads\/2024\/09\/20240911a_id.jpg",678,381,false],"mh-magazine-medium":["https:\/\/www.comuna13online.com.ar\/wp-content\/uploads\/2024\/09\/20240911a_id-326x245.jpg",326,245,true],"mh-magazine-small":["https:\/\/www.comuna13online.com.ar\/wp-content\/uploads\/2024\/09\/20240911a_id-80x60.jpg",80,60,true],"sow-carousel-default":["https:\/\/www.comuna13online.com.ar\/wp-content\/uploads\/2024\/09\/20240911a_id-272x182.jpg",272,182,true]},"uagb_author_info":{"display_name":"Comuna13","author_link":"https:\/\/www.comuna13online.com.ar\/?author=1"},"uagb_comment_info":0,"uagb_excerpt":"Se reforzar\u00e1n las medidas de prevenci\u00f3n y se realizar\u00e1n actividades de identificaci\u00f3n y eliminaci\u00f3n de posibles criaderos de mosquitos, adem\u00e1s, se avanzar\u00e1 con el plan de vacunaci\u00f3n de grupos prioritarios. [...]","jetpack_sharing_enabled":true,"_links":{"self":[{"href":"https:\/\/www.comuna13online.com.ar\/index.php?rest_route=\/wp\/v2\/posts\/19305","targetHints":{"allow":["GET"]}}],"collection":[{"href":"https:\/\/www.comuna13online.com.ar\/index.php?rest_route=\/wp\/v2\/posts"}],"about":[{"href":"https:\/\/www.comuna13online.com.ar\/index.php?rest_route=\/wp\/v2\/types\/post"}],"author":[{"embeddable":true,"href":"https:\/\/www.comuna13online.com.ar\/index.php?rest_route=\/wp\/v2\/users\/1"}],"replies":[{"embeddable":true,"href":"https:\/\/www.comuna13online.com.ar\/index.php?rest_route=%2Fwp%2Fv2%2Fcomments&post=19305"}],"version-history":[{"count":0,"href":"https:\/\/www.comuna13online.com.ar\/index.php?rest_route=\/wp\/v2\/posts\/19305\/revisions"}],"wp:featuredmedia":[{"embeddable":true,"href":"https:\/\/www.comuna13online.com.ar\/index.php?rest_route=\/wp\/v2\/media\/19307"}],"wp:attachment":[{"href":"https:\/\/www.comuna13online.com.ar\/index.php?rest_route=%2Fwp%2Fv2%2Fmedia&parent=19305"}],"wp:term":[{"taxonomy":"category","embeddable":true,"href":"https:\/\/www.comuna13online.com.ar\/index.php?rest_route=%2Fwp%2Fv2%2Fcategories&post=19305"},{"taxonomy":"post_tag","embeddable":true,"href":"https:\/\/www.comuna13online.com.ar\/index.php?rest_route=%2Fwp%2Fv2%2Ftags&post=19305"}],"curies":[{"name":"wp","href":"https:\/\/api.w.org\/{rel}","templated":true}]}}