{"id":19272,"date":"2024-08-31T23:35:00","date_gmt":"2024-09-01T02:35:00","guid":{"rendered":"https:\/\/www.comuna13online.com.ar\/?p=19272"},"modified":"2024-09-03T10:57:44","modified_gmt":"2024-09-03T13:57:44","slug":"la-ciudad-adhirio-al-dia-nacional-de-la-persona-donante-de-organos","status":"publish","type":"post","link":"https:\/\/www.comuna13online.com.ar\/?p=19272","title":{"rendered":"La Ciudad adhiri\u00f3 al D\u00eda Nacional de la Persona Donante de \u00d3rganos"},"content":{"rendered":"\n<figure class=\"wp-block-image size-full\"><img loading=\"lazy\" decoding=\"async\" width=\"678\" height=\"452\" data-attachment-id=\"19275\" data-permalink=\"https:\/\/www.comuna13online.com.ar\/?attachment_id=19275\" data-orig-file=\"https:\/\/www.comuna13online.com.ar\/wp-content\/uploads\/2024\/09\/20240831a_01.jpg\" data-orig-size=\"678,452\" data-comments-opened=\"0\" data-image-meta=\"{&quot;aperture&quot;:&quot;0&quot;,&quot;credit&quot;:&quot;&quot;,&quot;camera&quot;:&quot;&quot;,&quot;caption&quot;:&quot;&quot;,&quot;created_timestamp&quot;:&quot;0&quot;,&quot;copyright&quot;:&quot;&quot;,&quot;focal_length&quot;:&quot;0&quot;,&quot;iso&quot;:&quot;0&quot;,&quot;shutter_speed&quot;:&quot;0&quot;,&quot;title&quot;:&quot;&quot;,&quot;orientation&quot;:&quot;0&quot;}\" data-image-title=\"20240831a_01\" data-image-description=\"\" data-image-caption=\"\" data-large-file=\"https:\/\/www.comuna13online.com.ar\/wp-content\/uploads\/2024\/09\/20240831a_01.jpg\" src=\"https:\/\/www.comuna13online.com.ar\/wp-content\/uploads\/2024\/09\/20240831a_01.jpg\" alt=\"\" class=\"wp-image-19275\" srcset=\"https:\/\/www.comuna13online.com.ar\/wp-content\/uploads\/2024\/09\/20240831a_01.jpg 678w, https:\/\/www.comuna13online.com.ar\/wp-content\/uploads\/2024\/09\/20240831a_01-272x182.jpg 272w\" sizes=\"auto, (max-width: 678px) 100vw, 678px\" \/><\/figure>\n\n\n\n<div style=\"height:20px\" aria-hidden=\"true\" class=\"wp-block-spacer\"><\/div>\n\n\n\n<p>El cuerpo legislativo porte\u00f1o aprob\u00f3 la adhesi\u00f3n a la Ley Nacional 27.575, que declara al 29 de agosto de cada a\u00f1o como el D\u00eda de la Persona Donante de \u00d3rganos.<\/p>\n\n\n\n<p><\/p>\n\n\n\n<p>En la sesi\u00f3n del 22 de agosto, Legisladores de la Ciudad de Buenos Aires aprobaron la adhesi\u00f3n a la Ley Nacional 27.575, que declara al 29 de agosto de cada a\u00f1o como el D\u00eda de la Persona Donante de \u00d3rganos. <\/p>\n\n\n\n<p><\/p>\n\n\n\n<p>En ese marco, la Legislatura organiz\u00f3 una jornada institucional conjunta con la Direcci\u00f3n General de Asistencia a la V\u00edctima del Ministerio de Justicia de la Ciudad de Buenos Aires, en conmemoraci\u00f3n a la adhesi\u00f3n de la Ciudad a la Ley Nacional 27.575 sobre la persona donante.<\/p>\n\n\n\n<p><\/p>\n\n\n\n<p>El acto se llev\u00f3 a cabo en el Sal\u00f3n Dorado del Palacio Legislativo y cont\u00f3 con la presencia de la diputada Patricia Glize, quien propuso la iniciativa, impulsada tambi\u00e9n desde el Ministerio de Justicia de la Ciudad, que conduce Gabino Tapia, tambi\u00e9n presente en el acto. Este proyecto se convirti\u00f3 en Ley la semana pasada y declara al 29 de agosto de cada a\u00f1o como el D\u00eda de la Persona Donante de \u00d3rganos, como consecuencia de la adhesi\u00f3n a la Ley Nacional 27.575.<\/p>\n\n\n\n<p><\/p>\n\n\n\n<p><em>\u201cEs una efem\u00e9ride que se instala como una oportunidad para hablar con los ni\u00f1os sobre la decisi\u00f3n de ser donantes y homenajear a todos ellos\u201d<\/em> destac\u00f3 Glize, quien estuvo acompa\u00f1ada del Ministro de Justicia de la Ciudad, Gabino Tapia y juntos remarcaron en sus discursos que la adhesi\u00f3n fue votada por unanimidad, destacando el acompa\u00f1amiento de todo el arco pol\u00edtico.<\/p>\n\n\n\n<p><\/p>\n\n\n\n<p>Dicha norma fue promulgada en conmemoraci\u00f3n de los 20 a\u00f1os del fallecimiento de Antonella Trivisonno, una ni\u00f1a de casi 7 a\u00f1os de edad que perdi\u00f3 la vida en un tr\u00e1gico siniestro vial en la Ciudad de Rosario. Su familia pelea activamente desde ese suceso por la donaci\u00f3n de \u00f3rganos. Por eso, tambi\u00e9n fue homenajeada la familia de Antonela, representada por Silvia y Alejandro Trivisonno; y tambi\u00e9n estuvo presente Silvia Irigaray.<\/p>\n\n\n\n<p><\/p>\n\n\n\n<p><em>\u201cLa adhesi\u00f3n nos permite poner estos temas arriba de la mesa y nos permite generar una agenda; concientizando la importancia que tiene no solo el hecho de donar, sino sobre todo resaltar a quien dona y a la familia que est\u00e1 por detr\u00e1s\u201d<\/em> describi\u00f3 Tapia durante el evento, del que tambi\u00e9n participaron el Presidente del Instituto de Trasplante del Ministerio de Salud, Dr. Fernando Cichero, la Subsecretaria de Planificaci\u00f3n Administrativa de la LEgislatura, Laura Sotillo y la Directora General de Asistencia a la V\u00edctima, Felicitas de Lasa.<\/p>\n\n\n\n<div style=\"height:15px\" aria-hidden=\"true\" class=\"wp-block-spacer\"><\/div>\n\n\n\n<figure class=\"wp-block-image size-full\"><img loading=\"lazy\" decoding=\"async\" width=\"678\" height=\"452\" data-attachment-id=\"19274\" data-permalink=\"https:\/\/www.comuna13online.com.ar\/?attachment_id=19274\" data-orig-file=\"https:\/\/www.comuna13online.com.ar\/wp-content\/uploads\/2024\/09\/20240831a_02.jpg\" data-orig-size=\"678,452\" data-comments-opened=\"0\" data-image-meta=\"{&quot;aperture&quot;:&quot;0&quot;,&quot;credit&quot;:&quot;&quot;,&quot;camera&quot;:&quot;&quot;,&quot;caption&quot;:&quot;&quot;,&quot;created_timestamp&quot;:&quot;0&quot;,&quot;copyright&quot;:&quot;&quot;,&quot;focal_length&quot;:&quot;0&quot;,&quot;iso&quot;:&quot;0&quot;,&quot;shutter_speed&quot;:&quot;0&quot;,&quot;title&quot;:&quot;&quot;,&quot;orientation&quot;:&quot;0&quot;}\" data-image-title=\"20240831a_02\" data-image-description=\"\" data-image-caption=\"\" data-large-file=\"https:\/\/www.comuna13online.com.ar\/wp-content\/uploads\/2024\/09\/20240831a_02.jpg\" src=\"https:\/\/www.comuna13online.com.ar\/wp-content\/uploads\/2024\/09\/20240831a_02.jpg\" alt=\"\" class=\"wp-image-19274\" srcset=\"https:\/\/www.comuna13online.com.ar\/wp-content\/uploads\/2024\/09\/20240831a_02.jpg 678w, https:\/\/www.comuna13online.com.ar\/wp-content\/uploads\/2024\/09\/20240831a_02-272x182.jpg 272w\" sizes=\"auto, (max-width: 678px) 100vw, 678px\" \/><\/figure>\n\n\n\n<div style=\"height:15px\" aria-hidden=\"true\" class=\"wp-block-spacer\"><\/div>\n\n\n\n<p>El proyecto tiene como prop\u00f3sito honrar el compromiso con el altruismo y la capacidad de dar a otros la posibilidad de vivir, en recuerdo de Antonella y la decisi\u00f3n de su familia en su d\u00eda m\u00e1s triste, y en ella, a todas las personas o familias que han tomado la decisi\u00f3n de donar sus \u00f3rganos o los de sus seres queridos.<\/p>\n\n\n\n<p><\/p>\n\n\n\n<p>El presente proyecto de ley surge como una propuesta de la Direcci\u00f3n General de Asistencia a la V\u00edctima de la Secretar\u00eda de Justicia, dependiente del Ministerio de Justicia del Gobierno de la Ciudad de Buenos Aires, con el objetivo que la Ciudad Aut\u00f3noma de Buenos Aires adhiera a la Ley Nacional 27.575, sancionada el d\u00eda 5 de noviembre de 2020 y publicada en el Bolet\u00edn Nacional del d\u00eda 26 de noviembre del mismo a\u00f1o.<\/p>\n\n\n\n<p><\/p>\n","protected":false},"excerpt":{"rendered":"<div class=\"mh-excerpt\">El cuerpo legislativo porte\u00f1o aprob\u00f3 la adhesi\u00f3n a la Ley Nacional 27.575, que declara al 29 de agosto de cada a\u00f1o como el D\u00eda de la Persona Donante de \u00d3rganos. <a class=\"mh-excerpt-more\" href=\"https:\/\/www.comuna13online.com.ar\/?p=19272\" title=\"La Ciudad adhiri\u00f3 al D\u00eda Nacional de la Persona Donante de \u00d3rganos\">[&#8230;]<\/a><\/div>\n","protected":false},"author":1,"featured_media":19281,"comment_status":"closed","ping_status":"closed","sticky":false,"template":"","format":"standard","meta":{"_uag_custom_page_level_css":"","_jetpack_memberships_contains_paid_content":false,"footnotes":"","jetpack_publicize_message":"","jetpack_publicize_feature_enabled":true,"jetpack_social_post_already_shared":true,"jetpack_social_options":{"image_generator_settings":{"template":"highway","default_image_id":0,"font":"","enabled":false},"version":2}},"categories":[21],"tags":[250,296,7],"class_list":{"0":"post-19272","1":"post","2":"type-post","3":"status-publish","4":"format-standard","5":"has-post-thumbnail","7":"category-legislatura","8":"tag-h2","9":"tag-h3","10":"tag-legislatura"},"jetpack_publicize_connections":[],"jetpack_featured_media_url":"https:\/\/www.comuna13online.com.ar\/wp-content\/uploads\/2024\/08\/20240831a_id.jpg","uagb_featured_image_src":{"full":["https:\/\/www.comuna13online.com.ar\/wp-content\/uploads\/2024\/08\/20240831a_id.jpg",678,381,false],"thumbnail":["https:\/\/www.comuna13online.com.ar\/wp-content\/uploads\/2024\/08\/20240831a_id.jpg",128,72,false],"medium":["https:\/\/www.comuna13online.com.ar\/wp-content\/uploads\/2024\/08\/20240831a_id.jpg",678,381,false],"medium_large":["https:\/\/www.comuna13online.com.ar\/wp-content\/uploads\/2024\/08\/20240831a_id.jpg",678,381,false],"large":["https:\/\/www.comuna13online.com.ar\/wp-content\/uploads\/2024\/08\/20240831a_id.jpg",678,381,false],"1536x1536":["https:\/\/www.comuna13online.com.ar\/wp-content\/uploads\/2024\/08\/20240831a_id.jpg",678,381,false],"2048x2048":["https:\/\/www.comuna13online.com.ar\/wp-content\/uploads\/2024\/08\/20240831a_id.jpg",678,381,false],"mh-magazine-slider":["https:\/\/www.comuna13online.com.ar\/wp-content\/uploads\/2024\/08\/20240831a_id.jpg",678,381,false],"mh-magazine-content":["https:\/\/www.comuna13online.com.ar\/wp-content\/uploads\/2024\/08\/20240831a_id.jpg",678,381,false],"mh-magazine-large":["https:\/\/www.comuna13online.com.ar\/wp-content\/uploads\/2024\/08\/20240831a_id.jpg",678,381,false],"mh-magazine-medium":["https:\/\/www.comuna13online.com.ar\/wp-content\/uploads\/2024\/08\/20240831a_id-326x245.jpg",326,245,true],"mh-magazine-small":["https:\/\/www.comuna13online.com.ar\/wp-content\/uploads\/2024\/08\/20240831a_id-80x60.jpg",80,60,true],"sow-carousel-default":["https:\/\/www.comuna13online.com.ar\/wp-content\/uploads\/2024\/08\/20240831a_id-272x182.jpg",272,182,true]},"uagb_author_info":{"display_name":"Comuna13","author_link":"https:\/\/www.comuna13online.com.ar\/?author=1"},"uagb_comment_info":0,"uagb_excerpt":"El cuerpo legislativo porte\u00f1o aprob\u00f3 la adhesi\u00f3n a la Ley Nacional 27.575, que declara al 29 de agosto de cada a\u00f1o como el D\u00eda de la Persona Donante de \u00d3rganos. [...]","jetpack_sharing_enabled":true,"_links":{"self":[{"href":"https:\/\/www.comuna13online.com.ar\/index.php?rest_route=\/wp\/v2\/posts\/19272","targetHints":{"allow":["GET"]}}],"collection":[{"href":"https:\/\/www.comuna13online.com.ar\/index.php?rest_route=\/wp\/v2\/posts"}],"about":[{"href":"https:\/\/www.comuna13online.com.ar\/index.php?rest_route=\/wp\/v2\/types\/post"}],"author":[{"embeddable":true,"href":"https:\/\/www.comuna13online.com.ar\/index.php?rest_route=\/wp\/v2\/users\/1"}],"replies":[{"embeddable":true,"href":"https:\/\/www.comuna13online.com.ar\/index.php?rest_route=%2Fwp%2Fv2%2Fcomments&post=19272"}],"version-history":[{"count":0,"href":"https:\/\/www.comuna13online.com.ar\/index.php?rest_route=\/wp\/v2\/posts\/19272\/revisions"}],"wp:featuredmedia":[{"embeddable":true,"href":"https:\/\/www.comuna13online.com.ar\/index.php?rest_route=\/wp\/v2\/media\/19281"}],"wp:attachment":[{"href":"https:\/\/www.comuna13online.com.ar\/index.php?rest_route=%2Fwp%2Fv2%2Fmedia&parent=19272"}],"wp:term":[{"taxonomy":"category","embeddable":true,"href":"https:\/\/www.comuna13online.com.ar\/index.php?rest_route=%2Fwp%2Fv2%2Fcategories&post=19272"},{"taxonomy":"post_tag","embeddable":true,"href":"https:\/\/www.comuna13online.com.ar\/index.php?rest_route=%2Fwp%2Fv2%2Ftags&post=19272"}],"curies":[{"name":"wp","href":"https:\/\/api.w.org\/{rel}","templated":true}]}}