{"id":19156,"date":"2024-08-01T06:33:00","date_gmt":"2024-08-01T09:33:00","guid":{"rendered":"https:\/\/www.comuna13online.com.ar\/?p=19156"},"modified":"2024-08-06T18:43:34","modified_gmt":"2024-08-06T21:43:34","slug":"belgrano-dos-detenidos-por-circular-en-auto-con-pedido-de-secuestro","status":"publish","type":"post","link":"https:\/\/www.comuna13online.com.ar\/?p=19156","title":{"rendered":"Belgrano: Dos detenidos por circular en auto con pedido de secuestro"},"content":{"rendered":"\n<p><strong>La Polic\u00eda de la Ciudad detuvo a dos hombres de 35 y 39 a\u00f1os que viajaban a bordo de un Toyota Corola que contaba con pedido de secuestro por robo.<\/strong><\/p>\n\n\n\n<figure class=\"wp-block-image size-full\"><img loading=\"lazy\" decoding=\"async\" width=\"678\" height=\"381\" data-attachment-id=\"19158\" data-permalink=\"https:\/\/www.comuna13online.com.ar\/?attachment_id=19158\" data-orig-file=\"https:\/\/www.comuna13online.com.ar\/wp-content\/uploads\/2024\/08\/20240801b_01.jpg\" data-orig-size=\"678,381\" data-comments-opened=\"0\" data-image-meta=\"{&quot;aperture&quot;:&quot;0&quot;,&quot;credit&quot;:&quot;&quot;,&quot;camera&quot;:&quot;&quot;,&quot;caption&quot;:&quot;&quot;,&quot;created_timestamp&quot;:&quot;0&quot;,&quot;copyright&quot;:&quot;&quot;,&quot;focal_length&quot;:&quot;0&quot;,&quot;iso&quot;:&quot;0&quot;,&quot;shutter_speed&quot;:&quot;0&quot;,&quot;title&quot;:&quot;&quot;,&quot;orientation&quot;:&quot;0&quot;}\" data-image-title=\"20240801b_01\" data-image-description=\"\" data-image-caption=\"\" data-large-file=\"https:\/\/www.comuna13online.com.ar\/wp-content\/uploads\/2024\/08\/20240801b_01.jpg\" src=\"https:\/\/www.comuna13online.com.ar\/wp-content\/uploads\/2024\/08\/20240801b_01.jpg\" alt=\"\" class=\"wp-image-19158\"\/><\/figure>\n\n\n\n<div style=\"height:20px\" aria-hidden=\"true\" class=\"wp-block-spacer\"><\/div>\n\n\n\n<p>Personal de la Divisi\u00f3n Investigaciones Comunales 13 que se encontraba recorriendo la zona del Barrio Chino, al llegar a la intersecci\u00f3n de la avenida Del Libertador y la calle Mendoza, observ\u00f3 un rodado con irregularidades en las letras y n\u00fameros de la patente.<\/p>\n\n\n\n<p>R\u00e1pidamente, los oficiales procedieron a detener la marcha del autom\u00f3vil e identificar a sus ocupantes: uno de ellos contaba con antecedentes por hechos de robo a mano armada. Ninguno de ellos contaba con la documentaci\u00f3n del veh\u00edculo.<\/p>\n\n\n\n<p>Los efectivos requisaron el auto y encontraron, bajo el asiento del acompa\u00f1ante, un bolso negro que conten\u00eda en su interior una r\u00e9plica de pistola Glock, 4 celulares y documentaci\u00f3n ap\u00f3crifa del rodado.<\/p>\n\n\n\n<p>Tras consultar, las autoridades corroboraron que el Toyota contaba con pedido de secuestro activo con fecha de agosto del 2023 por robo solicitado por la Comisar\u00eda 7\u00aa de Lan\u00fas Oeste.<\/p>\n\n\n\n<p>El Juzgado Federal N\u00ba4 a cargo del Dr. Lijo ante la Secretar\u00eda N\u00ba7 del Dr. Arce, aval\u00f3 lo actuado por el personal policial y orden\u00f3 la detenci\u00f3n y el traslado de los imputados a la sede policial correspondiente.<\/p>\n\n\n\n<p>Se labraron actuaciones por \u201cfalsificaci\u00f3n de documento p\u00fablico, portaci\u00f3n ilegal de arma no convencional y encubrimiento\u201d.<\/p>\n\n\n\n<div style=\"height:20px\" aria-hidden=\"true\" class=\"wp-block-spacer\"><\/div>\n\n\n\n<figure class=\"wp-block-image size-full\"><img loading=\"lazy\" decoding=\"async\" width=\"678\" height=\"452\" data-attachment-id=\"19159\" data-permalink=\"https:\/\/www.comuna13online.com.ar\/?attachment_id=19159\" data-orig-file=\"https:\/\/www.comuna13online.com.ar\/wp-content\/uploads\/2024\/08\/20240801b_02.jpg\" data-orig-size=\"678,452\" data-comments-opened=\"0\" data-image-meta=\"{&quot;aperture&quot;:&quot;0&quot;,&quot;credit&quot;:&quot;&quot;,&quot;camera&quot;:&quot;&quot;,&quot;caption&quot;:&quot;&quot;,&quot;created_timestamp&quot;:&quot;0&quot;,&quot;copyright&quot;:&quot;&quot;,&quot;focal_length&quot;:&quot;0&quot;,&quot;iso&quot;:&quot;0&quot;,&quot;shutter_speed&quot;:&quot;0&quot;,&quot;title&quot;:&quot;&quot;,&quot;orientation&quot;:&quot;0&quot;}\" data-image-title=\"20240801b_02\" data-image-description=\"\" data-image-caption=\"\" data-large-file=\"https:\/\/www.comuna13online.com.ar\/wp-content\/uploads\/2024\/08\/20240801b_02.jpg\" src=\"https:\/\/www.comuna13online.com.ar\/wp-content\/uploads\/2024\/08\/20240801b_02.jpg\" alt=\"\" class=\"wp-image-19159\" srcset=\"https:\/\/www.comuna13online.com.ar\/wp-content\/uploads\/2024\/08\/20240801b_02.jpg 678w, https:\/\/www.comuna13online.com.ar\/wp-content\/uploads\/2024\/08\/20240801b_02-272x182.jpg 272w\" sizes=\"auto, (max-width: 678px) 100vw, 678px\" \/><\/figure>\n","protected":false},"excerpt":{"rendered":"<div class=\"mh-excerpt\">La Polic\u00eda de la Ciudad detuvo a dos hombres de 35 y 39 a\u00f1os que viajaban a bordo de un Toyota Corola que contaba con pedido de secuestro por robo. <a class=\"mh-excerpt-more\" href=\"https:\/\/www.comuna13online.com.ar\/?p=19156\" title=\"Belgrano: Dos detenidos por circular en auto con pedido de secuestro\">[&#8230;]<\/a><\/div>\n","protected":false},"author":1,"featured_media":19157,"comment_status":"closed","ping_status":"closed","sticky":false,"template":"","format":"standard","meta":{"_uag_custom_page_level_css":"","_jetpack_memberships_contains_paid_content":false,"footnotes":"","jetpack_publicize_message":"","jetpack_publicize_feature_enabled":true,"jetpack_social_post_already_shared":true,"jetpack_social_options":{"image_generator_settings":{"template":"highway","default_image_id":0,"font":"","enabled":false},"version":2}},"categories":[186],"tags":[19,250,296,188,17],"class_list":{"0":"post-19156","1":"post","2":"type-post","3":"status-publish","4":"format-standard","5":"has-post-thumbnail","7":"category-policiales","8":"tag-comuna-13","9":"tag-h2","10":"tag-h3","11":"tag-policiales","12":"tag-seguridad"},"jetpack_publicize_connections":[],"jetpack_featured_media_url":"https:\/\/www.comuna13online.com.ar\/wp-content\/uploads\/2024\/08\/20240801b_id.jpg","uagb_featured_image_src":{"full":["https:\/\/www.comuna13online.com.ar\/wp-content\/uploads\/2024\/08\/20240801b_id.jpg",678,381,false],"thumbnail":["https:\/\/www.comuna13online.com.ar\/wp-content\/uploads\/2024\/08\/20240801b_id.jpg",128,72,false],"medium":["https:\/\/www.comuna13online.com.ar\/wp-content\/uploads\/2024\/08\/20240801b_id.jpg",678,381,false],"medium_large":["https:\/\/www.comuna13online.com.ar\/wp-content\/uploads\/2024\/08\/20240801b_id.jpg",678,381,false],"large":["https:\/\/www.comuna13online.com.ar\/wp-content\/uploads\/2024\/08\/20240801b_id.jpg",678,381,false],"1536x1536":["https:\/\/www.comuna13online.com.ar\/wp-content\/uploads\/2024\/08\/20240801b_id.jpg",678,381,false],"2048x2048":["https:\/\/www.comuna13online.com.ar\/wp-content\/uploads\/2024\/08\/20240801b_id.jpg",678,381,false],"mh-magazine-slider":["https:\/\/www.comuna13online.com.ar\/wp-content\/uploads\/2024\/08\/20240801b_id.jpg",678,381,false],"mh-magazine-content":["https:\/\/www.comuna13online.com.ar\/wp-content\/uploads\/2024\/08\/20240801b_id.jpg",678,381,false],"mh-magazine-large":["https:\/\/www.comuna13online.com.ar\/wp-content\/uploads\/2024\/08\/20240801b_id.jpg",678,381,false],"mh-magazine-medium":["https:\/\/www.comuna13online.com.ar\/wp-content\/uploads\/2024\/08\/20240801b_id-326x245.jpg",326,245,true],"mh-magazine-small":["https:\/\/www.comuna13online.com.ar\/wp-content\/uploads\/2024\/08\/20240801b_id-80x60.jpg",80,60,true],"sow-carousel-default":["https:\/\/www.comuna13online.com.ar\/wp-content\/uploads\/2024\/08\/20240801b_id-272x182.jpg",272,182,true]},"uagb_author_info":{"display_name":"Comuna13","author_link":"https:\/\/www.comuna13online.com.ar\/?author=1"},"uagb_comment_info":0,"uagb_excerpt":"La Polic\u00eda de la Ciudad detuvo a dos hombres de 35 y 39 a\u00f1os que viajaban a bordo de un Toyota Corola que contaba con pedido de secuestro por robo. [...]","jetpack_sharing_enabled":true,"_links":{"self":[{"href":"https:\/\/www.comuna13online.com.ar\/index.php?rest_route=\/wp\/v2\/posts\/19156","targetHints":{"allow":["GET"]}}],"collection":[{"href":"https:\/\/www.comuna13online.com.ar\/index.php?rest_route=\/wp\/v2\/posts"}],"about":[{"href":"https:\/\/www.comuna13online.com.ar\/index.php?rest_route=\/wp\/v2\/types\/post"}],"author":[{"embeddable":true,"href":"https:\/\/www.comuna13online.com.ar\/index.php?rest_route=\/wp\/v2\/users\/1"}],"replies":[{"embeddable":true,"href":"https:\/\/www.comuna13online.com.ar\/index.php?rest_route=%2Fwp%2Fv2%2Fcomments&post=19156"}],"version-history":[{"count":0,"href":"https:\/\/www.comuna13online.com.ar\/index.php?rest_route=\/wp\/v2\/posts\/19156\/revisions"}],"wp:featuredmedia":[{"embeddable":true,"href":"https:\/\/www.comuna13online.com.ar\/index.php?rest_route=\/wp\/v2\/media\/19157"}],"wp:attachment":[{"href":"https:\/\/www.comuna13online.com.ar\/index.php?rest_route=%2Fwp%2Fv2%2Fmedia&parent=19156"}],"wp:term":[{"taxonomy":"category","embeddable":true,"href":"https:\/\/www.comuna13online.com.ar\/index.php?rest_route=%2Fwp%2Fv2%2Fcategories&post=19156"},{"taxonomy":"post_tag","embeddable":true,"href":"https:\/\/www.comuna13online.com.ar\/index.php?rest_route=%2Fwp%2Fv2%2Ftags&post=19156"}],"curies":[{"name":"wp","href":"https:\/\/api.w.org\/{rel}","templated":true}]}}