{"id":19065,"date":"2024-07-08T10:55:22","date_gmt":"2024-07-08T13:55:22","guid":{"rendered":"https:\/\/www.comuna13online.com.ar\/?p=19065"},"modified":"2024-07-08T10:55:37","modified_gmt":"2024-07-08T13:55:37","slug":"cortes-de-transito-por-los-festejos-del-dia-de-la-independencia","status":"publish","type":"post","link":"https:\/\/www.comuna13online.com.ar\/?p=19065","title":{"rendered":"Cortes de tr\u00e1nsito por los festejos del D\u00eda de la Independencia"},"content":{"rendered":"\n<p>Este 9 de julio se realizar\u00e1 el desfile militar para festejar la Independencia argentina. Se desplazar\u00e1 por avenida Del Libertador hasta llegar a Olleros. Habra cortes parciales y cierre de calles en la zona.<\/p>\n\n\n\n<p>De&nbsp;<strong>5 a 15<\/strong>&nbsp;habr\u00e1 circulaci\u00f3n restringida en el per\u00edmetro comprendido entre:<\/p>\n\n\n\n<p>&nbsp;\u25cf Austria.<br>&nbsp;\u25cf Av. Pres. Figueroa Alcorta.<br>&nbsp;\u25cf San Mart\u00edn.<br>&nbsp;\u25cf Av. Del Libertador.<br>&nbsp;\u25cf Juncal.<br>&nbsp;\u25cf Av. Gral. Las Heras.<\/p>\n\n\n\n<p>De&nbsp;<strong>7 a 15<\/strong>&nbsp;circulaci\u00f3n restringida en el per\u00edmetro comprendido entre:<\/p>\n\n\n\n<p>&nbsp;\u25cf Austria.<br>&nbsp;\u25cf Av. Pres. Figueroa Alcorta.<br>&nbsp;\u25cf Av. Dorrego.<br>&nbsp;\u25cf Av. Del Libertador.<br>&nbsp;\u25cf Av. Olleros.<br>&nbsp;\u25cf Migueletes.<br>&nbsp;\u25cf Ortega y Gasset.<br>&nbsp;\u25cf Arce.<br>&nbsp;\u25cf Andr\u00e9s Arguibel.<br>&nbsp;\u25cf B\u00e1ez.<br>&nbsp;\u25cf Clay.<br>&nbsp;\u25cf Av. Luis Mar\u00eda Campos.<br>&nbsp;\u25cf Av. Santa Fe.<br>&nbsp;\u25cf Av. Las Heras.<\/p>\n\n\n\n<p>De&nbsp;<strong>7 a 10<\/strong>, circulaci\u00f3n restringida en el per\u00edmetro comprendido entre:<\/p>\n\n\n\n<p>&nbsp;\u25cf San Mart\u00edn.<br>&nbsp;\u25cf Av. Eduardo Madero\/av. Ing. Huergo.<br>&nbsp;\u25cf Av. Belgrano.<br>&nbsp;\u25cf Piedras.<br>&nbsp;\u25cf Tte. Gral. Juan Domingo Per\u00f3n.<br>&nbsp;\u25cf 25 de Mayo.<br>&nbsp;\u25cf Av. C\u00f3rdoba.<br>&nbsp;\u25cf Reconquista.<\/p>\n\n\n\n<p>Cierres en la autopista Illia:<\/p>\n\n\n\n<p>&nbsp;\u25cf Bajada AU. Illia hacia Av. Del Libertador. De 5 a 15 horas. Se desv\u00eda el tr\u00e1nsito hacia la Av. 9 de julio<br>&nbsp;\u25cf Bajada AU. Illia a Sarmiento. De 5 a 14:30.<br>&nbsp;\u25cf Bajada AU. Illia hacia Dorrego. De 5 a 14:30.<br>&nbsp;\u25cf Bajada AU. Illia hacia Sarmiento (retome hacia el Planetario). De 5 a 14:30.<br>&nbsp;\u25cf Por Salguero: subida obligatoria a AU. Illia. O retome por Costanera\/Aeroparque<br>&nbsp;\u25cf Por bajada Sarmiento: solo salida a Aeroparque.<\/p>\n\n\n\n<p>El Metrobus 9 de Julio estar\u00e1 habilitado en todo momento.<\/p>\n\n\n\n<div style=\"height:20px\" aria-hidden=\"true\" class=\"wp-block-spacer\"><\/div>\n\n\n\n<figure class=\"wp-block-image size-full\"><img loading=\"lazy\" decoding=\"async\" width=\"1266\" height=\"1280\" data-attachment-id=\"19066\" data-permalink=\"https:\/\/www.comuna13online.com.ar\/?attachment_id=19066\" data-orig-file=\"https:\/\/www.comuna13online.com.ar\/wp-content\/uploads\/2024\/07\/WhatsApp-Image-2024-07-08-at-08.42.51.jpeg\" data-orig-size=\"1266,1280\" data-comments-opened=\"0\" data-image-meta=\"{&quot;aperture&quot;:&quot;0&quot;,&quot;credit&quot;:&quot;&quot;,&quot;camera&quot;:&quot;&quot;,&quot;caption&quot;:&quot;&quot;,&quot;created_timestamp&quot;:&quot;0&quot;,&quot;copyright&quot;:&quot;&quot;,&quot;focal_length&quot;:&quot;0&quot;,&quot;iso&quot;:&quot;0&quot;,&quot;shutter_speed&quot;:&quot;0&quot;,&quot;title&quot;:&quot;&quot;,&quot;orientation&quot;:&quot;0&quot;}\" data-image-title=\"WhatsApp-Image-2024-07-08-at-08.42.51\" data-image-description=\"\" data-image-caption=\"\" data-large-file=\"https:\/\/www.comuna13online.com.ar\/wp-content\/uploads\/2024\/07\/WhatsApp-Image-2024-07-08-at-08.42.51.jpeg\" src=\"https:\/\/www.comuna13online.com.ar\/wp-content\/uploads\/2024\/07\/WhatsApp-Image-2024-07-08-at-08.42.51.jpeg\" alt=\"\" class=\"wp-image-19066\" srcset=\"https:\/\/www.comuna13online.com.ar\/wp-content\/uploads\/2024\/07\/WhatsApp-Image-2024-07-08-at-08.42.51.jpeg 1266w, https:\/\/www.comuna13online.com.ar\/wp-content\/uploads\/2024\/07\/WhatsApp-Image-2024-07-08-at-08.42.51-768x776.jpeg 768w\" sizes=\"auto, (max-width: 1266px) 100vw, 1266px\" \/><\/figure>\n","protected":false},"excerpt":{"rendered":"<div class=\"mh-excerpt\">Este 9 de julio se realizar\u00e1 el desfile militar para festejar la Independencia argentina. Se desplazar\u00e1 por avenida Del Libertador hasta llegar a Olleros. Habra cortes parciales y cierre de <a class=\"mh-excerpt-more\" href=\"https:\/\/www.comuna13online.com.ar\/?p=19065\" title=\"Cortes de tr\u00e1nsito por los festejos del D\u00eda de la Independencia\">[&#8230;]<\/a><\/div>\n","protected":false},"author":1,"featured_media":19067,"comment_status":"closed","ping_status":"closed","sticky":false,"template":"","format":"standard","meta":{"_uag_custom_page_level_css":"","_jetpack_memberships_contains_paid_content":false,"footnotes":"","jetpack_publicize_message":"","jetpack_publicize_feature_enabled":true,"jetpack_social_post_already_shared":true,"jetpack_social_options":{"image_generator_settings":{"template":"highway","default_image_id":0,"font":"","enabled":false},"version":2}},"categories":[53],"tags":[46,250,296,54],"class_list":{"0":"post-19065","1":"post","2":"type-post","3":"status-publish","4":"format-standard","5":"has-post-thumbnail","7":"category-transito","8":"tag-festejos","9":"tag-h2","10":"tag-h3","11":"tag-transito"},"jetpack_publicize_connections":[],"jetpack_featured_media_url":"https:\/\/www.comuna13online.com.ar\/wp-content\/uploads\/2024\/07\/CVRYTJKEDFHN3MYFRGHR5JWOEE-e1720446763722.jpg","uagb_featured_image_src":{"full":["https:\/\/www.comuna13online.com.ar\/wp-content\/uploads\/2024\/07\/CVRYTJKEDFHN3MYFRGHR5JWOEE-e1720446763722.jpg",678,678,false],"thumbnail":["https:\/\/www.comuna13online.com.ar\/wp-content\/uploads\/2024\/07\/CVRYTJKEDFHN3MYFRGHR5JWOEE-e1720446763722.jpg",96,96,false],"medium":["https:\/\/www.comuna13online.com.ar\/wp-content\/uploads\/2024\/07\/CVRYTJKEDFHN3MYFRGHR5JWOEE-e1720446763722.jpg",678,678,false],"medium_large":["https:\/\/www.comuna13online.com.ar\/wp-content\/uploads\/2024\/07\/CVRYTJKEDFHN3MYFRGHR5JWOEE-768x768.jpg",768,768,true],"large":["https:\/\/www.comuna13online.com.ar\/wp-content\/uploads\/2024\/07\/CVRYTJKEDFHN3MYFRGHR5JWOEE-e1720446763722.jpg",678,678,false],"1536x1536":["https:\/\/www.comuna13online.com.ar\/wp-content\/uploads\/2024\/07\/CVRYTJKEDFHN3MYFRGHR5JWOEE-e1720446763722.jpg",678,678,false],"2048x2048":["https:\/\/www.comuna13online.com.ar\/wp-content\/uploads\/2024\/07\/CVRYTJKEDFHN3MYFRGHR5JWOEE-e1720446763722.jpg",678,678,false],"mh-magazine-slider":["https:\/\/www.comuna13online.com.ar\/wp-content\/uploads\/2024\/07\/CVRYTJKEDFHN3MYFRGHR5JWOEE-1030x438.jpg",1030,438,true],"mh-magazine-content":["https:\/\/www.comuna13online.com.ar\/wp-content\/uploads\/2024\/07\/CVRYTJKEDFHN3MYFRGHR5JWOEE-678x381.jpg",678,381,true],"mh-magazine-large":["https:\/\/www.comuna13online.com.ar\/wp-content\/uploads\/2024\/07\/CVRYTJKEDFHN3MYFRGHR5JWOEE-678x509.jpg",678,509,true],"mh-magazine-medium":["https:\/\/www.comuna13online.com.ar\/wp-content\/uploads\/2024\/07\/CVRYTJKEDFHN3MYFRGHR5JWOEE-326x245.jpg",326,245,true],"mh-magazine-small":["https:\/\/www.comuna13online.com.ar\/wp-content\/uploads\/2024\/07\/CVRYTJKEDFHN3MYFRGHR5JWOEE-80x60.jpg",80,60,true],"sow-carousel-default":["https:\/\/www.comuna13online.com.ar\/wp-content\/uploads\/2024\/07\/CVRYTJKEDFHN3MYFRGHR5JWOEE-272x182.jpg",272,182,true]},"uagb_author_info":{"display_name":"Comuna13","author_link":"https:\/\/www.comuna13online.com.ar\/?author=1"},"uagb_comment_info":0,"uagb_excerpt":"Este 9 de julio se realizar\u00e1 el desfile militar para festejar la Independencia argentina. Se desplazar\u00e1 por avenida Del Libertador hasta llegar a Olleros. Habra cortes parciales y cierre de [...]","jetpack_sharing_enabled":true,"_links":{"self":[{"href":"https:\/\/www.comuna13online.com.ar\/index.php?rest_route=\/wp\/v2\/posts\/19065","targetHints":{"allow":["GET"]}}],"collection":[{"href":"https:\/\/www.comuna13online.com.ar\/index.php?rest_route=\/wp\/v2\/posts"}],"about":[{"href":"https:\/\/www.comuna13online.com.ar\/index.php?rest_route=\/wp\/v2\/types\/post"}],"author":[{"embeddable":true,"href":"https:\/\/www.comuna13online.com.ar\/index.php?rest_route=\/wp\/v2\/users\/1"}],"replies":[{"embeddable":true,"href":"https:\/\/www.comuna13online.com.ar\/index.php?rest_route=%2Fwp%2Fv2%2Fcomments&post=19065"}],"version-history":[{"count":0,"href":"https:\/\/www.comuna13online.com.ar\/index.php?rest_route=\/wp\/v2\/posts\/19065\/revisions"}],"wp:featuredmedia":[{"embeddable":true,"href":"https:\/\/www.comuna13online.com.ar\/index.php?rest_route=\/wp\/v2\/media\/19067"}],"wp:attachment":[{"href":"https:\/\/www.comuna13online.com.ar\/index.php?rest_route=%2Fwp%2Fv2%2Fmedia&parent=19065"}],"wp:term":[{"taxonomy":"category","embeddable":true,"href":"https:\/\/www.comuna13online.com.ar\/index.php?rest_route=%2Fwp%2Fv2%2Fcategories&post=19065"},{"taxonomy":"post_tag","embeddable":true,"href":"https:\/\/www.comuna13online.com.ar\/index.php?rest_route=%2Fwp%2Fv2%2Ftags&post=19065"}],"curies":[{"name":"wp","href":"https:\/\/api.w.org\/{rel}","templated":true}]}}