{"id":18957,"date":"2024-05-31T09:59:40","date_gmt":"2024-05-31T12:59:40","guid":{"rendered":"https:\/\/www.comuna13online.com.ar\/?p=18957"},"modified":"2024-05-31T09:59:44","modified_gmt":"2024-05-31T12:59:44","slug":"el-museo-larreta-inauguro-dos-nuevas-exposiciones","status":"publish","type":"post","link":"https:\/\/www.comuna13online.com.ar\/?p=18957","title":{"rendered":"El Museo Larreta inaugur\u00f3 dos nuevas exposiciones"},"content":{"rendered":"\n<p><strong>Se trata de \u201cAdolf Methfessel. El pintor cient\u00edfico\u201d, la muestra busca mostrar su notable trabajo en Sudam\u00e9rica; y la segunda, \u201cIntervenciones m\u00ednimas II\u201d, donde se presentan obras de artistas contempor\u00e1neas.<\/strong><\/p>\n\n\n\n<figure class=\"wp-block-image size-full\"><img loading=\"lazy\" decoding=\"async\" width=\"678\" height=\"381\" data-attachment-id=\"18962\" data-permalink=\"https:\/\/www.comuna13online.com.ar\/?attachment_id=18962\" data-orig-file=\"https:\/\/www.comuna13online.com.ar\/wp-content\/uploads\/2024\/05\/20240531b_01.jpg\" data-orig-size=\"678,381\" data-comments-opened=\"0\" data-image-meta=\"{&quot;aperture&quot;:&quot;0&quot;,&quot;credit&quot;:&quot;&quot;,&quot;camera&quot;:&quot;&quot;,&quot;caption&quot;:&quot;&quot;,&quot;created_timestamp&quot;:&quot;0&quot;,&quot;copyright&quot;:&quot;&quot;,&quot;focal_length&quot;:&quot;0&quot;,&quot;iso&quot;:&quot;0&quot;,&quot;shutter_speed&quot;:&quot;0&quot;,&quot;title&quot;:&quot;&quot;,&quot;orientation&quot;:&quot;0&quot;}\" data-image-title=\"20240531b_01\" data-image-description=\"\" data-image-caption=\"\" data-large-file=\"https:\/\/www.comuna13online.com.ar\/wp-content\/uploads\/2024\/05\/20240531b_01.jpg\" src=\"https:\/\/www.comuna13online.com.ar\/wp-content\/uploads\/2024\/05\/20240531b_01.jpg\" alt=\"\" class=\"wp-image-18962\"\/><\/figure>\n\n\n\n<div style=\"height:20px\" aria-hidden=\"true\" class=\"wp-block-spacer\"><\/div>\n\n\n\n<h3 class=\"wp-block-heading\">Adolf Methfessel. El pintor cient\u00edfico<\/h3>\n\n\n\n<p>En las primeras d\u00e9cadas del siglo XIX, la producci\u00f3n art\u00edstica en Argentina experiment\u00f3 un impulso significativo con la llegada de artistas viajeros vinculados a expediciones cient\u00edficas de otras naciones. A partir de la segunda mitad del siglo, estos artistas eligieron representar el paisaje argentino, siendo el suizo\u00a0<strong>Adolfo Methfessel<\/strong>\u00a0uno de ellos. Al comienzo de su estancia en Buenos Aires en 1864 se asoci\u00f3 con cient\u00edficos europeos convocados por Sarmiento para luego abocarse a la tarea de ilustrador cient\u00edfico. Contribuy\u00f3 con el naturista Hermann Burmeister al\u00a0<strong>Atlas de la Description Physique de la R\u00e9publique Argentine<\/strong>\u00a0y en otros trabajos como mapas, croquis, dibujos y acuarelas contratado por el Perito Francisco Moreno.<\/p>\n\n\n\n<p>La exposici\u00f3n permite apreciar la destacada labor de Methfessel en el continente, mostrando la conexi\u00f3n entre el arte y la ciencia desde que lleg\u00f3 a nuestro pa\u00eds. Su legado sigue siendo imprescindible por el preciosismo y rigurosidad en su estudio.<br>\u00a0<br>La participaci\u00f3n del artista no se limit\u00f3 al \u00e1mbito cient\u00edfico. Tambi\u00e9n acompa\u00f1\u00f3 al ej\u00e9rcito argentino durante la guerra con Paraguay (1865-1870), registrando en dibujos y bocetos los lugares por donde avanzaban los aliados. Estos bosquejos se materializaron m\u00e1s tarde en una serie de acuarelas que documentan momentos claves de la guerra.<\/p>\n\n\n\n<p>la exhibici\u00f3n proveniente de una colecci\u00f3n privada cuenta con acuarelas y \u00f3leos que funcionan como verdaderas radiograf\u00edas de la selva misionera. Desde\u00a0<strong>el jueves 30 de mayo<\/strong>\u00a0en las salas temporarias del Museo Larreta.<\/p>\n\n\n\n<div style=\"height:20px\" aria-hidden=\"true\" class=\"wp-block-spacer\"><\/div>\n\n\n\n<h3 class=\"wp-block-heading\">Intervenciones m\u00ednimas II en el Museo Larreta<\/h3>\n\n\n\n<figure class=\"wp-block-image size-full\"><img loading=\"lazy\" decoding=\"async\" width=\"678\" height=\"381\" data-attachment-id=\"18963\" data-permalink=\"https:\/\/www.comuna13online.com.ar\/?attachment_id=18963\" data-orig-file=\"https:\/\/www.comuna13online.com.ar\/wp-content\/uploads\/2024\/05\/20240531b_02.jpg\" data-orig-size=\"678,381\" data-comments-opened=\"0\" data-image-meta=\"{&quot;aperture&quot;:&quot;0&quot;,&quot;credit&quot;:&quot;&quot;,&quot;camera&quot;:&quot;&quot;,&quot;caption&quot;:&quot;&quot;,&quot;created_timestamp&quot;:&quot;0&quot;,&quot;copyright&quot;:&quot;&quot;,&quot;focal_length&quot;:&quot;0&quot;,&quot;iso&quot;:&quot;0&quot;,&quot;shutter_speed&quot;:&quot;0&quot;,&quot;title&quot;:&quot;&quot;,&quot;orientation&quot;:&quot;0&quot;}\" data-image-title=\"20240531b_02\" data-image-description=\"\" data-image-caption=\"\" data-large-file=\"https:\/\/www.comuna13online.com.ar\/wp-content\/uploads\/2024\/05\/20240531b_02.jpg\" src=\"https:\/\/www.comuna13online.com.ar\/wp-content\/uploads\/2024\/05\/20240531b_02.jpg\" alt=\"\" class=\"wp-image-18963\"\/><\/figure>\n\n\n\n<div style=\"height:20px\" aria-hidden=\"true\" class=\"wp-block-spacer\"><\/div>\n\n\n\n<p>El ciclo&nbsp;<strong>Intervenciones m\u00ednimas<\/strong>, que presenta obras de artistas contempor\u00e1neas en di\u00e1logo con la colecci\u00f3n permanente del museo, permite al visitante hallar piezas que le remiten a temas, t\u00e9cnicas, materialidades y planteos visuales en relaci\u00f3n a una colecci\u00f3n hist\u00f3rica, sin interferir con el recorrido habitual de las salas.<\/p>\n\n\n\n<p>En su segunda edici\u00f3n,&nbsp;se exhibir\u00e1n obras de las artistas&nbsp;<strong>Alita Olivari<\/strong>&nbsp;(cer\u00e1mica),&nbsp;<strong>Luciana Rondolini<\/strong>&nbsp;( pintura) y&nbsp;<strong>Andrea Alkalay<\/strong>&nbsp;(fotograf\u00eda intervenida).&nbsp;Podr\u00e1s recorrerla desde el jueves 30 de mayo en la&nbsp;<em>Sala Escritorio<\/em>&nbsp;del Museo Larreta. Con curadur\u00eda a cargo de Delfina Helguera.<\/p>\n\n\n\n<div style=\"height:20px\" aria-hidden=\"true\" class=\"wp-block-spacer\"><\/div>\n\n\n\n<h4 class=\"wp-block-heading\">M\u00e1s informaci\u00f3n<\/h4>\n\n\n\n<p><br><strong>Inauguraci\u00f3n:<\/strong><br>Jueves 30 de mayo &#8211; 18 h. (entrada libre y gratuita)<\/p>\n\n\n\n<p><strong>Direcci\u00f3n:<\/strong><br>Juramento 2291. CABA<\/p>\n\n\n\n<p>Horarios para recorrer la exhibici\u00f3n:<br>Lunes, mi\u00e9rcoles, jueves y viernes de 11 a 19 h.<br>S\u00e1bados, domingos y feriados de 11 a 20 h.<br>Martes cerrado. &nbsp;<\/p>\n\n\n\n<p><strong>Entrada<\/strong><\/p>\n\n\n\n<ul class=\"wp-block-list\">\n<li>P\u00fablico General: $500<\/li>\n\n\n\n<li>Extranjeros no residentes: $3000<\/li>\n\n\n\n<li><strong>Mi\u00e9rcoles gratis<\/strong><\/li>\n<\/ul>\n\n\n\n<p>Jubilados, estudiantes universitarios presentando acreditaci\u00f3n, personas con discapacidad m\u00e1s un acompa\u00f1ante, menores de 12 a\u00f1os y grupos de estudiantes de colegios p\u00fablicos, sin cargo.<\/p>\n","protected":false},"excerpt":{"rendered":"<div class=\"mh-excerpt\">Se trata de \u201cAdolf Methfessel. El pintor cient\u00edfico\u201d, la muestra busca mostrar su notable trabajo en Sudam\u00e9rica; y la segunda, \u201cIntervenciones m\u00ednimas II\u201d, donde se presentan obras de artistas contempor\u00e1neas. <a class=\"mh-excerpt-more\" href=\"https:\/\/www.comuna13online.com.ar\/?p=18957\" title=\"El Museo Larreta inaugur\u00f3 dos nuevas exposiciones\">[&#8230;]<\/a><\/div>\n","protected":false},"author":1,"featured_media":16538,"comment_status":"closed","ping_status":"closed","sticky":false,"template":"","format":"standard","meta":{"_uag_custom_page_level_css":"","_jetpack_memberships_contains_paid_content":false,"footnotes":"","jetpack_publicize_message":"","jetpack_publicize_feature_enabled":true,"jetpack_social_post_already_shared":true,"jetpack_social_options":{"image_generator_settings":{"template":"highway","default_image_id":0,"font":"","enabled":false},"version":2}},"categories":[76],"tags":[19,60,250,296,307,77],"class_list":{"0":"post-18957","1":"post","2":"type-post","3":"status-publish","4":"format-standard","5":"has-post-thumbnail","7":"category-museos","8":"tag-comuna-13","9":"tag-cultura","10":"tag-h2","11":"tag-h3","12":"tag-muestra","13":"tag-museo-larreta"},"jetpack_publicize_connections":[],"jetpack_featured_media_url":"https:\/\/www.comuna13online.com.ar\/wp-content\/uploads\/2023\/01\/mlarreta000.jpg","uagb_featured_image_src":{"full":["https:\/\/www.comuna13online.com.ar\/wp-content\/uploads\/2023\/01\/mlarreta000.jpg",1030,438,false],"thumbnail":["https:\/\/www.comuna13online.com.ar\/wp-content\/uploads\/2023\/01\/mlarreta000.jpg",128,54,false],"medium":["https:\/\/www.comuna13online.com.ar\/wp-content\/uploads\/2023\/01\/mlarreta000.jpg",1030,438,false],"medium_large":["https:\/\/www.comuna13online.com.ar\/wp-content\/uploads\/2023\/01\/mlarreta000-768x327.jpg",768,327,true],"large":["https:\/\/www.comuna13online.com.ar\/wp-content\/uploads\/2023\/01\/mlarreta000.jpg",1030,438,false],"1536x1536":["https:\/\/www.comuna13online.com.ar\/wp-content\/uploads\/2023\/01\/mlarreta000.jpg",1030,438,false],"2048x2048":["https:\/\/www.comuna13online.com.ar\/wp-content\/uploads\/2023\/01\/mlarreta000.jpg",1030,438,false],"mh-magazine-slider":["https:\/\/www.comuna13online.com.ar\/wp-content\/uploads\/2023\/01\/mlarreta000-1030x438.jpg",1030,438,true],"mh-magazine-content":["https:\/\/www.comuna13online.com.ar\/wp-content\/uploads\/2023\/01\/mlarreta000-678x381.jpg",678,381,true],"mh-magazine-large":["https:\/\/www.comuna13online.com.ar\/wp-content\/uploads\/2023\/01\/mlarreta000-678x438.jpg",678,438,true],"mh-magazine-medium":["https:\/\/www.comuna13online.com.ar\/wp-content\/uploads\/2023\/01\/mlarreta000-326x245.jpg",326,245,true],"mh-magazine-small":["https:\/\/www.comuna13online.com.ar\/wp-content\/uploads\/2023\/01\/mlarreta000-80x60.jpg",80,60,true],"sow-carousel-default":["https:\/\/www.comuna13online.com.ar\/wp-content\/uploads\/2023\/01\/mlarreta000-272x182.jpg",272,182,true]},"uagb_author_info":{"display_name":"Comuna13","author_link":"https:\/\/www.comuna13online.com.ar\/?author=1"},"uagb_comment_info":0,"uagb_excerpt":"Se trata de \u201cAdolf Methfessel. El pintor cient\u00edfico\u201d, la muestra busca mostrar su notable trabajo en Sudam\u00e9rica; y la segunda, \u201cIntervenciones m\u00ednimas II\u201d, donde se presentan obras de artistas contempor\u00e1neas. [...]","jetpack_sharing_enabled":true,"_links":{"self":[{"href":"https:\/\/www.comuna13online.com.ar\/index.php?rest_route=\/wp\/v2\/posts\/18957","targetHints":{"allow":["GET"]}}],"collection":[{"href":"https:\/\/www.comuna13online.com.ar\/index.php?rest_route=\/wp\/v2\/posts"}],"about":[{"href":"https:\/\/www.comuna13online.com.ar\/index.php?rest_route=\/wp\/v2\/types\/post"}],"author":[{"embeddable":true,"href":"https:\/\/www.comuna13online.com.ar\/index.php?rest_route=\/wp\/v2\/users\/1"}],"replies":[{"embeddable":true,"href":"https:\/\/www.comuna13online.com.ar\/index.php?rest_route=%2Fwp%2Fv2%2Fcomments&post=18957"}],"version-history":[{"count":0,"href":"https:\/\/www.comuna13online.com.ar\/index.php?rest_route=\/wp\/v2\/posts\/18957\/revisions"}],"wp:featuredmedia":[{"embeddable":true,"href":"https:\/\/www.comuna13online.com.ar\/index.php?rest_route=\/wp\/v2\/media\/16538"}],"wp:attachment":[{"href":"https:\/\/www.comuna13online.com.ar\/index.php?rest_route=%2Fwp%2Fv2%2Fmedia&parent=18957"}],"wp:term":[{"taxonomy":"category","embeddable":true,"href":"https:\/\/www.comuna13online.com.ar\/index.php?rest_route=%2Fwp%2Fv2%2Fcategories&post=18957"},{"taxonomy":"post_tag","embeddable":true,"href":"https:\/\/www.comuna13online.com.ar\/index.php?rest_route=%2Fwp%2Fv2%2Ftags&post=18957"}],"curies":[{"name":"wp","href":"https:\/\/api.w.org\/{rel}","templated":true}]}}