{"id":18878,"date":"2024-05-13T19:30:11","date_gmt":"2024-05-13T22:30:11","guid":{"rendered":"https:\/\/www.comuna13online.com.ar\/?p=18878"},"modified":"2024-05-13T19:30:14","modified_gmt":"2024-05-13T22:30:14","slug":"jorge-macri-y-waldo-wolff-abriran-el-primer-congreso-de-seguridad-y-genero-en-la-ciudad","status":"publish","type":"post","link":"https:\/\/www.comuna13online.com.ar\/?p=18878","title":{"rendered":"Jorge Macri y Waldo Wolff abrir\u00e1n el primer congreso de Seguridad y G\u00e9nero en la Ciudad"},"content":{"rendered":"\n<p><strong>El Ministerio de Seguridad porte\u00f1o organiza el Primer Congreso de Seguridad y G\u00e9nero, se llevar\u00e1 a cabo el mi\u00e9rcoles 15 de mayo desde las 9 en la Sede del Gobierno.<\/strong><\/p>\n\n\n\n<figure class=\"wp-block-image size-full\"><img loading=\"lazy\" decoding=\"async\" width=\"678\" height=\"381\" data-attachment-id=\"18879\" data-permalink=\"https:\/\/www.comuna13online.com.ar\/?attachment_id=18879\" data-orig-file=\"https:\/\/www.comuna13online.com.ar\/wp-content\/uploads\/2024\/05\/20240513a_id.jpg\" data-orig-size=\"678,381\" data-comments-opened=\"0\" data-image-meta=\"{&quot;aperture&quot;:&quot;0&quot;,&quot;credit&quot;:&quot;&quot;,&quot;camera&quot;:&quot;&quot;,&quot;caption&quot;:&quot;&quot;,&quot;created_timestamp&quot;:&quot;0&quot;,&quot;copyright&quot;:&quot;&quot;,&quot;focal_length&quot;:&quot;0&quot;,&quot;iso&quot;:&quot;0&quot;,&quot;shutter_speed&quot;:&quot;0&quot;,&quot;title&quot;:&quot;&quot;,&quot;orientation&quot;:&quot;0&quot;}\" data-image-title=\"20240513a_id\" data-image-description=\"\" data-image-caption=\"\" data-large-file=\"https:\/\/www.comuna13online.com.ar\/wp-content\/uploads\/2024\/05\/20240513a_id.jpg\" src=\"https:\/\/www.comuna13online.com.ar\/wp-content\/uploads\/2024\/05\/20240513a_id.jpg\" alt=\"\" class=\"wp-image-18879\"\/><\/figure>\n\n\n\n<div style=\"height:20px\" aria-hidden=\"true\" class=\"wp-block-spacer\"><\/div>\n\n\n\n<p>La Ciudad de Buenos Aires tendr\u00e1 su\u00a0Primer Congreso de Seguridad y G\u00e9nero, organizado por el Ministerio de Seguridad. El mismo se llevar\u00e1 a cabo este mi\u00e9rcoles 15 de mayo en el auditorio principal de la Sede del Gobierno porte\u00f1o y abrir\u00e1 sus puertas a las 9 am.<\/p>\n\n\n\n<p>La apertura del Congreso estar\u00e1 a cargo del Jefe de Gobierno,\u00a0<strong>Jorge Macri<\/strong>, la Vicejefa de Gobierno,\u00a0<strong>Clara Muzzio<\/strong>, y el Ministro de Seguridad,\u00a0<strong>Waldo Wolff<\/strong>. Luego de las palabras de inicio por parte de las autoridades, se dar\u00e1 comienzo al desarrollo de los cinco paneles que abordar\u00e1n las siguientes tem\u00e1ticas:<\/p>\n\n\n\n<ul class=\"wp-block-list\">\n<li>Sistema Integral de Seguridad aplicado a los casos de violencia de g\u00e9nero<\/li>\n\n\n\n<li>Abordajes de las violencias en materia Legislativa y Judicial<\/li>\n\n\n\n<li>\u00bfPor qu\u00e9 una agenda de g\u00e9nero en las Fuerzas Policiales y de Seguridad?<\/li>\n\n\n\n<li>El rol de las mujeres en el crimen organizado: Narcocriminalidad<\/li>\n\n\n\n<li>El terrorismo y la mujer<\/li>\n<\/ul>\n\n\n\n<p>El Primer Congreso de Seguridad y G\u00e9nero de la Ciudad tendr\u00e1 como expositores y moderadores a especialistas en cada materia, ofreciendo una&nbsp;<strong>pluralidad de voces<\/strong>&nbsp;que abarca desde referentes del Poder Judicial hasta representantes del Poder Legislativo, de las Fuerzas de Seguridad, de diversas \u00e1reas gubernamentales y del \u00e1mbito acad\u00e9mico, entre otros.<\/p>\n\n\n\n<p>Producto del intercambio de conocimientos y experiencias entre los referentes de cada \u00e1rea,&nbsp;<em>\u201c<\/em><strong><em>este encuentro ser\u00e1 un hito en la agenda de g\u00e9nero de la Ciudad<\/em><\/strong><em>&nbsp;que, sin dudas, sentar\u00e1 las bases para un trabajo conjunto entre cada uno de los actores que se involucran al momento de trabajar por la seguridad en general y por las mujeres en particular\u201d<\/em>, manifest\u00f3 el Ministro,&nbsp;<strong>Waldo Wolff<\/strong>.<\/p>\n\n\n\n<p>Entre los m\u00e1s de 20 expositores y moderadores, el Congreso contar\u00e1 con disertaciones de:<\/p>\n\n\n\n<ul class=\"wp-block-list\">\n<li>La Secretaria General del Ministerio de Seguridad,&nbsp;<strong>Delia Sisro.<\/strong><\/li>\n\n\n\n<li>La Secretaria de Administraci\u00f3n General y Presupuesto del Poder Judicial,&nbsp;<strong>Genoveva Ferrero.<\/strong><\/li>\n\n\n\n<li>La Vicegobernadora de la Provincia de Santa Fe,&nbsp;<strong>Gisela Scaglia.<\/strong><\/li>\n\n\n\n<li>La Legisladora porte\u00f1a, Pta. de la Comisi\u00f3n de Seguridad,&nbsp;<strong>Gimena Villafruela.<\/strong><\/li>\n\n\n\n<li>La Subsecretaria de la Mujer de la Ciudad,<strong>&nbsp;Carolina Barone.<\/strong><\/li>\n\n\n\n<li>El Ministro de Justicia,&nbsp;<strong>Gabino Tapia.<\/strong><\/li>\n\n\n\n<li>El Secretario de Seguridad y Jefe de la Polic\u00eda,<strong>&nbsp;Diego Kravetz.<\/strong><\/li>\n<\/ul>\n\n\n\n<p>La jornada finalizar\u00e1 alrededor de las 16hs con palabras del Ministro de Seguridad,&nbsp;<strong>Waldo Wolff<\/strong>.<\/p>\n","protected":false},"excerpt":{"rendered":"<div class=\"mh-excerpt\">El Ministerio de Seguridad porte\u00f1o organiza el Primer Congreso de Seguridad y G\u00e9nero, se llevar\u00e1 a cabo el mi\u00e9rcoles 15 de mayo desde las 9 en la Sede del Gobierno. <a class=\"mh-excerpt-more\" href=\"https:\/\/www.comuna13online.com.ar\/?p=18878\" title=\"Jorge Macri y Waldo Wolff abrir\u00e1n el primer congreso de Seguridad y G\u00e9nero en la Ciudad\">[&#8230;]<\/a><\/div>\n","protected":false},"author":1,"featured_media":18879,"comment_status":"closed","ping_status":"closed","sticky":false,"template":"","format":"standard","meta":{"_uag_custom_page_level_css":"","_jetpack_memberships_contains_paid_content":false,"footnotes":"","jetpack_publicize_message":"","jetpack_publicize_feature_enabled":true,"jetpack_social_post_already_shared":true,"jetpack_social_options":{"image_generator_settings":{"template":"highway","default_image_id":0,"font":"","enabled":false},"version":2}},"categories":[256],"tags":[258,250,296,17],"class_list":{"0":"post-18878","1":"post","2":"type-post","3":"status-publish","4":"format-standard","5":"has-post-thumbnail","7":"category-gobierno","8":"tag-gobierno","9":"tag-h2","10":"tag-h3","11":"tag-seguridad"},"jetpack_publicize_connections":[],"jetpack_featured_media_url":"https:\/\/www.comuna13online.com.ar\/wp-content\/uploads\/2024\/05\/20240513a_id.jpg","uagb_featured_image_src":{"full":["https:\/\/www.comuna13online.com.ar\/wp-content\/uploads\/2024\/05\/20240513a_id.jpg",678,381,false],"thumbnail":["https:\/\/www.comuna13online.com.ar\/wp-content\/uploads\/2024\/05\/20240513a_id.jpg",128,72,false],"medium":["https:\/\/www.comuna13online.com.ar\/wp-content\/uploads\/2024\/05\/20240513a_id.jpg",678,381,false],"medium_large":["https:\/\/www.comuna13online.com.ar\/wp-content\/uploads\/2024\/05\/20240513a_id.jpg",678,381,false],"large":["https:\/\/www.comuna13online.com.ar\/wp-content\/uploads\/2024\/05\/20240513a_id.jpg",678,381,false],"1536x1536":["https:\/\/www.comuna13online.com.ar\/wp-content\/uploads\/2024\/05\/20240513a_id.jpg",678,381,false],"2048x2048":["https:\/\/www.comuna13online.com.ar\/wp-content\/uploads\/2024\/05\/20240513a_id.jpg",678,381,false],"mh-magazine-slider":["https:\/\/www.comuna13online.com.ar\/wp-content\/uploads\/2024\/05\/20240513a_id.jpg",678,381,false],"mh-magazine-content":["https:\/\/www.comuna13online.com.ar\/wp-content\/uploads\/2024\/05\/20240513a_id.jpg",678,381,false],"mh-magazine-large":["https:\/\/www.comuna13online.com.ar\/wp-content\/uploads\/2024\/05\/20240513a_id.jpg",678,381,false],"mh-magazine-medium":["https:\/\/www.comuna13online.com.ar\/wp-content\/uploads\/2024\/05\/20240513a_id-326x245.jpg",326,245,true],"mh-magazine-small":["https:\/\/www.comuna13online.com.ar\/wp-content\/uploads\/2024\/05\/20240513a_id-80x60.jpg",80,60,true],"sow-carousel-default":["https:\/\/www.comuna13online.com.ar\/wp-content\/uploads\/2024\/05\/20240513a_id-272x182.jpg",272,182,true]},"uagb_author_info":{"display_name":"Comuna13","author_link":"https:\/\/www.comuna13online.com.ar\/?author=1"},"uagb_comment_info":0,"uagb_excerpt":"El Ministerio de Seguridad porte\u00f1o organiza el Primer Congreso de Seguridad y G\u00e9nero, se llevar\u00e1 a cabo el mi\u00e9rcoles 15 de mayo desde las 9 en la Sede del Gobierno. [...]","jetpack_sharing_enabled":true,"_links":{"self":[{"href":"https:\/\/www.comuna13online.com.ar\/index.php?rest_route=\/wp\/v2\/posts\/18878","targetHints":{"allow":["GET"]}}],"collection":[{"href":"https:\/\/www.comuna13online.com.ar\/index.php?rest_route=\/wp\/v2\/posts"}],"about":[{"href":"https:\/\/www.comuna13online.com.ar\/index.php?rest_route=\/wp\/v2\/types\/post"}],"author":[{"embeddable":true,"href":"https:\/\/www.comuna13online.com.ar\/index.php?rest_route=\/wp\/v2\/users\/1"}],"replies":[{"embeddable":true,"href":"https:\/\/www.comuna13online.com.ar\/index.php?rest_route=%2Fwp%2Fv2%2Fcomments&post=18878"}],"version-history":[{"count":0,"href":"https:\/\/www.comuna13online.com.ar\/index.php?rest_route=\/wp\/v2\/posts\/18878\/revisions"}],"wp:featuredmedia":[{"embeddable":true,"href":"https:\/\/www.comuna13online.com.ar\/index.php?rest_route=\/wp\/v2\/media\/18879"}],"wp:attachment":[{"href":"https:\/\/www.comuna13online.com.ar\/index.php?rest_route=%2Fwp%2Fv2%2Fmedia&parent=18878"}],"wp:term":[{"taxonomy":"category","embeddable":true,"href":"https:\/\/www.comuna13online.com.ar\/index.php?rest_route=%2Fwp%2Fv2%2Fcategories&post=18878"},{"taxonomy":"post_tag","embeddable":true,"href":"https:\/\/www.comuna13online.com.ar\/index.php?rest_route=%2Fwp%2Fv2%2Ftags&post=18878"}],"curies":[{"name":"wp","href":"https:\/\/api.w.org\/{rel}","templated":true}]}}