{"id":18804,"date":"2024-04-26T05:06:00","date_gmt":"2024-04-26T08:06:00","guid":{"rendered":"https:\/\/www.comuna13online.com.ar\/?p=18804"},"modified":"2024-04-27T17:28:37","modified_gmt":"2024-04-27T20:28:37","slug":"las-companias-de-seguro-ya-no-podran-brindar-servicio-de-remolque-y-auxilio-mecanico-en-sus-polizas","status":"publish","type":"post","link":"https:\/\/www.comuna13online.com.ar\/?p=18804","title":{"rendered":"Las compa\u00f1\u00edas de seguro ya no podr\u00e1n brindar servicio de remolque y auxilio mec\u00e1nico en sus p\u00f3lizas"},"content":{"rendered":"\n<figure class=\"wp-block-image size-full\"><img loading=\"lazy\" decoding=\"async\" width=\"678\" height=\"381\" data-attachment-id=\"18806\" data-permalink=\"https:\/\/www.comuna13online.com.ar\/?attachment_id=18806\" data-orig-file=\"https:\/\/www.comuna13online.com.ar\/wp-content\/uploads\/2024\/04\/20240426b_id.jpg\" data-orig-size=\"678,381\" data-comments-opened=\"0\" data-image-meta=\"{&quot;aperture&quot;:&quot;0&quot;,&quot;credit&quot;:&quot;&quot;,&quot;camera&quot;:&quot;&quot;,&quot;caption&quot;:&quot;&quot;,&quot;created_timestamp&quot;:&quot;0&quot;,&quot;copyright&quot;:&quot;&quot;,&quot;focal_length&quot;:&quot;0&quot;,&quot;iso&quot;:&quot;0&quot;,&quot;shutter_speed&quot;:&quot;0&quot;,&quot;title&quot;:&quot;&quot;,&quot;orientation&quot;:&quot;0&quot;}\" data-image-title=\"20240426b_id\" data-image-description=\"\" data-image-caption=\"\" data-large-file=\"https:\/\/www.comuna13online.com.ar\/wp-content\/uploads\/2024\/04\/20240426b_id.jpg\" src=\"https:\/\/www.comuna13online.com.ar\/wp-content\/uploads\/2024\/04\/20240426b_id.jpg\" alt=\"\" class=\"wp-image-18806\"\/><\/figure>\n\n\n\n<div style=\"height:20px\" aria-hidden=\"true\" class=\"wp-block-spacer\"><\/div>\n\n\n\n<p><strong>La medida fue publicada este viernes en el Bolet\u00edn Oficial, obliga a las compa\u00f1\u00edas aseguradoras a excluir el servicio de gr\u00faas o remolques y asistencia mec\u00e1nica de sus p\u00f3lizas en un plazo m\u00e1ximo de 90 d\u00edas.<\/strong><\/p>\n\n\n\n<p>La Superintendencia de Seguros de la Naci\u00f3n determin\u00f3 que las compa\u00f1\u00edas de seguros ya no est\u00e1n obligadas a incluir en sus p\u00f3lizas el servicio de gr\u00faa por desperfectos mec\u00e1nicos, con la bater\u00eda, neum\u00e1ticos o mec\u00e1nica simple. La Resoluci\u00f3n fue publicada este viernes en el Bolet\u00edn Oficial y abarca a toda la Rep\u00fablica Argentina.<\/p>\n\n\n\n<p>Se trata de una medida que perjudica directamente a los usuarios, las aseguradoras ahora solo deber\u00e1n cubrir los gastos de remolque en caso de <strong>\u201csiniestro por da\u00f1o, incendio, robo o hurto\u201d<\/strong> ya no tendr\u00e1 vigencia la cobertura por <strong>\u201ctraslado, remolque, asistencia y\/o estad\u00eda del veh\u00edculo asegurado, generados por desperfectos o problemas mec\u00e1nicos, de bater\u00eda, de arranque, el\u00e9ctricos, pinchaduras, cortaduras y\/o reventones de las c\u00e1maras o cubiertas, falta de combustible\u201d<\/strong>.<\/p>\n\n\n\n<p>La SSN resolvi\u00f3 que, en los pr\u00f3ximos 90 d\u00edas, las aseguradoras de veh\u00edculos deber\u00e1n adecuar las p\u00f3lizas de manera de excluir los servicios de traslado salvo en casos vinculados a un accidente o siniestro, abriendo el mercado a la libre competencia. En ese sentido, quienes quieran contar con este servicio deber\u00e1n contratarlo de forma adicional, ya sea con la misma compa\u00f1\u00eda de seguros o con otro proveedor.<\/p>\n\n\n\n<p>De acuerdo con la nueva normativa, en caso de da\u00f1o y\/o incendio que impida la circulaci\u00f3n del veh\u00edculo asegurado, o en caso de robo o hurto, los gastos ser\u00e1n por cuenta del asegurador, aunque con la indemnizaci\u00f3n lleguen a exceder la suma asegurada, los gastos normales, necesarios y razonablemente incurridos por:<\/p>\n\n\n\n<p><strong>a)<\/strong> El traslado del veh\u00edculo asegurado hasta el lugar m\u00e1s pr\u00f3ximo al del siniestro o al de su aparici\u00f3n en caso del robo o hurto, donde se pueda efectuar su inspecci\u00f3n, reparaci\u00f3n o puesta a disposici\u00f3n del asegurado.<\/p>\n\n\n\n<p><strong>b)<\/strong> La estad\u00eda del veh\u00edculo asegurado en garaje, taller, local o dep\u00f3sito, para su guarda a los efectos de su reparaci\u00f3n o puesta a disposici\u00f3n del asegurado.<\/p>\n\n\n\n<p><em><strong>\u201cEn ning\u00fan caso se encuentran cubiertos por esta cl\u00e1usula el traslado, remolque, asistencia y\/o estad\u00eda del veh\u00edculo asegurado, generados por desperfectos o problemas mec\u00e1nicos, de bater\u00eda, de arranque, el\u00e9ctricos, pinchaduras, cortaduras y\/o reventones de las c\u00e1maras o cubiertas, falta de combustible y\/o cualquier otro que no tenga vinculaci\u00f3n con un accidente, incendio, robo y\/o hurto\u201d<\/strong><\/em>, establece la Resoluci\u00f3n de la SSN.<\/p>\n\n\n\n<div style=\"height:25px\" aria-hidden=\"true\" class=\"wp-block-spacer\"><\/div>\n\n\n\n<div class=\"wp-block-pdf-viewer-block-standard\" style=\"text-align:left\"><div class=\"uploaded-pdf\"><a href=\"https:\/\/www.comuna13online.com.ar\/wp-content\/uploads\/2024\/04\/resolucion.pdf\" data-width=\"\" data-height=\"\"><\/a><\/div><\/div>\n","protected":false},"excerpt":{"rendered":"<div class=\"mh-excerpt\">La medida fue publicada este viernes en el Bolet\u00edn Oficial, obliga a las compa\u00f1\u00edas aseguradoras a excluir el servicio de gr\u00faas o remolques y asistencia mec\u00e1nica de sus p\u00f3lizas en <a class=\"mh-excerpt-more\" href=\"https:\/\/www.comuna13online.com.ar\/?p=18804\" title=\"Las compa\u00f1\u00edas de seguro ya no podr\u00e1n brindar servicio de remolque y auxilio mec\u00e1nico en sus p\u00f3lizas\">[&#8230;]<\/a><\/div>\n","protected":false},"author":1,"featured_media":18806,"comment_status":"closed","ping_status":"closed","sticky":false,"template":"","format":"standard","meta":{"_uag_custom_page_level_css":"","_jetpack_memberships_contains_paid_content":false,"footnotes":"","jetpack_publicize_message":"","jetpack_publicize_feature_enabled":true,"jetpack_social_post_already_shared":true,"jetpack_social_options":{"image_generator_settings":{"template":"highway","default_image_id":0,"font":"","enabled":false},"version":2}},"categories":[257],"tags":[250,296,75,54],"class_list":{"0":"post-18804","1":"post","2":"type-post","3":"status-publish","4":"format-standard","5":"has-post-thumbnail","7":"category-gobierno-2","8":"tag-h2","9":"tag-h3","10":"tag-seguridad-vial","11":"tag-transito"},"jetpack_publicize_connections":[],"jetpack_featured_media_url":"https:\/\/www.comuna13online.com.ar\/wp-content\/uploads\/2024\/04\/20240426b_id.jpg","uagb_featured_image_src":{"full":["https:\/\/www.comuna13online.com.ar\/wp-content\/uploads\/2024\/04\/20240426b_id.jpg",678,381,false],"thumbnail":["https:\/\/www.comuna13online.com.ar\/wp-content\/uploads\/2024\/04\/20240426b_id.jpg",128,72,false],"medium":["https:\/\/www.comuna13online.com.ar\/wp-content\/uploads\/2024\/04\/20240426b_id.jpg",678,381,false],"medium_large":["https:\/\/www.comuna13online.com.ar\/wp-content\/uploads\/2024\/04\/20240426b_id.jpg",678,381,false],"large":["https:\/\/www.comuna13online.com.ar\/wp-content\/uploads\/2024\/04\/20240426b_id.jpg",678,381,false],"1536x1536":["https:\/\/www.comuna13online.com.ar\/wp-content\/uploads\/2024\/04\/20240426b_id.jpg",678,381,false],"2048x2048":["https:\/\/www.comuna13online.com.ar\/wp-content\/uploads\/2024\/04\/20240426b_id.jpg",678,381,false],"mh-magazine-slider":["https:\/\/www.comuna13online.com.ar\/wp-content\/uploads\/2024\/04\/20240426b_id.jpg",678,381,false],"mh-magazine-content":["https:\/\/www.comuna13online.com.ar\/wp-content\/uploads\/2024\/04\/20240426b_id.jpg",678,381,false],"mh-magazine-large":["https:\/\/www.comuna13online.com.ar\/wp-content\/uploads\/2024\/04\/20240426b_id.jpg",678,381,false],"mh-magazine-medium":["https:\/\/www.comuna13online.com.ar\/wp-content\/uploads\/2024\/04\/20240426b_id-326x245.jpg",326,245,true],"mh-magazine-small":["https:\/\/www.comuna13online.com.ar\/wp-content\/uploads\/2024\/04\/20240426b_id-80x60.jpg",80,60,true],"sow-carousel-default":["https:\/\/www.comuna13online.com.ar\/wp-content\/uploads\/2024\/04\/20240426b_id-272x182.jpg",272,182,true]},"uagb_author_info":{"display_name":"Comuna13","author_link":"https:\/\/www.comuna13online.com.ar\/?author=1"},"uagb_comment_info":0,"uagb_excerpt":"La medida fue publicada este viernes en el Bolet\u00edn Oficial, obliga a las compa\u00f1\u00edas aseguradoras a excluir el servicio de gr\u00faas o remolques y asistencia mec\u00e1nica de sus p\u00f3lizas en [...]","jetpack_sharing_enabled":true,"_links":{"self":[{"href":"https:\/\/www.comuna13online.com.ar\/index.php?rest_route=\/wp\/v2\/posts\/18804","targetHints":{"allow":["GET"]}}],"collection":[{"href":"https:\/\/www.comuna13online.com.ar\/index.php?rest_route=\/wp\/v2\/posts"}],"about":[{"href":"https:\/\/www.comuna13online.com.ar\/index.php?rest_route=\/wp\/v2\/types\/post"}],"author":[{"embeddable":true,"href":"https:\/\/www.comuna13online.com.ar\/index.php?rest_route=\/wp\/v2\/users\/1"}],"replies":[{"embeddable":true,"href":"https:\/\/www.comuna13online.com.ar\/index.php?rest_route=%2Fwp%2Fv2%2Fcomments&post=18804"}],"version-history":[{"count":0,"href":"https:\/\/www.comuna13online.com.ar\/index.php?rest_route=\/wp\/v2\/posts\/18804\/revisions"}],"wp:featuredmedia":[{"embeddable":true,"href":"https:\/\/www.comuna13online.com.ar\/index.php?rest_route=\/wp\/v2\/media\/18806"}],"wp:attachment":[{"href":"https:\/\/www.comuna13online.com.ar\/index.php?rest_route=%2Fwp%2Fv2%2Fmedia&parent=18804"}],"wp:term":[{"taxonomy":"category","embeddable":true,"href":"https:\/\/www.comuna13online.com.ar\/index.php?rest_route=%2Fwp%2Fv2%2Fcategories&post=18804"},{"taxonomy":"post_tag","embeddable":true,"href":"https:\/\/www.comuna13online.com.ar\/index.php?rest_route=%2Fwp%2Fv2%2Ftags&post=18804"}],"curies":[{"name":"wp","href":"https:\/\/api.w.org\/{rel}","templated":true}]}}