{"id":18683,"date":"2024-03-27T20:59:32","date_gmt":"2024-03-27T23:59:32","guid":{"rendered":"https:\/\/www.comuna13online.com.ar\/?p=18683"},"modified":"2024-04-04T20:02:45","modified_gmt":"2024-04-04T23:02:45","slug":"semana-santa-en-la-ciudad-parque-de-pascua-en-la-plaza-seeber","status":"publish","type":"post","link":"https:\/\/www.comuna13online.com.ar\/?p=18683","title":{"rendered":"Semana Santa en la Ciudad, Parque de Pascua en la Plaza Seeber"},"content":{"rendered":"\n<p><strong>Distribuidas por puntos estrat\u00e9gicos en el parque tem\u00e1tico, ofrece propuestas l\u00fadicas a participar de talleres, desaf\u00edos, un laberinto y muchas m\u00e1s actividades para todas las edades y disfrutar en familia.<\/strong><\/p>\n\n\n\n<figure class=\"wp-block-image size-full\"><img loading=\"lazy\" decoding=\"async\" width=\"678\" height=\"452\" data-attachment-id=\"18685\" data-permalink=\"https:\/\/www.comuna13online.com.ar\/?attachment_id=18685\" data-orig-file=\"https:\/\/www.comuna13online.com.ar\/wp-content\/uploads\/2024\/03\/20240326a_02.jpg\" data-orig-size=\"678,452\" data-comments-opened=\"0\" data-image-meta=\"{&quot;aperture&quot;:&quot;0&quot;,&quot;credit&quot;:&quot;&quot;,&quot;camera&quot;:&quot;&quot;,&quot;caption&quot;:&quot;&quot;,&quot;created_timestamp&quot;:&quot;0&quot;,&quot;copyright&quot;:&quot;&quot;,&quot;focal_length&quot;:&quot;0&quot;,&quot;iso&quot;:&quot;0&quot;,&quot;shutter_speed&quot;:&quot;0&quot;,&quot;title&quot;:&quot;&quot;,&quot;orientation&quot;:&quot;0&quot;}\" data-image-title=\"20240326a_02\" data-image-description=\"\" data-image-caption=\"\" data-large-file=\"https:\/\/www.comuna13online.com.ar\/wp-content\/uploads\/2024\/03\/20240326a_02.jpg\" src=\"https:\/\/www.comuna13online.com.ar\/wp-content\/uploads\/2024\/03\/20240326a_02.jpg\" alt=\"\" class=\"wp-image-18685\" srcset=\"https:\/\/www.comuna13online.com.ar\/wp-content\/uploads\/2024\/03\/20240326a_02.jpg 678w, https:\/\/www.comuna13online.com.ar\/wp-content\/uploads\/2024\/03\/20240326a_02-272x182.jpg 272w\" sizes=\"auto, (max-width: 678px) 100vw, 678px\" \/><\/figure>\n\n\n\n<div style=\"height:15px\" aria-hidden=\"true\" class=\"wp-block-spacer\"><\/div>\n\n\n\n<p>Llega Semana Santa, y si quieres disfrutar del aire libre y llevar a tus hijos a divertirse, no puedes perderte el Parque tem\u00e1tico de Pascua en la Ciudad de Buenos Aires, estar\u00e1 disponible del martes 26 al domingo 31 de marzo, de 11:00 a 19:00 horas (hasta las 21:00 hs. el \u00e1rea gastron\u00f3mica). en la <strong><a href=\"https:\/\/www.google.com\/maps\/place\/Plaza+Intendente+Seeber\/@-34.575421,-58.4171113,15z\/data=!4m6!3m5!1s0x95bcb577d3770a7b:0xae76d68f246e3bac!8m2!3d-34.575421!4d-58.4171113!16s%2Fg%2F1tzvxrln?entry=ttu\">Plaza Intendente Seeber<\/a><\/strong><a href=\"https:\/\/www.google.com\/maps\/place\/Plaza+Intendente+Seeber\/@-34.575421,-58.4171113,15z\/data=!4m6!3m5!1s0x95bcb577d3770a7b:0xae76d68f246e3bac!8m2!3d-34.575421!4d-58.4171113!16s%2Fg%2F1tzvxrln?entry=ttu\" target=\"_blank\" rel=\"noreferrer noopener\">. <em>(Av. Del Libertador y Av. Sarmiento, Palermo)<\/em><\/a>.<\/p>\n\n\n\n<p>El Parque de Pascua de la Ciudad es un lugar de entretenimiento y creatividad, y todos los d\u00edas de la Semana Santa 2024 encontrar\u00e1s talleres, animaci\u00f3n y actuaciones de m\u00fasica en vivo para ni\u00f1os. Desde talleres de cer\u00e1mica y stencil fr\u00edo hasta presentaciones musicales con artistas como Valor Vereda, Desenchufados, Vuelta Canela y muchos m\u00e1s, cada rinc\u00f3n del parque est\u00e1 lleno de sorpresas.<br><\/p>\n\n\n\n<p>Adem\u00e1s de muchas actividades art\u00edsticas, el parque tambi\u00e9n cuenta con un patio de comidas donde puedes comer mientras tus hijos queman algo de energ\u00eda. Si vas con ni\u00f1os, para ellos tambi\u00e9n hay mucho que hacer, no faltan t\u00edteres, circos ambulantes y diversos juegos inflables.<\/p>\n\n\n\n<p>Una de las atracciones destacadas es la Madriguera del Conejo, un recorrido divertido y sensorial que te permite explorar el interior de la casa del Conejo de Pascua. Adem\u00e1s, puedes capturar momentos especiales en Photo Opportunities, donde podr\u00e1s tomar fotograf\u00edas junto a la casa del Conejito de Pascua.<\/p>\n\n\n\n<p>Los talleres se llevan a cabo de martes a viernes y ofrecen una variedad de actividades creativas para ni\u00f1os y ni\u00f1as de todas las edades. Desde maquillaje de conejitas hasta serigraf\u00eda y adornos de huevos de Pascua.<\/p>\n\n\n\n<p>T\u00e9cnicas de escultura, cer\u00e1mica en fr\u00edo y estarcido, en los talleres del Parque de Pascua seguro encontrar\u00e1s una gran variedad de actividades para crear tus propias obras de arte inspiradas en la Semana Santa. y podr\u00e1s llev\u00e1rtelos a casa de recuerdo.<\/p>\n\n\n\n<div style=\"height:20px\" aria-hidden=\"true\" class=\"wp-block-spacer\"><\/div>\n<div align=\"center\">\n<blockquote class=\"twitter-tweet\"><p lang=\"es\" dir=\"ltr\">Parques de Pascua | La Plaza Seeber y el Parque de la Ciudad se preparan con una gran variedad de actividades al aire libre para toda la familia.<br><br>Vas a poder disfrutar de instalaciones lum\u00ednicas, laberintos, conejos gigantes, talleres, shows en vivo, juegos y mucho m\u00e1s. <a href=\"https:\/\/t.co\/CGpICTJi6w\">pic.twitter.com\/CGpICTJi6w<\/a><\/p>&mdash; DisfrutemosBA (@DisfrutemosBA) <a href=\"https:\/\/twitter.com\/DisfrutemosBA\/status\/1772730250151301250?ref_src=twsrc%5Etfw\">March 26, 2024<\/a><\/blockquote> <script async src=\"https:\/\/platform.twitter.com\/widgets.js\" charset=\"utf-8\"><\/script>\n<\/div>\n<div style=\"height:20px\" aria-hidden=\"true\" class=\"wp-block-spacer\"><\/div>\n\n\n\n<h3 class=\"wp-block-heading\">Actividades y espacios<\/h3>\n\n\n\n<p><strong>Actividades recreativas todo el dia<\/strong><\/p>\n\n\n\n<p><strong>La Madriguera de Conejo:<\/strong> un recorrido l\u00fadico y sensorial donde chicos de todas las edades podr\u00e1n visitar el interior de la casa de este cl\u00e1sico personaje de Pascua.<\/p>\n\n\n\n<p><strong>Photo Opportunity:<\/strong> casa del conejo, huevos decorados y m\u00e1s elementos representativos de la Pascua para que chicos y grandes puedan tomarse fotos en familia.<\/p>\n\n\n\n<p><strong>F\u00e1brica de Conejos<\/strong><\/p>\n\n\n\n<ul class=\"wp-block-list\">\n<li><strong>Estaci\u00f3n de maquillaje:<\/strong> para los chicos y sus familias con tem\u00e1tica de conejitos, huevos y otros elementos de Pascua.<\/li>\n\n\n\n<li><strong>Estaci\u00f3n de tattoos: <\/strong>tatuajes temporales con dise\u00f1os de esta celebraci\u00f3n.<\/li>\n\n\n\n<li><strong>Estaci\u00f3n de serigraf\u00eda:<\/strong> demostraci\u00f3n y creaci\u00f3n. Se estampar\u00e1n los distintos modelos en un p\u00f3ster que luego los chicos podr\u00e1n intervenir y pintar.<\/li>\n<\/ul>\n\n\n\n<p><strong>\u00a1Saltan los conejos!:<\/strong> una serie de juegos inflables con diferentes circuitos para saltar, trepar y deslizarse. que invitan a todos los chicos a ser conejos por un dia<\/p>\n\n\n\n<p><strong>Conejos Gigantes: <\/strong>2 figuras de 5 metros de alto representar\u00e1n a este personaje t\u00edpico de la Pascua. Ambos conejos se iluminar\u00e1n a partir del anochecer, brindando un espect\u00e1culo lum\u00ednico especial.<\/p>\n\n\n\n<p><strong>Talleres de Martes a Viernes<\/strong><\/p>\n\n\n\n<p><strong>F\u00e1brica de Conejos<\/strong><\/p>\n\n\n\n<ul class=\"wp-block-list\">\n<li>11:30 hs a 15:30 hs. Maquillaje<\/li>\n\n\n\n<li>13:30 a 17:30 hs Serigraf\u00eda<\/li>\n\n\n\n<li>15: 30 a 18:30 hs Tatuajes<\/li>\n<\/ul>\n\n\n\n<p><strong>El Taller del Conejo:<\/strong> un espacio para dar rienda suelta a la creatividad a trav\u00e9s de diversas t\u00e9cnicas, ofreciendo una agenda de actividades dise\u00f1ada para ni\u00f1os y ni\u00f1as. Se realizar\u00e1n 4 talleres por d\u00eda, de 40 minutos, para 25 chicos, cada uno.<\/p>\n\n\n\n<ul class=\"wp-block-list\">\n<li>11:30 a 12:30 hs<strong>. Burbugraf\u00eda<\/strong> &#8211; <strong>\u201cPostal para alguien que quieras mucho\u201d<\/strong> (a partir de 7 a\u00f1os; menores de esa edad deber\u00e1n estar acompa\u00f1ados por un adulto). Los participantes experimentar\u00e1n una de las t\u00e9cnicas m\u00e1s divertidas del arte abstracto, pintar con burbujas de colores. Cada ni\u00f1o realizar\u00e1 una postal de Pascua para llevarle a un ser querido, en el que sus emociones estar\u00e1n presentes por medio de los colores y las formas creadas.<\/li>\n\n\n\n<li>13:30 a 14:30 hs. <strong>Taller de Cer\u00e1mica Fr\u00eda <\/strong>&#8211; <strong>\u201cVasijas de conejos\u201d<\/strong> (a partir de los 7 a\u00f1os; menores de esa edad deber\u00e1n estar acompa\u00f1ados por un adulto). Se realizar\u00e1n vasijas utilizando t\u00e9cnicas especiales de modelado para darle forma de conejitos de Pascua, donde los participantes podr\u00e1n guardar sus huevos de chocolate.<\/li>\n\n\n\n<li>15:30 a 16:30 hs.<strong> Taller de stencil<\/strong> &#8211; <strong>\u201cDecorando huevos de Pascua\u201d<\/strong> (a partir de los 9 a\u00f1os; menores de esa edad deber\u00e1n estar acompa\u00f1ados de un adulto). Se invita a los participantes a experimentar a trav\u00e9s de esta t\u00e9cnica los colores y las distintas composiciones que pueden crear utilizando plantillas relacionadas (conejos, orejas, huevos, plantas, etc.) Podr\u00e1n as\u00ed componer un cuadro alegre y colorido (sobre base redonda de madera) para colgar en sus casas.<\/li>\n\n\n\n<li>17:30 a 18:30 hs. <strong>Atrapaluz para colgar <\/strong>&#8211; <strong>\u201cReflejando Colores\u201d<\/strong> (a partir de 9 a\u00f1os; menores de esa edad deber\u00e1n estar acompa\u00f1ados de un adulto). Cada chico dise\u00f1ar\u00e1 un atrapaluz para decorar su casa en esta Pascua. Utilizando papel barrilete\/celof\u00e1n experimentar\u00e1 la gran variedad de colores que se pueden generar por medio de la luz.<\/li>\n\n\n\n<li><strong>Taller de decoraci\u00f3n de Galletas de Pascua:<\/strong> (a partir de 6\/7 a\u00f1os) en esta oportunidad a los participantes se les dar\u00e1 una galleta de pascua, distintas herramientas para decorarlas tem\u00e1ticamente y, posteriormente, poder llevarla como un souvenir.<\/li>\n<\/ul>\n\n\n\n<h4 class=\"wp-block-heading\">Talleres s\u00e1bado y domingo<\/h4>\n\n\n\n<p><strong>11:30 a 12:30 hs. Burbugrafia<\/strong><br><strong>13:30 a 14:30 hs. Taller De Cer\u00e1mica Fr\u00eda<\/strong><br><strong>14:30 a 15.30hs Taller De Cer\u00e1mica<\/strong><br><strong>16:30 a 17:30 hs Taller De Stencil (Sabado)<\/strong><br><strong>16:30 a 17:30 hs Parque de Pascuas x Juventud: Taller de arcilla y acuarelas (domingo)<\/strong><br><strong>17:30 a 18:30 hs. Atrapaluz Para Colgar<\/strong><\/p>\n\n\n\n<h3 class=\"wp-block-heading\">Para Ver y Disfrutar<\/h3>\n\n\n\n<p><strong>Pascua en escena<\/strong><\/p>\n\n\n\n<h4 class=\"wp-block-heading\">Martes 26 de marzo<\/h4>\n\n\n\n<p>11 hs a 17 hs Circo, DJ, flasmob, challenge, libroYasos<br>17:00 hs SUPERNAVEGANTES, banda infantil<br>17:30 hs DJ + circo itinerante<br>18:00 hs VALOR VEREDA<\/p>\n\n\n\n<h4 class=\"wp-block-heading\">Mi\u00e9rcoles 27 de marzo<\/h4>\n\n\n\n<p>11 hs a 17 hs Circo, DJ, flasmob, challenge, libroYasos<br>17:00 hs Copla Colores<br>17:00 hs Orquesta<br>17:30 hs DJ + circo itinerante<br>18:00 hs DESENCHUFADOS<\/p>\n\n\n\n<h4 class=\"wp-block-heading\">Jueves 28 de marzo<\/h4>\n\n\n\n<p>11 hs Circo itinerante<br>11:30 hs Flashmob + Circo itinerante<br>11:45 hs DJ<br>12:30 hs T\u00edteres<br>13:30 hs Challenge \/ Circo itinerante<br>14:30 hs BORDE VERDE<br>15:00 hs DJ + Circo itinerante<br>15:30 hs Libroyasos<br>16:30 hs shows de circo<br>17:30 hs DJ + Circo itinerante<br>18:00 hs VUELTA CANELA<\/p>\n\n\n\n<h4 class=\"wp-block-heading\">Viernes 29 de marzo<\/h4>\n\n\n\n<p>11 hs Circo itinerante<br>11:30 hs Shows de circo<br>11:45 hs DJ<br>12:30 hs T\u00edteres<br>13:00 hs Challenge<br>13:30 hs Circo itinerante<br>14:30 hs CAZURROS<br>15:00 hs DJ<br>15:30 hs Arcoiris Lupita \/ Circo itinerante<br>16:30 hs Flashmob<br>17:30 hs DJ + Circo itinerante<br>18:00 hs KABRA DE PATA<\/p>\n\n\n\n<h4 class=\"wp-block-heading\">S\u00e1bado 30 de marzo<\/h4>\n\n\n\n<p>11 hs Circo itinerante<br>11:30 hs Flashmob + Circo itinerante<br>11:45 hs DJ<br>12:30 hs T\u00edteres<br>13:00 hs Challenge<br>13:30 hs Circo itinerante<br>14:30 hs KOUFEQUIN<br>15:00 hs DJ + Circo itinerante<br>15:30 hs Libroyasos<br>16:30 hs Shows de circo<br>17:30 hs DJ + Circo itinerante<br>18:00 hs DUO KARMA<\/p>\n\n\n\n<h4 class=\"wp-block-heading\">Domingo 31 de marzo<\/h4>\n\n\n\n<p>11 hs Circo itinerante<br>11:30 hs Shows de circo<br>11:45 hs DJ<br>12:30 hs T\u00edteres<br>13:00 hs Challenge<br>13:30 hs Circo itinerante<br>14:30 hs RAYOS Y CENTELLAS<br>15:00 hs DJ<br>15:30 hs Arcoiris Lupita + Circo itinerante<br>16:30 hs Flashmove<br>17:30 hs DJ + Circo itinerante<br>18:00 hs MAGDALENA FLEITAS<\/p>\n\n\n\n<h4 class=\"wp-block-heading\">El circo de Pascua<\/h4>\n\n\n\n<ul class=\"wp-block-list\">\n<li>Un grupo de artistas circenses realizar\u00e1 diferentes intervenciones por todo el parque, generando peque\u00f1os momentos m\u00e1gicos con el p\u00fablico presente.<\/li>\n<\/ul>\n\n\n\n<h4 class=\"wp-block-heading\">Para Recargar Energ\u00edas<\/h4>\n\n\n\n<p>Un espacio destinado a la gastronom\u00eda y al descanso<\/p>\n\n\n\n<h3 class=\"wp-block-heading\">Zona Gastron\u00f3mica<\/h3>\n\n\n\n<ul class=\"wp-block-list\">\n<li>Foodtrucks: Vera Pizzas. Good Papas. Veggie Green Burger. Gazpacho. Servicio de caf\u00e9 de especialidad. Stick station<\/li>\n\n\n\n<li>Bebidas calientes y fr\u00edas.<\/li>\n\n\n\n<li>Meriendas y panificados: cupcakes tem\u00e1ticos, roscas de Pascua, etc.<\/li>\n\n\n\n<li>Helados y chocolater\u00eda.<\/li>\n<\/ul>\n\n\n\n<h4 class=\"wp-block-heading\">Zona picnic y descanso<\/h4>\n\n\n\n<ul class=\"wp-block-list\">\n<li>Espacios habilitados para que las familias disfruten de sus comidas y descansen.<\/li>\n<\/ul>\n\n\n\n<p>Y tambi\u00e9n:<\/p>\n\n\n\n<ul class=\"wp-block-list\">\n<li>El rinc\u00f3n del conejo de Pascua: Descubriendo la Pascua Religiosa: Infograf\u00eda mural destinada a contar la historia religiosa de la Pascua a trav\u00e9s de la voz del conejo del parque.<\/li>\n\n\n\n<li>Patio de productos gastron\u00f3micos<\/li>\n\n\n\n<li>Feria de Dise\u00f1o<\/li>\n\n\n\n<li>Feria de emprendedores<\/li>\n\n\n\n<li>Recicletas<\/li>\n\n\n\n<li>Reciclat\u00f3n<\/li>\n\n\n\n<li>Juegos de empresas de Higiene<\/li>\n\n\n\n<li><strong>Radio de la Ciudad <\/strong>(Estudio M\u00f3vil el jueves 28\/03 de 14 a 18 h).<\/li>\n<\/ul>\n\n\n\n<div style=\"height:25px\" aria-hidden=\"true\" class=\"wp-block-spacer\"><\/div>\n\n\n\n<figure class=\"wp-block-image size-large\"><img decoding=\"async\" src=\"https:\/\/cdn.feater.me\/files\/images\/3740422\/70e531bc-99aa-4184-924b-9893bcb27cbd.jpg\" alt=\"\"\/><\/figure>\n","protected":false},"excerpt":{"rendered":"<div class=\"mh-excerpt\">Distribuidas por puntos estrat\u00e9gicos en el parque tem\u00e1tico, ofrece propuestas l\u00fadicas a participar de talleres, desaf\u00edos, un laberinto y muchas m\u00e1s actividades para todas las edades y disfrutar en familia. <a class=\"mh-excerpt-more\" href=\"https:\/\/www.comuna13online.com.ar\/?p=18683\" title=\"Semana Santa en la Ciudad, Parque de Pascua en la Plaza Seeber\">[&#8230;]<\/a><\/div>\n","protected":false},"author":1,"featured_media":18684,"comment_status":"closed","ping_status":"closed","sticky":false,"template":"","format":"standard","meta":{"_uag_custom_page_level_css":"","_jetpack_memberships_contains_paid_content":false,"footnotes":"","jetpack_publicize_message":"","jetpack_publicize_feature_enabled":true,"jetpack_social_post_already_shared":true,"jetpack_social_options":{"image_generator_settings":{"template":"highway","default_image_id":0,"font":"","enabled":false},"version":2}},"categories":[41],"tags":[250,296,71],"class_list":{"0":"post-18683","1":"post","2":"type-post","3":"status-publish","4":"format-standard","5":"has-post-thumbnail","7":"category-tiempo-libre","8":"tag-h2","9":"tag-h3","10":"tag-tiempo-libre"},"jetpack_publicize_connections":[],"jetpack_featured_media_url":"https:\/\/www.comuna13online.com.ar\/wp-content\/uploads\/2024\/03\/20240326a_id.jpg","uagb_featured_image_src":{"full":["https:\/\/www.comuna13online.com.ar\/wp-content\/uploads\/2024\/03\/20240326a_id.jpg",677,381,false],"thumbnail":["https:\/\/www.comuna13online.com.ar\/wp-content\/uploads\/2024\/03\/20240326a_id.jpg",128,72,false],"medium":["https:\/\/www.comuna13online.com.ar\/wp-content\/uploads\/2024\/03\/20240326a_id.jpg",677,381,false],"medium_large":["https:\/\/www.comuna13online.com.ar\/wp-content\/uploads\/2024\/03\/20240326a_id.jpg",677,381,false],"large":["https:\/\/www.comuna13online.com.ar\/wp-content\/uploads\/2024\/03\/20240326a_id.jpg",677,381,false],"1536x1536":["https:\/\/www.comuna13online.com.ar\/wp-content\/uploads\/2024\/03\/20240326a_id.jpg",677,381,false],"2048x2048":["https:\/\/www.comuna13online.com.ar\/wp-content\/uploads\/2024\/03\/20240326a_id.jpg",677,381,false],"mh-magazine-slider":["https:\/\/www.comuna13online.com.ar\/wp-content\/uploads\/2024\/03\/20240326a_id.jpg",677,381,false],"mh-magazine-content":["https:\/\/www.comuna13online.com.ar\/wp-content\/uploads\/2024\/03\/20240326a_id.jpg",677,381,false],"mh-magazine-large":["https:\/\/www.comuna13online.com.ar\/wp-content\/uploads\/2024\/03\/20240326a_id.jpg",677,381,false],"mh-magazine-medium":["https:\/\/www.comuna13online.com.ar\/wp-content\/uploads\/2024\/03\/20240326a_id-326x245.jpg",326,245,true],"mh-magazine-small":["https:\/\/www.comuna13online.com.ar\/wp-content\/uploads\/2024\/03\/20240326a_id-80x60.jpg",80,60,true],"sow-carousel-default":["https:\/\/www.comuna13online.com.ar\/wp-content\/uploads\/2024\/03\/20240326a_id-272x182.jpg",272,182,true]},"uagb_author_info":{"display_name":"Comuna13","author_link":"https:\/\/www.comuna13online.com.ar\/?author=1"},"uagb_comment_info":0,"uagb_excerpt":"Distribuidas por puntos estrat\u00e9gicos en el parque tem\u00e1tico, ofrece propuestas l\u00fadicas a participar de talleres, desaf\u00edos, un laberinto y muchas m\u00e1s actividades para todas las edades y disfrutar en familia. [...]","jetpack_sharing_enabled":true,"_links":{"self":[{"href":"https:\/\/www.comuna13online.com.ar\/index.php?rest_route=\/wp\/v2\/posts\/18683","targetHints":{"allow":["GET"]}}],"collection":[{"href":"https:\/\/www.comuna13online.com.ar\/index.php?rest_route=\/wp\/v2\/posts"}],"about":[{"href":"https:\/\/www.comuna13online.com.ar\/index.php?rest_route=\/wp\/v2\/types\/post"}],"author":[{"embeddable":true,"href":"https:\/\/www.comuna13online.com.ar\/index.php?rest_route=\/wp\/v2\/users\/1"}],"replies":[{"embeddable":true,"href":"https:\/\/www.comuna13online.com.ar\/index.php?rest_route=%2Fwp%2Fv2%2Fcomments&post=18683"}],"version-history":[{"count":0,"href":"https:\/\/www.comuna13online.com.ar\/index.php?rest_route=\/wp\/v2\/posts\/18683\/revisions"}],"wp:featuredmedia":[{"embeddable":true,"href":"https:\/\/www.comuna13online.com.ar\/index.php?rest_route=\/wp\/v2\/media\/18684"}],"wp:attachment":[{"href":"https:\/\/www.comuna13online.com.ar\/index.php?rest_route=%2Fwp%2Fv2%2Fmedia&parent=18683"}],"wp:term":[{"taxonomy":"category","embeddable":true,"href":"https:\/\/www.comuna13online.com.ar\/index.php?rest_route=%2Fwp%2Fv2%2Fcategories&post=18683"},{"taxonomy":"post_tag","embeddable":true,"href":"https:\/\/www.comuna13online.com.ar\/index.php?rest_route=%2Fwp%2Fv2%2Ftags&post=18683"}],"curies":[{"name":"wp","href":"https:\/\/api.w.org\/{rel}","templated":true}]}}