{"id":18676,"date":"2024-03-27T16:26:11","date_gmt":"2024-03-27T19:26:11","guid":{"rendered":"https:\/\/www.comuna13online.com.ar\/?p=18676"},"modified":"2024-03-27T16:26:14","modified_gmt":"2024-03-27T19:26:14","slug":"se-puede-circular-por-el-paseo-del-bajo-en-coche-los-fines-de-semana-y-feriados","status":"publish","type":"post","link":"https:\/\/www.comuna13online.com.ar\/?p=18676","title":{"rendered":"Se puede circular por el Paseo del Bajo en coche los fines de semana y feriados"},"content":{"rendered":"\n<p><strong>Tras\u00a0un estudio t\u00e9cnico del tr\u00e1nsito, lo habilitan para autom\u00f3viles desde este mi\u00e9rcoles, ser\u00e1 gratuito durante el fin de semana largo y desde el pr\u00f3ximo fin de semana habr\u00e1 peaje.<\/strong><\/p>\n\n\n\n<figure class=\"wp-block-image size-full\"><img loading=\"lazy\" decoding=\"async\" width=\"678\" height=\"381\" data-attachment-id=\"18680\" data-permalink=\"https:\/\/www.comuna13online.com.ar\/?attachment_id=18680\" data-orig-file=\"https:\/\/www.comuna13online.com.ar\/wp-content\/uploads\/2024\/03\/20240327a_id.jpg\" data-orig-size=\"678,381\" data-comments-opened=\"0\" data-image-meta=\"{&quot;aperture&quot;:&quot;0&quot;,&quot;credit&quot;:&quot;&quot;,&quot;camera&quot;:&quot;&quot;,&quot;caption&quot;:&quot;&quot;,&quot;created_timestamp&quot;:&quot;0&quot;,&quot;copyright&quot;:&quot;&quot;,&quot;focal_length&quot;:&quot;0&quot;,&quot;iso&quot;:&quot;0&quot;,&quot;shutter_speed&quot;:&quot;0&quot;,&quot;title&quot;:&quot;&quot;,&quot;orientation&quot;:&quot;0&quot;}\" data-image-title=\"20240327a_id\" data-image-description=\"\" data-image-caption=\"\" data-large-file=\"https:\/\/www.comuna13online.com.ar\/wp-content\/uploads\/2024\/03\/20240327a_id.jpg\" src=\"https:\/\/www.comuna13online.com.ar\/wp-content\/uploads\/2024\/03\/20240327a_id.jpg\" alt=\"\" class=\"wp-image-18680\"\/><\/figure>\n\n\n\n<div style=\"height:20px\" aria-hidden=\"true\" class=\"wp-block-spacer\"><\/div>\n\n\n\n<p>El Jefe de Gobierno, Jorge Macri, anunci\u00f3 que el Paseo del Bajo ser\u00e1 accesible para autom\u00f3viles los fines de semana y feriados. Esta medida pretende agilizar el desplazamiento en la ciudad durante estos d\u00edas en los que disminuye el n\u00famero de camiones y autobuses. En ese sentido los autom\u00f3viles podr\u00e1n cruzar el corredor vial de 7,1 km de longitud en menos de 12 minutos.<\/p>\n\n\n\n<p>Durante una recorrida por el Paseo Macri esta tarde tras una recorrida por el Paseo junto al ministro de Infraestructura,\u00a0<strong>Pablo Bereciartua<\/strong>, y directivos de la empresa<strong>\u00a0AUSA<\/strong>.<\/p>\n\n\n\n<p>Durante una recorrida por el Pase, Macri expres\u00f3 \u201cEsto est\u00e1 en l\u00ednea con lo que estamos haciendo en otros \u00e1mbitos: revisar decisiones y explorar nuevas posibilidades siempre pensando en el beneficio que eso significa para los vecinos. Y no es una decisi\u00f3n aislada. Se inscribe en el marco de una visi\u00f3n que apunta a construir una ciudad m\u00e1s conectada de manera inteligente\u201d.<\/p>\n\n\n\n<p>La medida fue adoptada tras conocerse los resultados de un estudio t\u00e9cnico del tr\u00e1nsito y comenzar\u00e1 a regir desde este mi\u00e9rcoles. El fin de semana largo de Semana Santa se podr\u00e1 atravesar por el Paseo sin costo, desde el mi\u00e9rcoles 27 de marzo a las 20 horas, hasta el mi\u00e9rcoles 3 de abril a las 6 horas. Lugo, a partir del fin de semana siguiente los automovilistas van a poder circular mediante el TelePASE desde las 22 del viernes y hasta las 5 del lunes. El costo por veh\u00edculo ser\u00e1 de $ 3.553.<\/p>\n\n\n\n<p>Seg\u00fan el estudio realizado por el Gobierno de la Ciudad, se desprende que el Paseo del Bajo promedia una circulaci\u00f3n de 1.000 camiones por hora de lunes a viernes, mientras que el domingo esta cifra baja a 200. <em>\u00abEn esa diferencia encontramos la oportunidad para devolverle a los vecinos minutos de su tiempo mientras transitan de un lado a otro\u201d<\/em>, destac\u00f3 el primer mandatario porte\u00f1o. <\/p>\n\n\n\n<p>Por su parte, el Ministro de Infraestructura porte\u00f1o,\u00a0Pablo Bereciartua, asegur\u00f3 <em>\u201cTenemos el compromiso de mejorar la fluidez y la movilidad de quienes todos los d\u00edas transitan y se mueven por la Ciudad. Con el Paseo del Bajo habilitado para autos se va a conectar el norte con el sur de una manera segura, ordenada y eficiente, un hito en la historia de la movilidad porte\u00f1a\u201d<\/em>.<\/p>\n\n\n\n<p>Para los automovilistas que ya sean usuarios de<strong> <\/strong>TelePASE\u00a0se realizar\u00e1 el cobreo autom\u00e1ticamente. Y quienes no lo posean deber\u00e1n hacer el pago correspondiente a su patente a trav\u00e9s de la web de AUSA dentro de los 30 d\u00edas posteriores al paso.<\/p>\n","protected":false},"excerpt":{"rendered":"<div class=\"mh-excerpt\">Tras\u00a0un estudio t\u00e9cnico del tr\u00e1nsito, lo habilitan para autom\u00f3viles desde este mi\u00e9rcoles, ser\u00e1 gratuito durante el fin de semana largo y desde el pr\u00f3ximo fin de semana habr\u00e1 peaje. El <a class=\"mh-excerpt-more\" href=\"https:\/\/www.comuna13online.com.ar\/?p=18676\" title=\"Se puede circular por el Paseo del Bajo en coche los fines de semana y feriados\">[&#8230;]<\/a><\/div>\n","protected":false},"author":1,"featured_media":18680,"comment_status":"closed","ping_status":"closed","sticky":false,"template":"","format":"standard","meta":{"_uag_custom_page_level_css":"","_jetpack_memberships_contains_paid_content":false,"footnotes":"","jetpack_publicize_message":"","jetpack_publicize_feature_enabled":true,"jetpack_social_post_already_shared":true,"jetpack_social_options":{"image_generator_settings":{"template":"highway","default_image_id":0,"font":"","enabled":false},"version":2}},"categories":[53],"tags":[250,296,285,54],"class_list":{"0":"post-18676","1":"post","2":"type-post","3":"status-publish","4":"format-standard","5":"has-post-thumbnail","7":"category-transito","8":"tag-h2","9":"tag-h3","10":"tag-movilidad","11":"tag-transito"},"jetpack_publicize_connections":[],"jetpack_featured_media_url":"https:\/\/www.comuna13online.com.ar\/wp-content\/uploads\/2024\/03\/20240327a_id.jpg","uagb_featured_image_src":{"full":["https:\/\/www.comuna13online.com.ar\/wp-content\/uploads\/2024\/03\/20240327a_id.jpg",678,381,false],"thumbnail":["https:\/\/www.comuna13online.com.ar\/wp-content\/uploads\/2024\/03\/20240327a_id.jpg",128,72,false],"medium":["https:\/\/www.comuna13online.com.ar\/wp-content\/uploads\/2024\/03\/20240327a_id.jpg",678,381,false],"medium_large":["https:\/\/www.comuna13online.com.ar\/wp-content\/uploads\/2024\/03\/20240327a_id.jpg",678,381,false],"large":["https:\/\/www.comuna13online.com.ar\/wp-content\/uploads\/2024\/03\/20240327a_id.jpg",678,381,false],"1536x1536":["https:\/\/www.comuna13online.com.ar\/wp-content\/uploads\/2024\/03\/20240327a_id.jpg",678,381,false],"2048x2048":["https:\/\/www.comuna13online.com.ar\/wp-content\/uploads\/2024\/03\/20240327a_id.jpg",678,381,false],"mh-magazine-slider":["https:\/\/www.comuna13online.com.ar\/wp-content\/uploads\/2024\/03\/20240327a_id.jpg",678,381,false],"mh-magazine-content":["https:\/\/www.comuna13online.com.ar\/wp-content\/uploads\/2024\/03\/20240327a_id.jpg",678,381,false],"mh-magazine-large":["https:\/\/www.comuna13online.com.ar\/wp-content\/uploads\/2024\/03\/20240327a_id.jpg",678,381,false],"mh-magazine-medium":["https:\/\/www.comuna13online.com.ar\/wp-content\/uploads\/2024\/03\/20240327a_id-326x245.jpg",326,245,true],"mh-magazine-small":["https:\/\/www.comuna13online.com.ar\/wp-content\/uploads\/2024\/03\/20240327a_id-80x60.jpg",80,60,true],"sow-carousel-default":["https:\/\/www.comuna13online.com.ar\/wp-content\/uploads\/2024\/03\/20240327a_id-272x182.jpg",272,182,true]},"uagb_author_info":{"display_name":"Comuna13","author_link":"https:\/\/www.comuna13online.com.ar\/?author=1"},"uagb_comment_info":0,"uagb_excerpt":"Tras\u00a0un estudio t\u00e9cnico del tr\u00e1nsito, lo habilitan para autom\u00f3viles desde este mi\u00e9rcoles, ser\u00e1 gratuito durante el fin de semana largo y desde el pr\u00f3ximo fin de semana habr\u00e1 peaje. El [...]","jetpack_sharing_enabled":true,"_links":{"self":[{"href":"https:\/\/www.comuna13online.com.ar\/index.php?rest_route=\/wp\/v2\/posts\/18676","targetHints":{"allow":["GET"]}}],"collection":[{"href":"https:\/\/www.comuna13online.com.ar\/index.php?rest_route=\/wp\/v2\/posts"}],"about":[{"href":"https:\/\/www.comuna13online.com.ar\/index.php?rest_route=\/wp\/v2\/types\/post"}],"author":[{"embeddable":true,"href":"https:\/\/www.comuna13online.com.ar\/index.php?rest_route=\/wp\/v2\/users\/1"}],"replies":[{"embeddable":true,"href":"https:\/\/www.comuna13online.com.ar\/index.php?rest_route=%2Fwp%2Fv2%2Fcomments&post=18676"}],"version-history":[{"count":0,"href":"https:\/\/www.comuna13online.com.ar\/index.php?rest_route=\/wp\/v2\/posts\/18676\/revisions"}],"wp:featuredmedia":[{"embeddable":true,"href":"https:\/\/www.comuna13online.com.ar\/index.php?rest_route=\/wp\/v2\/media\/18680"}],"wp:attachment":[{"href":"https:\/\/www.comuna13online.com.ar\/index.php?rest_route=%2Fwp%2Fv2%2Fmedia&parent=18676"}],"wp:term":[{"taxonomy":"category","embeddable":true,"href":"https:\/\/www.comuna13online.com.ar\/index.php?rest_route=%2Fwp%2Fv2%2Fcategories&post=18676"},{"taxonomy":"post_tag","embeddable":true,"href":"https:\/\/www.comuna13online.com.ar\/index.php?rest_route=%2Fwp%2Fv2%2Ftags&post=18676"}],"curies":[{"name":"wp","href":"https:\/\/api.w.org\/{rel}","templated":true}]}}