{"id":18671,"date":"2024-03-22T03:30:00","date_gmt":"2024-03-22T06:30:00","guid":{"rendered":"https:\/\/www.comuna13online.com.ar\/?p=18671"},"modified":"2024-03-25T15:54:47","modified_gmt":"2024-03-25T18:54:47","slug":"la-legislatura-conmemoro-el-dia-mundial-del-sindrome-de-down","status":"publish","type":"post","link":"https:\/\/www.comuna13online.com.ar\/?p=18671","title":{"rendered":"La Legislatura conmemor\u00f3 el D\u00eda Mundial del S\u00edndrome de Down"},"content":{"rendered":"\n<p><strong>Cada 21 de marzo desde 2011, se conmemora el d\u00eda mundial del S\u00edndrome de Down con el objetivo de concientizar sobre la importancia de una independencia individual de este sector de la poblaci\u00f3n.<\/strong><\/p>\n\n\n\n<figure class=\"wp-block-image size-full\"><img loading=\"lazy\" decoding=\"async\" width=\"678\" height=\"452\" data-attachment-id=\"18673\" data-permalink=\"https:\/\/www.comuna13online.com.ar\/?attachment_id=18673\" data-orig-file=\"https:\/\/www.comuna13online.com.ar\/wp-content\/uploads\/2024\/03\/20240322c_01.jpg\" data-orig-size=\"678,452\" data-comments-opened=\"0\" data-image-meta=\"{&quot;aperture&quot;:&quot;0&quot;,&quot;credit&quot;:&quot;&quot;,&quot;camera&quot;:&quot;&quot;,&quot;caption&quot;:&quot;&quot;,&quot;created_timestamp&quot;:&quot;0&quot;,&quot;copyright&quot;:&quot;&quot;,&quot;focal_length&quot;:&quot;0&quot;,&quot;iso&quot;:&quot;0&quot;,&quot;shutter_speed&quot;:&quot;0&quot;,&quot;title&quot;:&quot;&quot;,&quot;orientation&quot;:&quot;0&quot;}\" data-image-title=\"20240322c_01\" data-image-description=\"\" data-image-caption=\"\" data-large-file=\"https:\/\/www.comuna13online.com.ar\/wp-content\/uploads\/2024\/03\/20240322c_01.jpg\" src=\"https:\/\/www.comuna13online.com.ar\/wp-content\/uploads\/2024\/03\/20240322c_01.jpg\" alt=\"\" class=\"wp-image-18673\" srcset=\"https:\/\/www.comuna13online.com.ar\/wp-content\/uploads\/2024\/03\/20240322c_01.jpg 678w, https:\/\/www.comuna13online.com.ar\/wp-content\/uploads\/2024\/03\/20240322c_01-272x182.jpg 272w\" sizes=\"auto, (max-width: 678px) 100vw, 678px\" \/><\/figure>\n\n\n\n<div style=\"height:20px\" aria-hidden=\"true\" class=\"wp-block-spacer\"><\/div>\n\n\n\n<p>La Asamblea General de las Naciones Unidas design\u00f3 cada 21 de marzo en referencia a la trisom\u00eda 21, el nombre formal del s\u00edndrome (que causa tres copias del cromosoma 21). Se determin\u00f3 que el mes de marzo representa los 3 cromosomas y el d\u00eda 21, por ser el par 21<\/p>\n\n\n\n<p>En ese contexto, la Legislatura de la Ciudad de Buenos Aires realiz\u00f3 este viernes un acto en rememoraci\u00f3n  del D\u00eda Mundial del S\u00edndrome de Down, el mismo se llevo a cabo en Sal\u00f3n San Mart\u00edn del Palacio Legislativo y cont\u00f3 con la participaci\u00f3n de la Clara Muzzio, Vicejefa del Gobierno de la Ciudad.<\/p>\n\n\n\n<p>Este d\u00eda se celebra a nivel internacional y su objetivo es visibilizar, concientizar y apoyar la voz de todos y buscar mejores condiciones en salud, educaci\u00f3n e igualdad. En ese sentido, la Legislatura es un lugar donde pueden intercambiar directamente experiencias, testimonios, mensajes y sugerencias, y conocer otros grupos que apuntan tambi\u00e9n a una mejor base.<\/p>\n\n\n\n<p>Clara Muzzio, madre de 3 hijos, Benjam\u00edn, de un a\u00f1o y con s\u00edndrome de Down, expres\u00f3 <em>\u201cTenemos que cambiar la mirada y seguir trabajando para generar oportunidades reales y concretas. Es una responsabilidad de todos: de las familias, de las personas pero fundamentalmente del Estado. Es ah\u00ed donde yo, no solamente como presidenta de esta Casa sino como vicejefa de Gobierno, me pongo bajo esta gran responsabilidad y este gran desaf\u00edo que tenemos como Gobierno de la Ciudad de seguir generando oportunidades y derribando barreras\u201d<\/em>.<\/p>\n\n\n\n<p>Junto a Clara, acompa\u00f1\u00f3 Mar\u00eda Luisa Gonz\u00e1lez Estevarena, Vicepresidenta primera de la Comisi\u00f3n de Discapacidad de la Legislatura, quien coment\u00f3 <em>\u201cEs un compromiso que asumo con cada uno de ustedes quedar a disposici\u00f3n para tender redes, para tener una respuesta a todo lo que se pueda ir haciendo en esta camino\u201d<\/em>.<\/p>\n\n\n\n<p>Entre presencias en el Sal\u00f3n San Mart\u00edn y acompa\u00f1amiento desde distintos puntos del pa\u00eds de manera virtual, colaboraron las ONGs Apasido, Loros Parlantes, Crearte, Santa M\u00f3nica Hockey Inclusivo, el Taller Municipal de la Ciudad de 9 de Julio Taekwondo Sin Fronteras Parataekwondo Ol\u00edmpico WT, las fundaciones Baccigalupo y Upis Complejo \u00c9tico El Zapato y la Asociaci\u00f3n S\u00edndrome de Down Republica Argentina (ASDRA).<\/p>\n\n\n\n<p><em>\u201cHay mucho por hacer. Los desaf\u00edos para la inclusi\u00f3n realmente son importantes. Estamos una \u00e9poca donde nos tenemos que unir. Las cosas se logran cuando nos unimos y los que se benefician son ellos y las familias. La diversidad transforma, nos hace respetuosos, nos hace considerar al otro, nos hace emp\u00e1ticos\u201d<\/em>, comunic\u00f3 Rosa Scioti, miembro de ASDRA. Con una frase que enmarca a la organizaci\u00f3n que representa, cerr\u00f3: <em>\u201cHagamos de la inclusi\u00f3n algo de todos los d\u00edas\u201d<\/em>.<\/p>\n","protected":false},"excerpt":{"rendered":"<div class=\"mh-excerpt\">Cada 21 de marzo desde 2011, se conmemora el d\u00eda mundial del S\u00edndrome de Down con el objetivo de concientizar sobre la importancia de una independencia individual de este sector <a class=\"mh-excerpt-more\" href=\"https:\/\/www.comuna13online.com.ar\/?p=18671\" title=\"La Legislatura conmemor\u00f3 el D\u00eda Mundial del S\u00edndrome de Down\">[&#8230;]<\/a><\/div>\n","protected":false},"author":1,"featured_media":18672,"comment_status":"closed","ping_status":"closed","sticky":false,"template":"","format":"standard","meta":{"_uag_custom_page_level_css":"","_jetpack_memberships_contains_paid_content":false,"footnotes":"","jetpack_publicize_message":"","jetpack_publicize_feature_enabled":true,"jetpack_social_post_already_shared":true,"jetpack_social_options":{"image_generator_settings":{"template":"highway","default_image_id":0,"font":"","enabled":false},"version":2}},"categories":[253],"tags":[131,243,250,296,7],"class_list":{"0":"post-18671","1":"post","2":"type-post","3":"status-publish","4":"format-standard","5":"has-post-thumbnail","7":"category-discapacidad","8":"tag-derechos","9":"tag-discapacidad","10":"tag-h2","11":"tag-h3","12":"tag-legislatura"},"jetpack_publicize_connections":[],"jetpack_featured_media_url":"https:\/\/www.comuna13online.com.ar\/wp-content\/uploads\/2024\/03\/20240322c_id.jpg","uagb_featured_image_src":{"full":["https:\/\/www.comuna13online.com.ar\/wp-content\/uploads\/2024\/03\/20240322c_id.jpg",678,381,false],"thumbnail":["https:\/\/www.comuna13online.com.ar\/wp-content\/uploads\/2024\/03\/20240322c_id.jpg",128,72,false],"medium":["https:\/\/www.comuna13online.com.ar\/wp-content\/uploads\/2024\/03\/20240322c_id.jpg",678,381,false],"medium_large":["https:\/\/www.comuna13online.com.ar\/wp-content\/uploads\/2024\/03\/20240322c_id.jpg",678,381,false],"large":["https:\/\/www.comuna13online.com.ar\/wp-content\/uploads\/2024\/03\/20240322c_id.jpg",678,381,false],"1536x1536":["https:\/\/www.comuna13online.com.ar\/wp-content\/uploads\/2024\/03\/20240322c_id.jpg",678,381,false],"2048x2048":["https:\/\/www.comuna13online.com.ar\/wp-content\/uploads\/2024\/03\/20240322c_id.jpg",678,381,false],"mh-magazine-slider":["https:\/\/www.comuna13online.com.ar\/wp-content\/uploads\/2024\/03\/20240322c_id.jpg",678,381,false],"mh-magazine-content":["https:\/\/www.comuna13online.com.ar\/wp-content\/uploads\/2024\/03\/20240322c_id.jpg",678,381,false],"mh-magazine-large":["https:\/\/www.comuna13online.com.ar\/wp-content\/uploads\/2024\/03\/20240322c_id.jpg",678,381,false],"mh-magazine-medium":["https:\/\/www.comuna13online.com.ar\/wp-content\/uploads\/2024\/03\/20240322c_id-326x245.jpg",326,245,true],"mh-magazine-small":["https:\/\/www.comuna13online.com.ar\/wp-content\/uploads\/2024\/03\/20240322c_id-80x60.jpg",80,60,true],"sow-carousel-default":["https:\/\/www.comuna13online.com.ar\/wp-content\/uploads\/2024\/03\/20240322c_id-272x182.jpg",272,182,true]},"uagb_author_info":{"display_name":"Comuna13","author_link":"https:\/\/www.comuna13online.com.ar\/?author=1"},"uagb_comment_info":0,"uagb_excerpt":"Cada 21 de marzo desde 2011, se conmemora el d\u00eda mundial del S\u00edndrome de Down con el objetivo de concientizar sobre la importancia de una independencia individual de este sector [...]","jetpack_sharing_enabled":true,"_links":{"self":[{"href":"https:\/\/www.comuna13online.com.ar\/index.php?rest_route=\/wp\/v2\/posts\/18671","targetHints":{"allow":["GET"]}}],"collection":[{"href":"https:\/\/www.comuna13online.com.ar\/index.php?rest_route=\/wp\/v2\/posts"}],"about":[{"href":"https:\/\/www.comuna13online.com.ar\/index.php?rest_route=\/wp\/v2\/types\/post"}],"author":[{"embeddable":true,"href":"https:\/\/www.comuna13online.com.ar\/index.php?rest_route=\/wp\/v2\/users\/1"}],"replies":[{"embeddable":true,"href":"https:\/\/www.comuna13online.com.ar\/index.php?rest_route=%2Fwp%2Fv2%2Fcomments&post=18671"}],"version-history":[{"count":0,"href":"https:\/\/www.comuna13online.com.ar\/index.php?rest_route=\/wp\/v2\/posts\/18671\/revisions"}],"wp:featuredmedia":[{"embeddable":true,"href":"https:\/\/www.comuna13online.com.ar\/index.php?rest_route=\/wp\/v2\/media\/18672"}],"wp:attachment":[{"href":"https:\/\/www.comuna13online.com.ar\/index.php?rest_route=%2Fwp%2Fv2%2Fmedia&parent=18671"}],"wp:term":[{"taxonomy":"category","embeddable":true,"href":"https:\/\/www.comuna13online.com.ar\/index.php?rest_route=%2Fwp%2Fv2%2Fcategories&post=18671"},{"taxonomy":"post_tag","embeddable":true,"href":"https:\/\/www.comuna13online.com.ar\/index.php?rest_route=%2Fwp%2Fv2%2Ftags&post=18671"}],"curies":[{"name":"wp","href":"https:\/\/api.w.org\/{rel}","templated":true}]}}