{"id":18667,"date":"2024-03-25T15:23:36","date_gmt":"2024-03-25T18:23:36","guid":{"rendered":"https:\/\/www.comuna13online.com.ar\/?p=18667"},"modified":"2024-03-25T15:23:39","modified_gmt":"2024-03-25T18:23:39","slug":"el-ejecutivo-porteno-envio-un-proyecto-la-ley-de-reiterancia","status":"publish","type":"post","link":"https:\/\/www.comuna13online.com.ar\/?p=18667","title":{"rendered":"El ejecutivo porte\u00f1o envi\u00f3 un proyecto la Ley de Reiterancia"},"content":{"rendered":"\n<p><strong>Endurece las penas a quienes cometan otro delito. \u201cQueremos que los delincuentes sean los que est\u00e9n tras las rejas y que los vecinos se sientan libres y seguros\u201d, expres\u00f3 Macri.<\/strong><\/p>\n\n\n\n<div style=\"height:10px\" aria-hidden=\"true\" class=\"wp-block-spacer\"><\/div>\n\n\n\n<p>El Gobierno porte\u00f1o envi\u00f3 a la Legislatura un proyecto que busca modificar el C\u00f3digo Procesal Penal de la Ciudad y crear la Ley de Reiterancia, con el objetivo de fortalecer las penas y fijar est\u00e1ndares de justicia m\u00e1s estrictos para los que vuelven a cometer delitos.<\/p>\n\n\n\n<p>En ese sentido, el Jefe de Gobierno, Jorge Macri, manifest\u00f3 <em>\u201cProponemos que si una persona es detenida y tiene una causa judicial abierta, espere su proceso presa. Queremos que los delincuentes sean los que est\u00e9n tras las rejas y que los vecinos de la Ciudad se sientan libres y seguros\u201d<\/em>.<\/p>\n\n\n\n<p><em>\u201cNecesitamos dejar atr\u00e1s la l\u00f3gica garantista que libera delincuentes que vuelven a matar, robar o violar. Delito de adulto, pena de adulto. En la Ciudad tenemos muy en claro de qu\u00e9 lado estamos: nunca del lado de los delincuentes\u201d<\/em>, afirm\u00f3 el primer mandatario porte\u00f1o.<\/p>\n\n\n\n<div style=\"height:20px\" aria-hidden=\"true\" class=\"wp-block-spacer\"><\/div>\n<div align=\"center\">\n<blockquote class=\"twitter-tweet\"><p lang=\"es\" dir=\"ltr\">TERMINEMOS CON LA PUERTA GIRATORIA<br><br>Queremos que los delincuentes sean los que est\u00e9n tras las rejas y que los vecinos de la Ciudad se sientan libres y seguros.<br><br>Para eso, enviamos a la <a href=\"https:\/\/twitter.com\/LegisCABA?ref_src=twsrc%5Etfw\">@LegisCABA<\/a> un proyecto de ley para modificar el C\u00f3digo Procesal Penal de la Ciudad. Proponemos\u2026 <a href=\"https:\/\/t.co\/94ILxOnCmM\">pic.twitter.com\/94ILxOnCmM<\/a><\/p>&mdash; Jorge Macri (@jorgemacri) <a href=\"https:\/\/twitter.com\/jorgemacri\/status\/1770894641648251140?ref_src=twsrc%5Etfw\">March 21, 2024<\/a><\/blockquote> <script async src=\"https:\/\/platform.twitter.com\/widgets.js\" charset=\"utf-8\"><\/script>\n<\/div>\n<div style=\"height:20px\" aria-hidden=\"true\" class=\"wp-block-spacer\"><\/div>\n\n\n\n<p><strong>El concepto de \u201creiterancia\u201d es m\u00e1s estricto que el de \u201creincidencia\u201d<\/strong>, que rige ahora. Con la reiterancia se busca que un delincuente espere el juicio preso. La reincidencia, en cambio, habilita la posibilidad de que el delincuente permanezca en libertad durante el proceso judicial (que puede durar a\u00f1os), con la posibilidad de seguir delinquiendo. <strong>Esta modificaci\u00f3n tiene el objetivo de evitar la llamada \u201cpuerta giratoria\u201d<\/strong>, que hace que un delincuente entre por una puerta y salga por la otra, con la chance de volver a delinquir.<\/p>\n\n\n\n<p>La Ley de Reiterancia es uno de los compromisos asumidos por Jorge Macri, quien adem\u00e1s la propuso en la reuni\u00f3n con los gobernadores en Casa Rosada. Las provincias que ya aplican el concepto de reiterancia en sus c\u00f3digos procesales son Mendoza, Tucum\u00e1n, Chubut y Formosa.<\/p>\n","protected":false},"excerpt":{"rendered":"<div class=\"mh-excerpt\">Endurece las penas a quienes cometan otro delito. \u201cQueremos que los delincuentes sean los que est\u00e9n tras las rejas y que los vecinos se sientan libres y seguros\u201d, expres\u00f3 Macri. <a class=\"mh-excerpt-more\" href=\"https:\/\/www.comuna13online.com.ar\/?p=18667\" title=\"El ejecutivo porte\u00f1o envi\u00f3 un proyecto la Ley de Reiterancia\">[&#8230;]<\/a><\/div>\n","protected":false},"author":1,"featured_media":18668,"comment_status":"closed","ping_status":"closed","sticky":false,"template":"","format":"standard","meta":{"_uag_custom_page_level_css":"","_jetpack_memberships_contains_paid_content":false,"footnotes":"","jetpack_publicize_message":"","jetpack_publicize_feature_enabled":true,"jetpack_social_post_already_shared":true,"jetpack_social_options":{"image_generator_settings":{"template":"highway","default_image_id":0,"font":"","enabled":false},"version":2}},"categories":[4],"tags":[250,296,108,7,316],"class_list":{"0":"post-18667","1":"post","2":"type-post","3":"status-publish","4":"format-standard","5":"has-post-thumbnail","7":"category-justicia","8":"tag-h2","9":"tag-h3","10":"tag-justicia","11":"tag-legislatura","12":"tag-macri"},"jetpack_publicize_connections":[],"jetpack_featured_media_url":"https:\/\/www.comuna13online.com.ar\/wp-content\/uploads\/2024\/03\/20240325a_id.jpg","uagb_featured_image_src":{"full":["https:\/\/www.comuna13online.com.ar\/wp-content\/uploads\/2024\/03\/20240325a_id.jpg",678,381,false],"thumbnail":["https:\/\/www.comuna13online.com.ar\/wp-content\/uploads\/2024\/03\/20240325a_id.jpg",128,72,false],"medium":["https:\/\/www.comuna13online.com.ar\/wp-content\/uploads\/2024\/03\/20240325a_id.jpg",678,381,false],"medium_large":["https:\/\/www.comuna13online.com.ar\/wp-content\/uploads\/2024\/03\/20240325a_id.jpg",678,381,false],"large":["https:\/\/www.comuna13online.com.ar\/wp-content\/uploads\/2024\/03\/20240325a_id.jpg",678,381,false],"1536x1536":["https:\/\/www.comuna13online.com.ar\/wp-content\/uploads\/2024\/03\/20240325a_id.jpg",678,381,false],"2048x2048":["https:\/\/www.comuna13online.com.ar\/wp-content\/uploads\/2024\/03\/20240325a_id.jpg",678,381,false],"mh-magazine-slider":["https:\/\/www.comuna13online.com.ar\/wp-content\/uploads\/2024\/03\/20240325a_id.jpg",678,381,false],"mh-magazine-content":["https:\/\/www.comuna13online.com.ar\/wp-content\/uploads\/2024\/03\/20240325a_id.jpg",678,381,false],"mh-magazine-large":["https:\/\/www.comuna13online.com.ar\/wp-content\/uploads\/2024\/03\/20240325a_id.jpg",678,381,false],"mh-magazine-medium":["https:\/\/www.comuna13online.com.ar\/wp-content\/uploads\/2024\/03\/20240325a_id-326x245.jpg",326,245,true],"mh-magazine-small":["https:\/\/www.comuna13online.com.ar\/wp-content\/uploads\/2024\/03\/20240325a_id-80x60.jpg",80,60,true],"sow-carousel-default":["https:\/\/www.comuna13online.com.ar\/wp-content\/uploads\/2024\/03\/20240325a_id-272x182.jpg",272,182,true]},"uagb_author_info":{"display_name":"Comuna13","author_link":"https:\/\/www.comuna13online.com.ar\/?author=1"},"uagb_comment_info":0,"uagb_excerpt":"Endurece las penas a quienes cometan otro delito. \u201cQueremos que los delincuentes sean los que est\u00e9n tras las rejas y que los vecinos se sientan libres y seguros\u201d, expres\u00f3 Macri. [...]","jetpack_sharing_enabled":true,"_links":{"self":[{"href":"https:\/\/www.comuna13online.com.ar\/index.php?rest_route=\/wp\/v2\/posts\/18667","targetHints":{"allow":["GET"]}}],"collection":[{"href":"https:\/\/www.comuna13online.com.ar\/index.php?rest_route=\/wp\/v2\/posts"}],"about":[{"href":"https:\/\/www.comuna13online.com.ar\/index.php?rest_route=\/wp\/v2\/types\/post"}],"author":[{"embeddable":true,"href":"https:\/\/www.comuna13online.com.ar\/index.php?rest_route=\/wp\/v2\/users\/1"}],"replies":[{"embeddable":true,"href":"https:\/\/www.comuna13online.com.ar\/index.php?rest_route=%2Fwp%2Fv2%2Fcomments&post=18667"}],"version-history":[{"count":0,"href":"https:\/\/www.comuna13online.com.ar\/index.php?rest_route=\/wp\/v2\/posts\/18667\/revisions"}],"wp:featuredmedia":[{"embeddable":true,"href":"https:\/\/www.comuna13online.com.ar\/index.php?rest_route=\/wp\/v2\/media\/18668"}],"wp:attachment":[{"href":"https:\/\/www.comuna13online.com.ar\/index.php?rest_route=%2Fwp%2Fv2%2Fmedia&parent=18667"}],"wp:term":[{"taxonomy":"category","embeddable":true,"href":"https:\/\/www.comuna13online.com.ar\/index.php?rest_route=%2Fwp%2Fv2%2Fcategories&post=18667"},{"taxonomy":"post_tag","embeddable":true,"href":"https:\/\/www.comuna13online.com.ar\/index.php?rest_route=%2Fwp%2Fv2%2Ftags&post=18667"}],"curies":[{"name":"wp","href":"https:\/\/api.w.org\/{rel}","templated":true}]}}