{"id":18650,"date":"2024-03-22T18:19:36","date_gmt":"2024-03-22T21:19:36","guid":{"rendered":"https:\/\/www.comuna13online.com.ar\/?p=18650"},"modified":"2024-03-23T10:42:20","modified_gmt":"2024-03-23T13:42:20","slug":"cortes-de-calles-por-los-recitales-de-maria-becerra-en-river","status":"publish","type":"post","link":"https:\/\/www.comuna13online.com.ar\/?p=18650","title":{"rendered":"Cortes de calles por los recitales de Maria Becerra en River"},"content":{"rendered":"\n<div style=\"height:10px\" aria-hidden=\"true\" class=\"wp-block-spacer\"><\/div>\n\n\n\n<figure class=\"wp-block-image size-full\"><img loading=\"lazy\" decoding=\"async\" width=\"678\" height=\"452\" data-attachment-id=\"18652\" data-permalink=\"https:\/\/www.comuna13online.com.ar\/?attachment_id=18652\" data-orig-file=\"https:\/\/www.comuna13online.com.ar\/wp-content\/uploads\/2024\/03\/20240322a_01.jpg\" data-orig-size=\"678,452\" data-comments-opened=\"0\" data-image-meta=\"{&quot;aperture&quot;:&quot;0&quot;,&quot;credit&quot;:&quot;&quot;,&quot;camera&quot;:&quot;&quot;,&quot;caption&quot;:&quot;&quot;,&quot;created_timestamp&quot;:&quot;0&quot;,&quot;copyright&quot;:&quot;&quot;,&quot;focal_length&quot;:&quot;0&quot;,&quot;iso&quot;:&quot;0&quot;,&quot;shutter_speed&quot;:&quot;0&quot;,&quot;title&quot;:&quot;&quot;,&quot;orientation&quot;:&quot;0&quot;}\" data-image-title=\"20240322a_01\" data-image-description=\"\" data-image-caption=\"\" data-large-file=\"https:\/\/www.comuna13online.com.ar\/wp-content\/uploads\/2024\/03\/20240322a_01.jpg\" src=\"https:\/\/www.comuna13online.com.ar\/wp-content\/uploads\/2024\/03\/20240322a_01.jpg\" alt=\"\" class=\"wp-image-18652\" srcset=\"https:\/\/www.comuna13online.com.ar\/wp-content\/uploads\/2024\/03\/20240322a_01.jpg 678w, https:\/\/www.comuna13online.com.ar\/wp-content\/uploads\/2024\/03\/20240322a_01-272x182.jpg 272w\" sizes=\"auto, (max-width: 678px) 100vw, 678px\" \/><\/figure>\n\n\n\n<div style=\"height:15px\" aria-hidden=\"true\" class=\"wp-block-spacer\"><\/div>\n\n\n\n<p><strong>El Gobierno porte\u00f1o inform\u00f3 cortes de calles en las inmediaciones del estadio Monumental por los recitales que brindar\u00e1 el viernes y s\u00e1bado por la noche la cantante y compositora en River.<\/strong><\/p>\n\n\n\n<p>Habr\u00e1 un corte total parcial en la <strong>Av. Pres. Figueroa Alcorta entre <strong>Av. Udaondo<\/strong> y Av. Monroe<\/strong>. Desde este viernes 22 a partir de las 14 horas se cierra el Puente Labruna que conecta Udaondo con Lugones y Cantilo. La Avenida Udaondo estar\u00e1 abierta hasta el mediod\u00eda del mismo d\u00eda del evento.<\/p>\n\n\n\n<p>Desde las 08:00 horas de hoy, se proceder\u00e1 a cortar ambos troncales de Avenida Figueroa Alcorta, permaneciendo liberada hasta el mediod\u00eda del d\u00eda del evento la Avenida Udaondo y a las 20:00 horas del d\u00eda anterior, proceder al corte por Av. Figueroa Alcorta del primer carril vehicular del lado del Estadio.<\/p>\n\n\n\n<p>Habr\u00e1 una Unidad M\u00f3vil de Denuncias en Av. Libertador, entre Udaondo y Lidoro Quinteros, por otro lado el Gobierno de la Ciudad reforz\u00f3 el control en la zona para el ingreso del p\u00fablico y la circulaci\u00f3n de los vecinos, adem\u00e1s habr\u00e1 personal para prevenir la presencia de trapitos, la venta ambulante y de alcohol.<\/p>\n\n\n\n<div style=\"height:20px\" aria-hidden=\"true\" class=\"wp-block-spacer\"><\/div>\n<div align=\"center\">\n<blockquote class=\"twitter-tweet\"><p lang=\"es\" dir=\"ltr\">Se refuerza el trabajo de la Polic\u00eda de la Ciudad en los alrededores del Estadio de River. <br><br>El tr\u00e1nsito est\u00e1 cortado en las avenidas Figueroa Alcorta y Udaondo. Hay tres sectores de ingreso para las personas que asistan al recital, que se har\u00e1 hoy y ma\u00f1ana s\u00e1bado: Udaondo,\u2026 <a href=\"https:\/\/t.co\/AlMDq1yc8q\">pic.twitter.com\/AlMDq1yc8q<\/a><\/p>&mdash; Buenos Aires Ciudad (@gcba) <a href=\"https:\/\/twitter.com\/gcba\/status\/1771287125624869328?ref_src=twsrc%5Etfw\">March 22, 2024<\/a><\/blockquote> <script async src=\"https:\/\/platform.twitter.com\/widgets.js\" charset=\"utf-8\"><\/script>\n<\/div>\n<div style=\"height:20px\" aria-hidden=\"true\" class=\"wp-block-spacer\"><\/div>\n\n\n\n<h3 class=\"wp-block-heading\">Funcionamiento del transporte p\u00fablico<\/h3>\n\n\n\n<h4 class=\"wp-block-heading\">Colectivos<\/h4>\n\n\n\n<p>Las l\u00edneas de colectivo que llegan al estadio Mas Monumental son las siguientes:&nbsp;<em>15, 29, 37, 42, 57, 107, 130, 152 y 160<\/em>.&nbsp;<\/p>\n\n\n\n<h4 class=\"wp-block-heading\">Estaciones de Ecobici<\/h4>\n\n\n\n<p>Las estaciones ubicadas en las inmediaciones del estadio que estar\u00e1n habilitadas para retiro y devoluci\u00f3n de bicicletas son:<\/p>\n\n\n\n<ul class=\"wp-block-list\">\n<li>227: Club Ciudad de Buenos Aires<\/li>\n\n\n\n<li>288: Secretar\u00eda de Deportes<\/li>\n\n\n\n<li>289: Monta\u00f1eses<\/li>\n\n\n\n<li>396: Plaza Alberti<\/li>\n\n\n\n<li>250: Fleni<\/li>\n\n\n\n<li>248: H\u00fasares<\/li>\n\n\n\n<li>375: Ciudad Universitaria I<\/li>\n<\/ul>\n\n\n\n<p>Por su parte, las estaciones N\u00b0344 \u00abUniversidad Di Tella\u00bb y N\u00b0261 \u00abQuinteros Lidoro\u00bb, estar\u00e1n inhabilitadas para retiro y devoluci\u00f3n de bicis desde el viernes 22 hasta a las 8 del domingo 124 de marzo.<\/p>\n\n\n\n<h4 class=\"wp-block-heading\">Subtes<\/h4>\n\n\n\n<p>La estaci\u00f3n m\u00e1s cercana para llegar al estadio es\u00a0Congreso de Tucum\u00e1n, de la l\u00ednea D. Todas las l\u00edneas van a funcionar seg\u00fan el cronograma habitual. Consult\u00e1 los horarios en la web de\u00a0<a href=\"https:\/\/emova.com.ar\/\" target=\"_blank\" rel=\"noreferrer noopener\">Emova<\/a>.<\/p>\n\n\n\n<div style=\"height:20px\" aria-hidden=\"true\" class=\"wp-block-spacer\"><\/div>\n\n\n\n<div align=\"center\">\n<blockquote class=\"twitter-tweet\"><p lang=\"es\" dir=\"ltr\">TRANSPORTES para llegar al Estadio River Plate y los ACCESOS de sus sectores \ud83d\udc47\ud83c\udffb <a href=\"https:\/\/t.co\/PzusZCbmvh\">pic.twitter.com\/PzusZCbmvh<\/a><\/p>&mdash; Comunidad Maria Becerra (@MBComunidad) <a href=\"https:\/\/twitter.com\/MBComunidad\/status\/1771182097228509365?ref_src=twsrc%5Etfw\">March 22, 2024<\/a><\/blockquote> <script async src=\"https:\/\/platform.twitter.com\/widgets.js\" charset=\"utf-8\"><\/script>\n<\/div>\n","protected":false},"excerpt":{"rendered":"<div class=\"mh-excerpt\">El Gobierno porte\u00f1o inform\u00f3 cortes de calles en las inmediaciones del estadio Monumental por los recitales que brindar\u00e1 el viernes y s\u00e1bado por la noche la cantante y compositora en <a class=\"mh-excerpt-more\" href=\"https:\/\/www.comuna13online.com.ar\/?p=18650\" title=\"Cortes de calles por los recitales de Maria Becerra en River\">[&#8230;]<\/a><\/div>\n","protected":false},"author":1,"featured_media":18651,"comment_status":"closed","ping_status":"closed","sticky":false,"template":"","format":"standard","meta":{"_uag_custom_page_level_css":"","_jetpack_memberships_contains_paid_content":false,"footnotes":"","jetpack_publicize_message":"","jetpack_publicize_feature_enabled":true,"jetpack_social_post_already_shared":true,"jetpack_social_options":{"image_generator_settings":{"template":"highway","default_image_id":0,"font":"","enabled":false},"version":2}},"categories":[53],"tags":[19,250,296,54],"class_list":{"0":"post-18650","1":"post","2":"type-post","3":"status-publish","4":"format-standard","5":"has-post-thumbnail","7":"category-transito","8":"tag-comuna-13","9":"tag-h2","10":"tag-h3","11":"tag-transito"},"jetpack_publicize_connections":[],"jetpack_featured_media_url":"https:\/\/www.comuna13online.com.ar\/wp-content\/uploads\/2024\/03\/20240322a_id.jpg","uagb_featured_image_src":{"full":["https:\/\/www.comuna13online.com.ar\/wp-content\/uploads\/2024\/03\/20240322a_id.jpg",678,381,false],"thumbnail":["https:\/\/www.comuna13online.com.ar\/wp-content\/uploads\/2024\/03\/20240322a_id.jpg",128,72,false],"medium":["https:\/\/www.comuna13online.com.ar\/wp-content\/uploads\/2024\/03\/20240322a_id.jpg",678,381,false],"medium_large":["https:\/\/www.comuna13online.com.ar\/wp-content\/uploads\/2024\/03\/20240322a_id.jpg",678,381,false],"large":["https:\/\/www.comuna13online.com.ar\/wp-content\/uploads\/2024\/03\/20240322a_id.jpg",678,381,false],"1536x1536":["https:\/\/www.comuna13online.com.ar\/wp-content\/uploads\/2024\/03\/20240322a_id.jpg",678,381,false],"2048x2048":["https:\/\/www.comuna13online.com.ar\/wp-content\/uploads\/2024\/03\/20240322a_id.jpg",678,381,false],"mh-magazine-slider":["https:\/\/www.comuna13online.com.ar\/wp-content\/uploads\/2024\/03\/20240322a_id.jpg",678,381,false],"mh-magazine-content":["https:\/\/www.comuna13online.com.ar\/wp-content\/uploads\/2024\/03\/20240322a_id.jpg",678,381,false],"mh-magazine-large":["https:\/\/www.comuna13online.com.ar\/wp-content\/uploads\/2024\/03\/20240322a_id.jpg",678,381,false],"mh-magazine-medium":["https:\/\/www.comuna13online.com.ar\/wp-content\/uploads\/2024\/03\/20240322a_id-326x245.jpg",326,245,true],"mh-magazine-small":["https:\/\/www.comuna13online.com.ar\/wp-content\/uploads\/2024\/03\/20240322a_id-80x60.jpg",80,60,true],"sow-carousel-default":["https:\/\/www.comuna13online.com.ar\/wp-content\/uploads\/2024\/03\/20240322a_id-272x182.jpg",272,182,true]},"uagb_author_info":{"display_name":"Comuna13","author_link":"https:\/\/www.comuna13online.com.ar\/?author=1"},"uagb_comment_info":0,"uagb_excerpt":"El Gobierno porte\u00f1o inform\u00f3 cortes de calles en las inmediaciones del estadio Monumental por los recitales que brindar\u00e1 el viernes y s\u00e1bado por la noche la cantante y compositora en [...]","jetpack_sharing_enabled":true,"_links":{"self":[{"href":"https:\/\/www.comuna13online.com.ar\/index.php?rest_route=\/wp\/v2\/posts\/18650","targetHints":{"allow":["GET"]}}],"collection":[{"href":"https:\/\/www.comuna13online.com.ar\/index.php?rest_route=\/wp\/v2\/posts"}],"about":[{"href":"https:\/\/www.comuna13online.com.ar\/index.php?rest_route=\/wp\/v2\/types\/post"}],"author":[{"embeddable":true,"href":"https:\/\/www.comuna13online.com.ar\/index.php?rest_route=\/wp\/v2\/users\/1"}],"replies":[{"embeddable":true,"href":"https:\/\/www.comuna13online.com.ar\/index.php?rest_route=%2Fwp%2Fv2%2Fcomments&post=18650"}],"version-history":[{"count":0,"href":"https:\/\/www.comuna13online.com.ar\/index.php?rest_route=\/wp\/v2\/posts\/18650\/revisions"}],"wp:featuredmedia":[{"embeddable":true,"href":"https:\/\/www.comuna13online.com.ar\/index.php?rest_route=\/wp\/v2\/media\/18651"}],"wp:attachment":[{"href":"https:\/\/www.comuna13online.com.ar\/index.php?rest_route=%2Fwp%2Fv2%2Fmedia&parent=18650"}],"wp:term":[{"taxonomy":"category","embeddable":true,"href":"https:\/\/www.comuna13online.com.ar\/index.php?rest_route=%2Fwp%2Fv2%2Fcategories&post=18650"},{"taxonomy":"post_tag","embeddable":true,"href":"https:\/\/www.comuna13online.com.ar\/index.php?rest_route=%2Fwp%2Fv2%2Ftags&post=18650"}],"curies":[{"name":"wp","href":"https:\/\/api.w.org\/{rel}","templated":true}]}}