{"id":18622,"date":"2024-03-12T16:47:57","date_gmt":"2024-03-12T19:47:57","guid":{"rendered":"https:\/\/www.comuna13online.com.ar\/?p=18622"},"modified":"2024-03-15T16:52:24","modified_gmt":"2024-03-15T19:52:24","slug":"la-ciudad-se-suma-a-la-campana-nacional-de-deteccion-del-glaucoma","status":"publish","type":"post","link":"https:\/\/www.comuna13online.com.ar\/?p=18622","title":{"rendered":"La Ciudad se suma a la Campa\u00f1a Nacional de Detecci\u00f3n del Glaucoma"},"content":{"rendered":"\n<p><strong><strong>Hospitales porte\u00f1os realizar\u00e1n controles gratuitos de presi\u00f3n intraocular y ex\u00e1menes de la papila del nervio \u00f3ptico. Los servicios de oftalmolog\u00eda los realizar\u00e1n por orden de llegada y sin turno previo.<\/strong><\/strong><\/p>\n\n\n\n<p>Este viernes&nbsp;<strong>15 de marzo<\/strong>, diferentes hospitales de la Ciudad se suman a la&nbsp;<strong>Campa\u00f1a Nacional de Detecci\u00f3n del Glaucoma<\/strong>. Se llevar\u00e1n adelante&nbsp;<strong>controles gratuitos<\/strong>&nbsp;de&nbsp;<strong>presi\u00f3n intraocular<\/strong>&nbsp;y ex\u00e1menes de la&nbsp;<strong>papila del nervio \u00f3ptico<\/strong>.&nbsp;Los servicios de oftalmolog\u00eda los realizar\u00e1n&nbsp;<strong>por orden de llegada y sin turno previo<\/strong>.&nbsp;<\/p>\n\n\n\n<p>La campa\u00f1a est\u00e1&nbsp;<strong>destinada a toda la comunidad<\/strong>&nbsp;y tiene por objetivo detectar personas con alteraciones compatibles con glaucoma para derivarlas a su oftalm\u00f3logo, o a su m\u00e9dico de cabecera. A su vez, es organizada desde 1997 por el&nbsp;<strong>Consejo Argentino de Oftalmolog\u00eda<\/strong>&nbsp;(CAO), la<strong>&nbsp;Asociaci\u00f3n Argentina de Glaucoma<\/strong>&nbsp;(AsAG) y la&nbsp;<strong>Fundaci\u00f3n para la Investigaci\u00f3n del Glaucoma<\/strong>&nbsp;(FIG).&nbsp;<\/p>\n\n\n\n<div style=\"height:20px\" aria-hidden=\"true\" class=\"wp-block-spacer\"><\/div>\n\n\n\n<h4 class=\"wp-block-heading\">Los hospitales p\u00fablicos de la Ciudad que se suman a esta campa\u00f1a:<\/h4>\n\n\n\n<ul class=\"wp-block-list\">\n<li><strong>Hospital Lagleyze, de 9 a 12 horas.<\/strong> <a href=\"https:\/\/mapa.buenosaires.gob.ar\/comollego\/?lat=-34.605594&amp;lng=-58.460089&amp;zl=15&amp;modo=transporte&amp;dir=Justo%2C+Juan+B.+Av.+4151\">Av. Juan B. Justo 4151<\/a><\/li>\n\n\n\n<li><strong>Hospital Santa Luc\u00eda, de 8 a 12 horas.<\/strong> <a href=\"https:\/\/mapa.buenosaires.gob.ar\/comollego\/?lat=-34.622808&amp;lng=-58.394458&amp;zl=15&amp;modo=transporte&amp;dir=HOSP.+DE+OFTALMOLOGIA+SANTA+LUCIA\">San Juan 2021<\/a><\/li>\n\n\n\n<li><strong>Hospital Fern\u00e1ndez, de 9 a 12 horas.<\/strong> <a href=\"https:\/\/mapa.buenosaires.gob.ar\/comollego\/?lat=-34.580655&amp;lng=-58.406391&amp;zl=18&amp;modo=transporte&amp;dir=Cervi%C3%B1o+Av.+3356\">Av. Cervi\u00f1o 3356<\/a><\/li>\n\n\n\n<li><strong>Hospital Rivadavia, de 9 a 12 horas.<\/strong> <a href=\"https:\/\/mapa.buenosaires.gob.ar\/comollego\/?lat=-34.584917&amp;lng=-58.400179&amp;zl=18&amp;modo=transporte&amp;dir=HOSP.+GENERAL+DE+AGUDOS+B.+RIVADAVIA\">Av. Las Heras 2670<\/a><\/li>\n\n\n\n<li><strong>Hospital Durand, de 8 a 11:30 horas.<\/strong> <a href=\"https:\/\/mapa.buenosaires.gob.ar\/comollego\/?lat=-34.608969&amp;lng=-58.437982&amp;zl=15&amp;modo=transporte&amp;dir=HOSP.+GENERAL+DE+AGUDOS+DR.+C.+DURAND\">D\u00edaz V\u00e9lez 5044<\/a><\/li>\n<\/ul>\n\n\n\n<div style=\"height:20px\" aria-hidden=\"true\" class=\"wp-block-spacer\"><\/div>\n<div align=\"center\">\n<blockquote class=\"twitter-tweet\"><p lang=\"es\" dir=\"ltr\">El glaucoma es una enfermedad asintom\u00e1tica que da\u00f1a el nervio \u00f3ptico y produce la p\u00e9rdida progresiva de la visi\u00f3n. Por eso es tan importante su diagn\u00f3stico a trav\u00e9s de los ex\u00e1menes m\u00e9dicos. <a href=\"https:\/\/t.co\/ni0RXqUBf4\">pic.twitter.com\/ni0RXqUBf4<\/a><\/p>&mdash; BA Salud (@BASalud) <a href=\"https:\/\/twitter.com\/BASalud\/status\/1767193595830833438?ref_src=twsrc%5Etfw\">March 11, 2024<\/a><\/blockquote> <script async src=\"https:\/\/platform.twitter.com\/widgets.js\" charset=\"utf-8\"><\/script>\n<\/div>\n<div style=\"height:20px\" aria-hidden=\"true\" class=\"wp-block-spacer\"><\/div>\n\n\n\n<h4 class=\"wp-block-heading\">\u00bfQu\u00e9 es el Glaucoma?<\/h4>\n\n\n\n<p>El glaucoma es una enfermedad de los ojos, cr\u00f3nica y progresiva, causada principalmente por la presi\u00f3n ocular aumentada (PIO). Puede ocasionar la ceguera si no es oportunamente tratada. Existen m\u00faltiples formas cl\u00ednicas de esta patolog\u00eda. La m\u00e1s frecuente es el glaucoma cr\u00f3nico simple.<\/p>\n\n\n\n<h4 class=\"wp-block-heading\"><strong>\u00bfQu\u00e9 causa el Glaucoma?<\/strong><\/h4>\n\n\n\n<p>Dentro del ojo, entre el cristalino y la c\u00f3rnea, hay un l\u00edquido transparente llamado Humor acuoso. Este l\u00edquido se produce dentro del ojo por los procesos ciliares y es eliminado a trav\u00e9s de un canal especial llamado trabeculado. Cuando por alguna raz\u00f3n el trabeculado o canal de filtraci\u00f3n, se obstruye o tapa, la PIO aumenta dentro del ojo. La PIO elevada genera da\u00f1o irreversible en el nervio \u00f3ptico. Se lo clasifica en \u00e1ngulo abierto cuando el mecanismo por el cual la PIO aumenta es por alteraci\u00f3n interna del canal de filtraci\u00f3n (trabeculado). Y de \u00e1ngulo cerrado cuando la raiz del iris obstruye el canal (es un \u00e1ngulo ocluible).<\/p>\n\n\n\n<h4 class=\"wp-block-heading\"><strong>\u00bfCu\u00e1les son los s\u00edntomas?<\/strong><\/h4>\n\n\n\n<p>El glaucoma en sus inicios no presenta s\u00edntomas espec\u00edficos. La \u00fanica manera de diagnosticarlo es concurrir a la consulta oftalmol\u00f3gica en forma peri\u00f3dica y controlar la PIO y el aspecto del nervio \u00f3ptico. En algunas ocasiones se puede notar:<\/p>\n\n\n\n<ul class=\"wp-block-list\">\n<li>Cambio frecuente de anteojos.<\/li>\n\n\n\n<li>Dificultad para adaptar la vista en lugares oscuros.<\/li>\n\n\n\n<li>P\u00e9rdida de la visi\u00f3n lateral.<\/li>\n\n\n\n<li>Halos en forma de anillo alrededor de las luces.<\/li>\n<\/ul>\n\n\n\n<h4 class=\"wp-block-heading\"><strong>\u00bfA qui\u00e9nes afecta?<\/strong><\/h4>\n\n\n\n<p>El glaucoma puede afectar a cualquier persona. Sin embargo, si usted presenta alguna de estas caracter\u00edsticas, es ideal que est\u00e9 m\u00e1s atento: personas mayores de 40 a\u00f1os; personas con familiares directos que padecen glaucoma (padres, hermanos, abuelos); personas que han sufrido traumatismos en los ojos; y personas que usan corticoides (en cualquier formato).<\/p>\n\n\n\n<h4 class=\"wp-block-heading\"><strong>\u00bfC\u00f3mo se lo trata?<\/strong><\/h4>\n\n\n\n<p>Actualmente no hay cura para el glaucoma. Sin embargo, una vez que se lo detecta se puede detener su progresi\u00f3n con gotas para los ojos que bajan la PIO. Cuanto antes se diagnostica, mayor ser\u00e1 la probabilidad de prevenir una seria p\u00e9rdida de la visi\u00f3n. Se puede realizar l\u00e1ser o cirug\u00eda cuando el tratamiento con gotas no es suficiente pero ninguno de estos procedimientos es curativo.<\/p>\n\n\n\n<h4 class=\"wp-block-heading\"><strong>\u00bfC\u00f3mo se lo detecta?<\/strong><\/h4>\n\n\n\n<p>El examen para la detecci\u00f3n del glaucoma es r\u00e1pido e indoloro. El especialista debe realizar una revisaci\u00f3n de la funci\u00f3n visual y con unas gotas de anestesia tomar la PIO con un aparato especial llamado ton\u00f3metro. Tambi\u00e9n se estudia las caracter\u00edsticas del ojo para ver el \u00e1ngulo y el nervio \u00f3ptico. Se debe hacer un control oftalmol\u00f3gico por lo menos 1 vez por a\u00f1o para toda persona sana. Si en el chequeo de rutina se sospecha glaucoma, el m\u00e9dico indicar\u00e1 estudios espec\u00edficos para pesquizar con m\u00e1s detalle la probabilidad de padecer glaucoma.<\/p>\n","protected":false},"excerpt":{"rendered":"<div class=\"mh-excerpt\">Hospitales porte\u00f1os realizar\u00e1n controles gratuitos de presi\u00f3n intraocular y ex\u00e1menes de la papila del nervio \u00f3ptico. Los servicios de oftalmolog\u00eda los realizar\u00e1n por orden de llegada y sin turno previo. <a class=\"mh-excerpt-more\" href=\"https:\/\/www.comuna13online.com.ar\/?p=18622\" title=\"La Ciudad se suma a la Campa\u00f1a Nacional de Detecci\u00f3n del Glaucoma\">[&#8230;]<\/a><\/div>\n","protected":false},"author":1,"featured_media":791,"comment_status":"closed","ping_status":"closed","sticky":false,"template":"","format":"standard","meta":{"_uag_custom_page_level_css":"","_jetpack_memberships_contains_paid_content":false,"footnotes":"","jetpack_publicize_message":"","jetpack_publicize_feature_enabled":true,"jetpack_social_post_already_shared":true,"jetpack_social_options":{"image_generator_settings":{"template":"highway","default_image_id":0,"font":"","enabled":false},"version":2}},"categories":[44],"tags":[250,296,45],"class_list":{"0":"post-18622","1":"post","2":"type-post","3":"status-publish","4":"format-standard","5":"has-post-thumbnail","7":"category-salud","8":"tag-h2","9":"tag-h3","10":"tag-salud"},"jetpack_publicize_connections":[],"jetpack_featured_media_url":"https:\/\/www.comuna13online.com.ar\/wp-content\/uploads\/2018\/03\/20180306b.jpg","uagb_featured_image_src":{"full":["https:\/\/www.comuna13online.com.ar\/wp-content\/uploads\/2018\/03\/20180306b.jpg",1030,438,false],"thumbnail":["https:\/\/www.comuna13online.com.ar\/wp-content\/uploads\/2018\/03\/20180306b-150x150.jpg",96,96,true],"medium":["https:\/\/www.comuna13online.com.ar\/wp-content\/uploads\/2018\/03\/20180306b-678x288.jpg",678,288,true],"medium_large":["https:\/\/www.comuna13online.com.ar\/wp-content\/uploads\/2018\/03\/20180306b-768x327.jpg",768,327,true],"large":["https:\/\/www.comuna13online.com.ar\/wp-content\/uploads\/2018\/03\/20180306b.jpg",1030,438,false],"1536x1536":["https:\/\/www.comuna13online.com.ar\/wp-content\/uploads\/2018\/03\/20180306b.jpg",1030,438,false],"2048x2048":["https:\/\/www.comuna13online.com.ar\/wp-content\/uploads\/2018\/03\/20180306b.jpg",1030,438,false],"mh-magazine-slider":["https:\/\/www.comuna13online.com.ar\/wp-content\/uploads\/2018\/03\/20180306b.jpg",1030,438,false],"mh-magazine-content":["https:\/\/www.comuna13online.com.ar\/wp-content\/uploads\/2018\/03\/20180306b-678x381.jpg",678,381,true],"mh-magazine-large":["https:\/\/www.comuna13online.com.ar\/wp-content\/uploads\/2018\/03\/20180306b-678x438.jpg",678,438,true],"mh-magazine-medium":["https:\/\/www.comuna13online.com.ar\/wp-content\/uploads\/2018\/03\/20180306b-326x245.jpg",326,245,true],"mh-magazine-small":["https:\/\/www.comuna13online.com.ar\/wp-content\/uploads\/2018\/03\/20180306b-80x60.jpg",80,60,true],"sow-carousel-default":["https:\/\/www.comuna13online.com.ar\/wp-content\/uploads\/2018\/03\/20180306b-272x182.jpg",272,182,true]},"uagb_author_info":{"display_name":"Comuna13","author_link":"https:\/\/www.comuna13online.com.ar\/?author=1"},"uagb_comment_info":0,"uagb_excerpt":"Hospitales porte\u00f1os realizar\u00e1n controles gratuitos de presi\u00f3n intraocular y ex\u00e1menes de la papila del nervio \u00f3ptico. Los servicios de oftalmolog\u00eda los realizar\u00e1n por orden de llegada y sin turno previo. [...]","jetpack_sharing_enabled":true,"_links":{"self":[{"href":"https:\/\/www.comuna13online.com.ar\/index.php?rest_route=\/wp\/v2\/posts\/18622","targetHints":{"allow":["GET"]}}],"collection":[{"href":"https:\/\/www.comuna13online.com.ar\/index.php?rest_route=\/wp\/v2\/posts"}],"about":[{"href":"https:\/\/www.comuna13online.com.ar\/index.php?rest_route=\/wp\/v2\/types\/post"}],"author":[{"embeddable":true,"href":"https:\/\/www.comuna13online.com.ar\/index.php?rest_route=\/wp\/v2\/users\/1"}],"replies":[{"embeddable":true,"href":"https:\/\/www.comuna13online.com.ar\/index.php?rest_route=%2Fwp%2Fv2%2Fcomments&post=18622"}],"version-history":[{"count":0,"href":"https:\/\/www.comuna13online.com.ar\/index.php?rest_route=\/wp\/v2\/posts\/18622\/revisions"}],"wp:featuredmedia":[{"embeddable":true,"href":"https:\/\/www.comuna13online.com.ar\/index.php?rest_route=\/wp\/v2\/media\/791"}],"wp:attachment":[{"href":"https:\/\/www.comuna13online.com.ar\/index.php?rest_route=%2Fwp%2Fv2%2Fmedia&parent=18622"}],"wp:term":[{"taxonomy":"category","embeddable":true,"href":"https:\/\/www.comuna13online.com.ar\/index.php?rest_route=%2Fwp%2Fv2%2Fcategories&post=18622"},{"taxonomy":"post_tag","embeddable":true,"href":"https:\/\/www.comuna13online.com.ar\/index.php?rest_route=%2Fwp%2Fv2%2Ftags&post=18622"}],"curies":[{"name":"wp","href":"https:\/\/api.w.org\/{rel}","templated":true}]}}