{"id":18509,"date":"2024-02-28T18:45:00","date_gmt":"2024-02-28T21:45:00","guid":{"rendered":"https:\/\/www.comuna13online.com.ar\/?p=18509"},"modified":"2024-02-29T19:08:53","modified_gmt":"2024-02-29T22:08:53","slug":"detienen-a-un-abusador-de-menores-en-belgrano","status":"publish","type":"post","link":"https:\/\/www.comuna13online.com.ar\/?p=18509","title":{"rendered":"Detienen a un abusador de menores en Belgrano"},"content":{"rendered":"\n<p>Se trata de un canillita de nacionalidad peruana que se encontraba pr\u00f3fugo de la justicia desde noviembre del a\u00f1o pasado tras ser acusado de abuso sexual contra una menor. \u00a0<\/p>\n\n\n\n<figure class=\"wp-block-image size-full\"><img loading=\"lazy\" decoding=\"async\" width=\"678\" height=\"381\" data-attachment-id=\"18511\" data-permalink=\"https:\/\/www.comuna13online.com.ar\/?attachment_id=18511\" data-orig-file=\"https:\/\/www.comuna13online.com.ar\/wp-content\/uploads\/2024\/02\/20240228a_01.jpg\" data-orig-size=\"678,381\" data-comments-opened=\"0\" data-image-meta=\"{&quot;aperture&quot;:&quot;0&quot;,&quot;credit&quot;:&quot;&quot;,&quot;camera&quot;:&quot;&quot;,&quot;caption&quot;:&quot;&quot;,&quot;created_timestamp&quot;:&quot;0&quot;,&quot;copyright&quot;:&quot;&quot;,&quot;focal_length&quot;:&quot;0&quot;,&quot;iso&quot;:&quot;0&quot;,&quot;shutter_speed&quot;:&quot;0&quot;,&quot;title&quot;:&quot;&quot;,&quot;orientation&quot;:&quot;0&quot;}\" data-image-title=\"20240228a_01\" data-image-description=\"\" data-image-caption=\"\" data-large-file=\"https:\/\/www.comuna13online.com.ar\/wp-content\/uploads\/2024\/02\/20240228a_01.jpg\" src=\"https:\/\/www.comuna13online.com.ar\/wp-content\/uploads\/2024\/02\/20240228a_01.jpg\" alt=\"\" class=\"wp-image-18511\"\/><\/figure>\n\n\n\n<div style=\"height:20px\" aria-hidden=\"true\" class=\"wp-block-spacer\"><\/div>\n\n\n\n<p>La polic\u00eda de la Ciudad detuvo a un hombre de 32 a\u00f1os acusado de&nbsp;abuso sexual&nbsp;a una adolescente, que se encontraba&nbsp;pr\u00f3fugo&nbsp;desde noviembre pasado. El detenido, de nacionalidad peruana, trabajaba en un puesto de diarios del barrio porte\u00f1o de Belgrano.<\/p>\n\n\n\n<p>El sospechoso, hab\u00eda sido denunciado ante el Juzgado Nacional en lo Criminal y Correccional 4 por el&nbsp;abuso sexual de una menor de edad&nbsp;en dos oportunidades: en febrero y diciembre del 2022. Pero su captura se orden\u00f3 reci\u00e9n el 28 de noviembre pasado.<\/p>\n\n\n\n<p>Seg\u00fan los informes policiales, uno de los abusos habr\u00eda ocurrido en una casa ubicada en Jos\u00e9 Le\u00f3n Su\u00e1rez, partido de San Mart\u00edn en la Provincia de Buenos Aires, mientras que el otro hecho habr\u00eda sido en una casa del barrio porte\u00f1o de Villa Ort\u00fazar. Fuentes policiales confirmaron que&nbsp;el agresor conviv\u00eda con la v\u00edctima&nbsp;en esta \u00faltima vivienda.<\/p>\n\n\n\n<p>A partir de la recopilaci\u00f3n de informaci\u00f3n y tareas de campo, efectivos de la Divisi\u00f3n Capturas y Pr\u00f3fugos de la Polic\u00eda de la Ciudad lograron establecer que el imputado trabajaba como canillita en un puesto de diarios y revistas, ubicado en avenida Cabildo y Echeverr\u00eda.<\/p>\n\n\n\n<p><\/p>\n","protected":false},"excerpt":{"rendered":"<div class=\"mh-excerpt\">Se trata de un canillita de nacionalidad peruana que se encontraba pr\u00f3fugo de la justicia desde noviembre del a\u00f1o pasado tras ser acusado de abuso sexual contra una menor. \u00a0 <a class=\"mh-excerpt-more\" href=\"https:\/\/www.comuna13online.com.ar\/?p=18509\" title=\"Detienen a un abusador de menores en Belgrano\">[&#8230;]<\/a><\/div>\n","protected":false},"author":1,"featured_media":18510,"comment_status":"closed","ping_status":"closed","sticky":false,"template":"","format":"standard","meta":{"_uag_custom_page_level_css":"","_jetpack_memberships_contains_paid_content":false,"footnotes":"","jetpack_publicize_message":"","jetpack_publicize_feature_enabled":true,"jetpack_social_post_already_shared":true,"jetpack_social_options":{"image_generator_settings":{"template":"highway","default_image_id":0,"font":"","enabled":false},"version":2}},"categories":[186],"tags":[19,250,296,188,17],"class_list":{"0":"post-18509","1":"post","2":"type-post","3":"status-publish","4":"format-standard","5":"has-post-thumbnail","7":"category-policiales","8":"tag-comuna-13","9":"tag-h2","10":"tag-h3","11":"tag-policiales","12":"tag-seguridad"},"jetpack_publicize_connections":[],"jetpack_featured_media_url":"https:\/\/www.comuna13online.com.ar\/wp-content\/uploads\/2024\/02\/20240228a_id.jpg","uagb_featured_image_src":{"full":["https:\/\/www.comuna13online.com.ar\/wp-content\/uploads\/2024\/02\/20240228a_id.jpg",678,387,false],"thumbnail":["https:\/\/www.comuna13online.com.ar\/wp-content\/uploads\/2024\/02\/20240228a_id.jpg",128,73,false],"medium":["https:\/\/www.comuna13online.com.ar\/wp-content\/uploads\/2024\/02\/20240228a_id.jpg",678,387,false],"medium_large":["https:\/\/www.comuna13online.com.ar\/wp-content\/uploads\/2024\/02\/20240228a_id.jpg",678,387,false],"large":["https:\/\/www.comuna13online.com.ar\/wp-content\/uploads\/2024\/02\/20240228a_id.jpg",678,387,false],"1536x1536":["https:\/\/www.comuna13online.com.ar\/wp-content\/uploads\/2024\/02\/20240228a_id.jpg",678,387,false],"2048x2048":["https:\/\/www.comuna13online.com.ar\/wp-content\/uploads\/2024\/02\/20240228a_id.jpg",678,387,false],"mh-magazine-slider":["https:\/\/www.comuna13online.com.ar\/wp-content\/uploads\/2024\/02\/20240228a_id.jpg",678,387,false],"mh-magazine-content":["https:\/\/www.comuna13online.com.ar\/wp-content\/uploads\/2024\/02\/20240228a_id-678x381.jpg",678,381,true],"mh-magazine-large":["https:\/\/www.comuna13online.com.ar\/wp-content\/uploads\/2024\/02\/20240228a_id.jpg",678,387,false],"mh-magazine-medium":["https:\/\/www.comuna13online.com.ar\/wp-content\/uploads\/2024\/02\/20240228a_id-326x245.jpg",326,245,true],"mh-magazine-small":["https:\/\/www.comuna13online.com.ar\/wp-content\/uploads\/2024\/02\/20240228a_id-80x60.jpg",80,60,true],"sow-carousel-default":["https:\/\/www.comuna13online.com.ar\/wp-content\/uploads\/2024\/02\/20240228a_id-272x182.jpg",272,182,true]},"uagb_author_info":{"display_name":"Comuna13","author_link":"https:\/\/www.comuna13online.com.ar\/?author=1"},"uagb_comment_info":0,"uagb_excerpt":"Se trata de un canillita de nacionalidad peruana que se encontraba pr\u00f3fugo de la justicia desde noviembre del a\u00f1o pasado tras ser acusado de abuso sexual contra una menor. \u00a0 [...]","jetpack_sharing_enabled":true,"_links":{"self":[{"href":"https:\/\/www.comuna13online.com.ar\/index.php?rest_route=\/wp\/v2\/posts\/18509","targetHints":{"allow":["GET"]}}],"collection":[{"href":"https:\/\/www.comuna13online.com.ar\/index.php?rest_route=\/wp\/v2\/posts"}],"about":[{"href":"https:\/\/www.comuna13online.com.ar\/index.php?rest_route=\/wp\/v2\/types\/post"}],"author":[{"embeddable":true,"href":"https:\/\/www.comuna13online.com.ar\/index.php?rest_route=\/wp\/v2\/users\/1"}],"replies":[{"embeddable":true,"href":"https:\/\/www.comuna13online.com.ar\/index.php?rest_route=%2Fwp%2Fv2%2Fcomments&post=18509"}],"version-history":[{"count":0,"href":"https:\/\/www.comuna13online.com.ar\/index.php?rest_route=\/wp\/v2\/posts\/18509\/revisions"}],"wp:featuredmedia":[{"embeddable":true,"href":"https:\/\/www.comuna13online.com.ar\/index.php?rest_route=\/wp\/v2\/media\/18510"}],"wp:attachment":[{"href":"https:\/\/www.comuna13online.com.ar\/index.php?rest_route=%2Fwp%2Fv2%2Fmedia&parent=18509"}],"wp:term":[{"taxonomy":"category","embeddable":true,"href":"https:\/\/www.comuna13online.com.ar\/index.php?rest_route=%2Fwp%2Fv2%2Fcategories&post=18509"},{"taxonomy":"post_tag","embeddable":true,"href":"https:\/\/www.comuna13online.com.ar\/index.php?rest_route=%2Fwp%2Fv2%2Ftags&post=18509"}],"curies":[{"name":"wp","href":"https:\/\/api.w.org\/{rel}","templated":true}]}}