{"id":18479,"date":"2024-02-22T12:42:48","date_gmt":"2024-02-22T15:42:48","guid":{"rendered":"https:\/\/www.comuna13online.com.ar\/?p=18479"},"modified":"2024-02-22T12:42:52","modified_gmt":"2024-02-22T15:42:52","slug":"aumentan-los-casos-de-dengue-en-la-ciudad-2","status":"publish","type":"post","link":"https:\/\/www.comuna13online.com.ar\/?p=18479","title":{"rendered":"Aumentan los casos de Dengue en la Ciudad"},"content":{"rendered":"\n<p>El Ministerio de Salud porte\u00f1o calific\u00f3 de \u201calto riesgo\u201d la situaci\u00f3n del dengue en la Ciudad, desde julio pasado hubo 1054 casos probables, la Comuna 1 es la m\u00e1s afectada, <\/p>\n\n\n\n<figure class=\"wp-block-image size-full is-resized\"><img loading=\"lazy\" decoding=\"async\" width=\"677\" height=\"381\" data-attachment-id=\"18480\" data-permalink=\"https:\/\/www.comuna13online.com.ar\/?attachment_id=18480\" data-orig-file=\"https:\/\/www.comuna13online.com.ar\/wp-content\/uploads\/2024\/02\/20240222a_01.jpg\" data-orig-size=\"677,381\" data-comments-opened=\"0\" data-image-meta=\"{&quot;aperture&quot;:&quot;0&quot;,&quot;credit&quot;:&quot;&quot;,&quot;camera&quot;:&quot;&quot;,&quot;caption&quot;:&quot;&quot;,&quot;created_timestamp&quot;:&quot;0&quot;,&quot;copyright&quot;:&quot;&quot;,&quot;focal_length&quot;:&quot;0&quot;,&quot;iso&quot;:&quot;0&quot;,&quot;shutter_speed&quot;:&quot;0&quot;,&quot;title&quot;:&quot;&quot;,&quot;orientation&quot;:&quot;0&quot;}\" data-image-title=\"20240222a_01\" data-image-description=\"\" data-image-caption=\"\" data-large-file=\"https:\/\/www.comuna13online.com.ar\/wp-content\/uploads\/2024\/02\/20240222a_01.jpg\" src=\"https:\/\/www.comuna13online.com.ar\/wp-content\/uploads\/2024\/02\/20240222a_01.jpg\" alt=\"\" class=\"wp-image-18480\" style=\"width:840px;height:auto\" \/><figcaption class=\"wp-element-caption\"><sup><mark class=\"has-inline-color has-black-color\">Cualquier acumulaci\u00f3n de agua en recipientes artificiales es un potencial criadero donde pueden crecer estos mosquitos Aedes aegypti,<\/mark><\/sup><\/figcaption><\/figure>\n\n\n\n<p>El Ministerio de Salud de la Ciudad inform\u00f3 un significativo aumento de casos de dengue en el distrito capitalino, seg\u00fan los datos oficiales del Bolet\u00edn Epidemiol\u00f3gico que elabora el organismo, desde julio del 2023 hasta la actualidad se confirmaron un total de 1.054 contagios.<\/p>\n\n\n\n<p>Desde el Gobierno de la Ciudad han intensificaron las acciones de prevenci\u00f3n y control, dado que la situaci\u00f3n est\u00e1 en un escenario de \u201calto riesgo\u201d  por la suba constante de contagios tanto de los casos importados como aut\u00f3ctonos. En ese sentido, se est\u00e1n realizando operativos interministeriales de concientizaci\u00f3n y descacharreo, adem\u00e1s de rastreos febriles donde se registraron casos positivos.<\/p>\n\n\n\n<h3 class=\"wp-block-heading\">Dengue en los barrios<\/h3>\n\n\n\n<p>La Comuna 1, que re\u00fane los barrios Retiro, San Nicol\u00e1s, Puerto Madero, San Telmo, Montserrat y Constituci\u00f3n es la m\u00e1s afectada de la Ciudad, con 155 casos de dengue confirmados, un fuerte incremento respecto a la temporada 2023, cuando solo hubo 4 contagios confirmados.<\/p>\n\n\n\n<p>Le siguen, la Comuna 4 (La Boca, Barracas, Parque Patricios y Nueva Pompeya) con 112 contagios y la Comuna 15 (Chacarita, Villa Crespo, La Paternal, Villa Ort\u00fazar, Agronom\u00eda y Parque Chas), con 111 casos, el a\u00f1o pasado hab\u00eda tenido cero.                                                                                                                                           <\/p>\n\n\n\n<p>En la Comuna 11 (Villa Devoto, Villa General Mitre, Villa del Parque y Villa Santa Rita) se informaron 106 contagios y en la 8 (Villa Soldati, Villa Riachuelo y Villa Lugano) 103.<\/p>\n\n\n\n<p>Despu\u00e9s le siguen la Comuna 7 (Flores y Parque Chacabuco) con 72 casos registrados; la Comuna 3 (San Crist\u00f3bal y Balvanera) con 60; <strong>la Comuna 13 (N\u00fa\u00f1ez, Belgrano y Colegiales) con 52<\/strong>; la Comuna 12 (Coghlan, Saavedra, Villa Urquiza y Villa Pueyrred\u00f3n) con 47; la Comuna 14 (Palermo) con 45, y la Comuna 5 (Almagro y Boedo) con 43 contagios.<\/p>\n\n\n\n<p>Con menor cantidad de casos est\u00e1n, la Comuna 6 (Caballito) con 38, la Comuna 10 (Villa Real, Monte Castro, Versalles, Floresta, V\u00e9lez Sarsfield y Villa Luro) con 38; la Comuna 9 (Liniers, Mataderos y Parque Avellaneda) con 28, y por \u00faltimo, la Comuna 2, barrio Recoleta, donde se resgistraron 21 contagios.<\/p>\n\n\n\n<div style=\"height:20px\" aria-hidden=\"true\" class=\"wp-block-spacer\"><\/div>\n\n\n\n<figure class=\"wp-block-image\"><img decoding=\"async\" src=\"http:\/\/www.comuna13online.com.ar\/wp-content\/uploads\/2017\/12\/line.jpg\" alt=\"La imagen tiene un atributo ALT vac\u00edo; su nombre de archivo es line.jpg\" \/><\/figure>\n\n\n\n<div class=\"wp-block-uagb-advanced-heading uagb-block-819c45f4-8492-4aae-8eb8-5faaf9f95afb\"><h3 class=\"uagb-heading-text\">Prevenci\u00f3n para enfermedades trasmitidas por el mosquito<\/h3><div class=\"uagb-separator\"><\/div><\/div>\n\n\n\n<p><strong>Debido a que no existe un tratamiento espec\u00edfico para tratar estas enfermedades, lo mejor es la prevenci\u00f3n y atenci\u00f3n m\u00e9dica adecuada<\/strong>.<\/p>\n\n\n\n<p>El Dengue tiene una baja tasa de mortalidad (1%) si los pacientes son atendidos a tiempo.<\/p>\n\n\n\n<p>Los s\u00edntomas var\u00edan seg\u00fan el tipo de enfermedad contra\u00edda, lo m\u00e1s com\u00fan en las personas que padecen dengue, zika o chikungunya es la aparici\u00f3n s\u00fabita de fiebre, en algunos casos elevada, que puede estar acompa\u00f1ada de dolores articulares. Tambi\u00e9n pueden producir dolores musculares, de cabeza, n\u00e1useas, fatiga y erupciones cut\u00e1neas.<\/p>\n\n\n\n<figure class=\"wp-block-image\"><img decoding=\"async\" src=\"http:\/\/www.comuna13online.com.ar\/wp-content\/uploads\/2020\/04\/sintomas-small.jpg\" alt=\"La imagen tiene un atributo ALT vac\u00edo; su nombre de archivo es sintomas-small.jpg\" \/><\/figure>\n\n\n\n<p class=\"has-text-align-center has-medium-font-size\">Si ten\u00e9s algunos s\u00edntomas <strong>llam\u00e1 al&nbsp;<\/strong>?&nbsp;<strong>107<\/strong>. <strong>Iportante<\/strong>: <strong>no te automediques&nbsp;<\/strong>. Lo mejor siempre es consultar a un profesional.<\/p>\n\n\n\n<h4 class=\"wp-block-heading has-very-light-gray-color has-vivid-red-background-color has-text-color has-background\" id=\"block-df100a25-17cc-46f3-874e-7cd11f3ec9f7\"><strong>Medidas Preventivas<\/strong><\/h4>\n\n\n\n<p>La mejor forma de prevenir el dengue es aprender que \u00abSin criaderos no hay mosquitos. Sin mosquitos no hay enfermedades\u00bb. El lema es tan simple como contundente, evitando la proliferaci\u00f3n de la larva de mosquito disminuye considerablemente las chances de contagio de dengue y otras enfermedades transmitidas por el mosquito Aedes Aegypti, como la fiebre Chinkungunya, la enfermedad por virus Zika y la Fiebre Amarilla.<\/p>\n\n\n\n<p>El mosquito se cr\u00eda en recipientes con agua estancada que muchas veces no son de utilidad, como puede ser latas, botellas, neum\u00e1ticos, trozos de pl\u00e1stico y lona, bidones cortados, por eso la principal medida para evitar su propagaci\u00f3n es eliminarlos, sin mosquito no hay dengue\u2026 ni zika o chikungunya.<\/p>\n\n\n\n<p>Los elementos de uso diario como baldes, o palanganas se aconseja mantenerlos dados vuelta as\u00ed no acumulan agua y los de uso constante como los bebederos para mascotas hay lavarlos y cambiar el agua diariamente.<\/p>\n\n\n\n<p>Es imprescindible entender que la prevenci\u00f3n de estas enfermedades depende de nosotros, hay que concientizar a la sociedad que lo m\u00e1s importante es evitar la reproducci\u00f3n del mosquito y somos nosotros quienes tenemos que evitar que los huevos eclosionen para frenar su propagaci\u00f3n con \u00e9xito.<\/p>\n\n\n\n<span data-mce-type=\"bookmark\" style=\"width: 0px;overflow: hidden;line-height: 0\" class=\"mce_SELRES_start\">\ufeff<\/span>\n\n\n\n<p><\/p>\n\n\n\n<h4 class=\"wp-block-heading has-very-light-gray-color has-vivid-red-background-color has-text-color has-background\" id=\"block-3f4591fb-0abd-4cd6-9e36-bc05886aeabf\"><strong>Como prevenir la cr\u00eda del mosquito:<\/strong><\/h4>\n\n\n\n<ul class=\"wp-block-list\">\n<li>Eliminando todos los recipientes en desuso que puedan acumular agua (como latas, botellas, neum\u00e1ticos).<\/li>\n\n\n\n<li>Dando vuelta los objetos que se encuentran en el exterior y pueden acumular agua cuando llueve (baldes, palanganas, tambores).<\/li>\n\n\n\n<li>Cambiando el agua de bebederos de animales, colectores de desag\u00fces de aire acondicionado o lluvia, dentro y fuera de la casa, cada 3 d\u00edas. Record\u00e1 frotar las paredes de los recipientes con una esponja a fin de desprender los huevos de mosquito que puedan estar adheridos.<\/li>\n\n\n\n<li>Rellenando los floreros y portamacetas con arena h\u00fameda.<\/li>\n\n\n\n<li>Manteniendo los patios limpios y ordenados y los jardines desmalezados.<\/li>\n\n\n\n<li>Limpiando canaletas y desag\u00fces de lluvia de los techos.<\/li>\n\n\n\n<li>Tapando los tanques y recipientes que se usan para recolectar agua.<\/li>\n<\/ul>\n\n\n\n<h4 class=\"wp-block-heading has-very-light-gray-color has-vivid-red-background-color has-text-color has-background\" id=\"block-795d2ec7-af36-4725-8177-05b9c3209e10\"><strong>Para prevenir la picadura del mosquito:<\/strong><\/h4>\n\n\n\n<ul class=\"wp-block-list\">\n<li>Usando siempre repelentes siguiendo cuidadosamente las recomendaciones del envase.<\/li>\n\n\n\n<li>Utilizando ropa clara que cubra los brazos y las piernas, especialmente durante las actividades al aire libre.<\/li>\n\n\n\n<li>Colocando mosquiteros en puertas y ventanas, y cuando sea posible usar ventiladores o aire acondicionado en la habitaciones.<\/li>\n\n\n\n<li>Protegiendo cunas y cochecitos de beb\u00e9s con telas mosquiteras.<\/li>\n\n\n\n<li>Utilizando repelentes ambientales como tabletas y espirales.<\/li>\n<\/ul>\n\n\n\n<figure class=\"wp-block-image\"><img decoding=\"async\" src=\"http:\/\/www.comuna13online.com.ar\/wp-content\/uploads\/2017\/12\/line.jpg\" alt=\"La imagen tiene un atributo ALT vac\u00edo; su nombre de archivo es line.jpg\" \/><\/figure>\n","protected":false},"excerpt":{"rendered":"<div class=\"mh-excerpt\">El Ministerio de Salud porte\u00f1o calific\u00f3 de \u201calto riesgo\u201d la situaci\u00f3n del dengue en la Ciudad, desde julio pasado hubo 1054 casos probables, la Comuna 1 es la m\u00e1s afectada, <a class=\"mh-excerpt-more\" href=\"https:\/\/www.comuna13online.com.ar\/?p=18479\" title=\"Aumentan los casos de Dengue en la Ciudad\">[&#8230;]<\/a><\/div>\n","protected":false},"author":1,"featured_media":18481,"comment_status":"closed","ping_status":"closed","sticky":false,"template":"","format":"standard","meta":{"_uag_custom_page_level_css":"","_jetpack_memberships_contains_paid_content":false,"footnotes":"","jetpack_publicize_message":"","jetpack_publicize_feature_enabled":true,"jetpack_social_post_already_shared":true,"jetpack_social_options":{"image_generator_settings":{"template":"highway","default_image_id":0,"font":"","enabled":false},"version":2}},"categories":[44],"tags":[250,296,45],"class_list":{"0":"post-18479","1":"post","2":"type-post","3":"status-publish","4":"format-standard","5":"has-post-thumbnail","7":"category-salud","8":"tag-h2","9":"tag-h3","10":"tag-salud"},"jetpack_publicize_connections":[],"jetpack_featured_media_url":"https:\/\/www.comuna13online.com.ar\/wp-content\/uploads\/2024\/02\/20240222a_id.jpg","uagb_featured_image_src":{"full":["https:\/\/www.comuna13online.com.ar\/wp-content\/uploads\/2024\/02\/20240222a_id.jpg",678,381,false],"thumbnail":["https:\/\/www.comuna13online.com.ar\/wp-content\/uploads\/2024\/02\/20240222a_id.jpg",128,72,false],"medium":["https:\/\/www.comuna13online.com.ar\/wp-content\/uploads\/2024\/02\/20240222a_id.jpg",678,381,false],"medium_large":["https:\/\/www.comuna13online.com.ar\/wp-content\/uploads\/2024\/02\/20240222a_id.jpg",678,381,false],"large":["https:\/\/www.comuna13online.com.ar\/wp-content\/uploads\/2024\/02\/20240222a_id.jpg",678,381,false],"1536x1536":["https:\/\/www.comuna13online.com.ar\/wp-content\/uploads\/2024\/02\/20240222a_id.jpg",678,381,false],"2048x2048":["https:\/\/www.comuna13online.com.ar\/wp-content\/uploads\/2024\/02\/20240222a_id.jpg",678,381,false],"mh-magazine-slider":["https:\/\/www.comuna13online.com.ar\/wp-content\/uploads\/2024\/02\/20240222a_id.jpg",678,381,false],"mh-magazine-content":["https:\/\/www.comuna13online.com.ar\/wp-content\/uploads\/2024\/02\/20240222a_id.jpg",678,381,false],"mh-magazine-large":["https:\/\/www.comuna13online.com.ar\/wp-content\/uploads\/2024\/02\/20240222a_id.jpg",678,381,false],"mh-magazine-medium":["https:\/\/www.comuna13online.com.ar\/wp-content\/uploads\/2024\/02\/20240222a_id-326x245.jpg",326,245,true],"mh-magazine-small":["https:\/\/www.comuna13online.com.ar\/wp-content\/uploads\/2024\/02\/20240222a_id-80x60.jpg",80,60,true],"sow-carousel-default":["https:\/\/www.comuna13online.com.ar\/wp-content\/uploads\/2024\/02\/20240222a_id-272x182.jpg",272,182,true]},"uagb_author_info":{"display_name":"Comuna13","author_link":"https:\/\/www.comuna13online.com.ar\/?author=1"},"uagb_comment_info":0,"uagb_excerpt":"El Ministerio de Salud porte\u00f1o calific\u00f3 de \u201calto riesgo\u201d la situaci\u00f3n del dengue en la Ciudad, desde julio pasado hubo 1054 casos probables, la Comuna 1 es la m\u00e1s afectada, [...]","jetpack_sharing_enabled":true,"_links":{"self":[{"href":"https:\/\/www.comuna13online.com.ar\/index.php?rest_route=\/wp\/v2\/posts\/18479","targetHints":{"allow":["GET"]}}],"collection":[{"href":"https:\/\/www.comuna13online.com.ar\/index.php?rest_route=\/wp\/v2\/posts"}],"about":[{"href":"https:\/\/www.comuna13online.com.ar\/index.php?rest_route=\/wp\/v2\/types\/post"}],"author":[{"embeddable":true,"href":"https:\/\/www.comuna13online.com.ar\/index.php?rest_route=\/wp\/v2\/users\/1"}],"replies":[{"embeddable":true,"href":"https:\/\/www.comuna13online.com.ar\/index.php?rest_route=%2Fwp%2Fv2%2Fcomments&post=18479"}],"version-history":[{"count":0,"href":"https:\/\/www.comuna13online.com.ar\/index.php?rest_route=\/wp\/v2\/posts\/18479\/revisions"}],"wp:featuredmedia":[{"embeddable":true,"href":"https:\/\/www.comuna13online.com.ar\/index.php?rest_route=\/wp\/v2\/media\/18481"}],"wp:attachment":[{"href":"https:\/\/www.comuna13online.com.ar\/index.php?rest_route=%2Fwp%2Fv2%2Fmedia&parent=18479"}],"wp:term":[{"taxonomy":"category","embeddable":true,"href":"https:\/\/www.comuna13online.com.ar\/index.php?rest_route=%2Fwp%2Fv2%2Fcategories&post=18479"},{"taxonomy":"post_tag","embeddable":true,"href":"https:\/\/www.comuna13online.com.ar\/index.php?rest_route=%2Fwp%2Fv2%2Ftags&post=18479"}],"curies":[{"name":"wp","href":"https:\/\/api.w.org\/{rel}","templated":true}]}}