{"id":18473,"date":"2024-02-19T18:33:22","date_gmt":"2024-02-19T21:33:22","guid":{"rendered":"https:\/\/www.comuna13online.com.ar\/?p=18473"},"modified":"2024-02-19T18:33:26","modified_gmt":"2024-02-19T21:33:26","slug":"renovaron-la-iluminacion-del-parque-barrancas-de-belgrano","status":"publish","type":"post","link":"https:\/\/www.comuna13online.com.ar\/?p=18473","title":{"rendered":"Renovaron la iluminaci\u00f3n del Parque Barrancas de Belgrano"},"content":{"rendered":"\n<p><strong>Era uno de los mayores reclamos de los vecinos del barrio, se trata de una zona poco iluminada del parque para circular y adem\u00e1s sufre de sucesivos episodios de vandalismo.<\/strong><\/p>\n\n\n\n<figure class=\"wp-block-image size-full\"><img loading=\"lazy\" decoding=\"async\" width=\"678\" height=\"452\" data-attachment-id=\"18476\" data-permalink=\"https:\/\/www.comuna13online.com.ar\/?attachment_id=18476\" data-orig-file=\"https:\/\/www.comuna13online.com.ar\/wp-content\/uploads\/2024\/02\/20240219b_01.jpg\" data-orig-size=\"678,452\" data-comments-opened=\"0\" data-image-meta=\"{&quot;aperture&quot;:&quot;0&quot;,&quot;credit&quot;:&quot;&quot;,&quot;camera&quot;:&quot;&quot;,&quot;caption&quot;:&quot;&quot;,&quot;created_timestamp&quot;:&quot;0&quot;,&quot;copyright&quot;:&quot;&quot;,&quot;focal_length&quot;:&quot;0&quot;,&quot;iso&quot;:&quot;0&quot;,&quot;shutter_speed&quot;:&quot;0&quot;,&quot;title&quot;:&quot;&quot;,&quot;orientation&quot;:&quot;0&quot;}\" data-image-title=\"20240219b_01\" data-image-description=\"\" data-image-caption=\"\" data-large-file=\"https:\/\/www.comuna13online.com.ar\/wp-content\/uploads\/2024\/02\/20240219b_01.jpg\" src=\"https:\/\/www.comuna13online.com.ar\/wp-content\/uploads\/2024\/02\/20240219b_01.jpg\" alt=\"\" class=\"wp-image-18476\" srcset=\"https:\/\/www.comuna13online.com.ar\/wp-content\/uploads\/2024\/02\/20240219b_01.jpg 678w, https:\/\/www.comuna13online.com.ar\/wp-content\/uploads\/2024\/02\/20240219b_01-272x182.jpg 272w\" sizes=\"auto, (max-width: 678px) 100vw, 678px\" \/><\/figure>\n\n\n\n<div style=\"height:20px\" aria-hidden=\"true\" class=\"wp-block-spacer\"><\/div>\n\n\n\n<p>El Ministerio de Espacio P\u00fablico e Higiene Urbana de la Ciudad concluy\u00f3 con los trabajos de renovaci\u00f3n y refuerzo de las luminarias LED del Parque Barrancas de Belgrano, el Jefe de Gobierno porte\u00f1o, Jorge Macri, recorri\u00f3 la zona junto a Ignacio Baistrocchi, Ministro de Espacio P\u00fablico e Higiene Urbana; Florencia Scavino, presidenta de la Comuna 13; y Magdalena Aybar, directora general de Alumbrado P\u00fablico.<\/p>\n\n\n\n<p><em>\u201cEl espacio p\u00fablico de la Ciudad tiene que ser c\u00f3modo, luminoso y seguro. Eso es un beneficio directo para los vecinos\u201d<\/em>, expres\u00f3 el primer mandatario porte\u00f1o, y a\u00f1adi\u00f3, <em>\u201cTrabajamos para avanzar en esa direcci\u00f3n a trav\u00e9s de \u2018parques seguros\u2019, una iniciativa que busca integrar los conceptos de seguridad y orden p\u00fablico en plazas y parques de grandes dimensiones\u201d<\/em>.<\/p>\n\n\n\n<p>Si bien el parque posee una luminaria abundante, se avanz\u00f3 con la repotenciaci\u00f3n, cambiando l\u00e1mparas existentes por luminarias de mayor rendimiento lum\u00ednico, obtiendo m\u00e1s luz por el mismo consumo. Por otro lado, se reforzaron \u00e1reas con menor incidencia lum\u00ednica incorporando nuevos puntos de luz que requirieron trabajos de zanjeo y cableado.<\/p>\n\n\n\n<div style=\"height:20px\" aria-hidden=\"true\" class=\"wp-block-spacer\"><\/div>\n<div align=\"center\">\n<blockquote class=\"twitter-tweet\"><p lang=\"es\" dir=\"ltr\">PARQUES SEGUROS<br><br>Hace un mes me junt\u00e9 con los vecinos del Parque Barrancas de Belgrano y me contaron su preocupaci\u00f3n por la falta de iluminaci\u00f3n en la zona. Ahora, el lugar cuenta con mas de 200 luminarias nuevas y adem\u00e1s vamos a colocar nuevas c\u00e1maras e instalar puntos seguros\u2026 <a href=\"https:\/\/t.co\/6JgULZu335\">pic.twitter.com\/6JgULZu335<\/a><\/p>&mdash; Jorge Macri (@jorgemacri) <a href=\"https:\/\/twitter.com\/jorgemacri\/status\/1758318279221711315?ref_src=twsrc%5Etfw\">February 16, 2024<\/a><\/blockquote> <script async src=\"https:\/\/platform.twitter.com\/widgets.js\" charset=\"utf-8\"><\/script>\n<\/div>\n<div style=\"height:20px\" aria-hidden=\"true\" class=\"wp-block-spacer\"><\/div>\n\n\n\n<p><em>\u201cLos espacios p\u00fablicos son de todos los porte\u00f1os por igual. Estamos trabajando por una ciudad con calles, plazas y parques seguros y ordenados, que inviten a los vecinos y familias a transitar tranquilos, permanecer y disfrutar. En este sentido, la correcta iluminaci\u00f3n es fundamental\u201d<\/em>, indic\u00f3 Baistrocchi.<\/p>\n\n\n\n<p>La mejora de las luminarias p\u00fablicas del Parque Barrancas de Belgrano se produjo luego de que las farolas ornamentales que all\u00ed funcionan sufrieran distintos episodios de vandalismo, como extracci\u00f3n de placas LED o robo de tapas met\u00e1licas y cables. Por otro lado, se hab\u00eda constatado la utilizaci\u00f3n clandestina de conexiones a la fuente el\u00e9ctrica.<\/p>\n","protected":false},"excerpt":{"rendered":"<div class=\"mh-excerpt\">Era uno de los mayores reclamos de los vecinos del barrio, se trata de una zona poco iluminada del parque para circular y adem\u00e1s sufre de sucesivos episodios de vandalismo. <a class=\"mh-excerpt-more\" href=\"https:\/\/www.comuna13online.com.ar\/?p=18473\" title=\"Renovaron la iluminaci\u00f3n del Parque Barrancas de Belgrano\">[&#8230;]<\/a><\/div>\n","protected":false},"author":1,"featured_media":18475,"comment_status":"closed","ping_status":"closed","sticky":false,"template":"","format":"standard","meta":{"_uag_custom_page_level_css":"","_jetpack_memberships_contains_paid_content":false,"footnotes":"","jetpack_publicize_message":"","jetpack_publicize_feature_enabled":true,"jetpack_social_post_already_shared":true,"jetpack_social_options":{"image_generator_settings":{"template":"highway","default_image_id":0,"font":"","enabled":false},"version":2}},"categories":[68],"tags":[19,110,250,296],"class_list":{"0":"post-18473","1":"post","2":"type-post","3":"status-publish","4":"format-standard","5":"has-post-thumbnail","7":"category-espacio-publico","8":"tag-comuna-13","9":"tag-espacio-publico","10":"tag-h2","11":"tag-h3"},"jetpack_publicize_connections":[],"jetpack_featured_media_url":"https:\/\/www.comuna13online.com.ar\/wp-content\/uploads\/2024\/02\/20240219b_id.jpg","uagb_featured_image_src":{"full":["https:\/\/www.comuna13online.com.ar\/wp-content\/uploads\/2024\/02\/20240219b_id.jpg",667,381,false],"thumbnail":["https:\/\/www.comuna13online.com.ar\/wp-content\/uploads\/2024\/02\/20240219b_id.jpg",128,73,false],"medium":["https:\/\/www.comuna13online.com.ar\/wp-content\/uploads\/2024\/02\/20240219b_id.jpg",667,381,false],"medium_large":["https:\/\/www.comuna13online.com.ar\/wp-content\/uploads\/2024\/02\/20240219b_id.jpg",667,381,false],"large":["https:\/\/www.comuna13online.com.ar\/wp-content\/uploads\/2024\/02\/20240219b_id.jpg",667,381,false],"1536x1536":["https:\/\/www.comuna13online.com.ar\/wp-content\/uploads\/2024\/02\/20240219b_id.jpg",667,381,false],"2048x2048":["https:\/\/www.comuna13online.com.ar\/wp-content\/uploads\/2024\/02\/20240219b_id.jpg",667,381,false],"mh-magazine-slider":["https:\/\/www.comuna13online.com.ar\/wp-content\/uploads\/2024\/02\/20240219b_id.jpg",667,381,false],"mh-magazine-content":["https:\/\/www.comuna13online.com.ar\/wp-content\/uploads\/2024\/02\/20240219b_id.jpg",667,381,false],"mh-magazine-large":["https:\/\/www.comuna13online.com.ar\/wp-content\/uploads\/2024\/02\/20240219b_id.jpg",667,381,false],"mh-magazine-medium":["https:\/\/www.comuna13online.com.ar\/wp-content\/uploads\/2024\/02\/20240219b_id-326x245.jpg",326,245,true],"mh-magazine-small":["https:\/\/www.comuna13online.com.ar\/wp-content\/uploads\/2024\/02\/20240219b_id-80x60.jpg",80,60,true],"sow-carousel-default":["https:\/\/www.comuna13online.com.ar\/wp-content\/uploads\/2024\/02\/20240219b_id-272x182.jpg",272,182,true]},"uagb_author_info":{"display_name":"Comuna13","author_link":"https:\/\/www.comuna13online.com.ar\/?author=1"},"uagb_comment_info":0,"uagb_excerpt":"Era uno de los mayores reclamos de los vecinos del barrio, se trata de una zona poco iluminada del parque para circular y adem\u00e1s sufre de sucesivos episodios de vandalismo. [...]","jetpack_sharing_enabled":true,"_links":{"self":[{"href":"https:\/\/www.comuna13online.com.ar\/index.php?rest_route=\/wp\/v2\/posts\/18473","targetHints":{"allow":["GET"]}}],"collection":[{"href":"https:\/\/www.comuna13online.com.ar\/index.php?rest_route=\/wp\/v2\/posts"}],"about":[{"href":"https:\/\/www.comuna13online.com.ar\/index.php?rest_route=\/wp\/v2\/types\/post"}],"author":[{"embeddable":true,"href":"https:\/\/www.comuna13online.com.ar\/index.php?rest_route=\/wp\/v2\/users\/1"}],"replies":[{"embeddable":true,"href":"https:\/\/www.comuna13online.com.ar\/index.php?rest_route=%2Fwp%2Fv2%2Fcomments&post=18473"}],"version-history":[{"count":0,"href":"https:\/\/www.comuna13online.com.ar\/index.php?rest_route=\/wp\/v2\/posts\/18473\/revisions"}],"wp:featuredmedia":[{"embeddable":true,"href":"https:\/\/www.comuna13online.com.ar\/index.php?rest_route=\/wp\/v2\/media\/18475"}],"wp:attachment":[{"href":"https:\/\/www.comuna13online.com.ar\/index.php?rest_route=%2Fwp%2Fv2%2Fmedia&parent=18473"}],"wp:term":[{"taxonomy":"category","embeddable":true,"href":"https:\/\/www.comuna13online.com.ar\/index.php?rest_route=%2Fwp%2Fv2%2Fcategories&post=18473"},{"taxonomy":"post_tag","embeddable":true,"href":"https:\/\/www.comuna13online.com.ar\/index.php?rest_route=%2Fwp%2Fv2%2Ftags&post=18473"}],"curies":[{"name":"wp","href":"https:\/\/api.w.org\/{rel}","templated":true}]}}