{"id":18443,"date":"2024-02-14T11:11:35","date_gmt":"2024-02-14T14:11:35","guid":{"rendered":"https:\/\/www.comuna13online.com.ar\/?p=18443"},"modified":"2024-02-14T11:11:42","modified_gmt":"2024-02-14T14:11:42","slug":"docentes-de-la-ciudad-vuelven-a-las-aulas","status":"publish","type":"post","link":"https:\/\/www.comuna13online.com.ar\/?p=18443","title":{"rendered":"Docentes de la Ciudad vuelven a las aulas"},"content":{"rendered":"\n<p><strong>Inician con la Formaci\u00f3n Docente Continua Situada 2024 que contempla distintas instancias de formaci\u00f3n, reflexi\u00f3n e intercambio de experiencias para fortalecer las trayectorias escolares de los ni\u00f1os, ni\u00f1as y j\u00f3venes.<\/strong><\/p>\n\n\n\n<figure class=\"wp-block-image size-full\"><img loading=\"lazy\" decoding=\"async\" width=\"678\" height=\"381\" data-attachment-id=\"18444\" data-permalink=\"https:\/\/www.comuna13online.com.ar\/?attachment_id=18444\" data-orig-file=\"https:\/\/www.comuna13online.com.ar\/wp-content\/uploads\/2024\/02\/20240214a_id.jpg\" data-orig-size=\"678,381\" data-comments-opened=\"0\" data-image-meta=\"{&quot;aperture&quot;:&quot;0&quot;,&quot;credit&quot;:&quot;&quot;,&quot;camera&quot;:&quot;&quot;,&quot;caption&quot;:&quot;&quot;,&quot;created_timestamp&quot;:&quot;0&quot;,&quot;copyright&quot;:&quot;&quot;,&quot;focal_length&quot;:&quot;0&quot;,&quot;iso&quot;:&quot;0&quot;,&quot;shutter_speed&quot;:&quot;0&quot;,&quot;title&quot;:&quot;&quot;,&quot;orientation&quot;:&quot;0&quot;}\" data-image-title=\"20240214a_id\" data-image-description=\"\" data-image-caption=\"\" data-large-file=\"https:\/\/www.comuna13online.com.ar\/wp-content\/uploads\/2024\/02\/20240214a_id.jpg\" src=\"https:\/\/www.comuna13online.com.ar\/wp-content\/uploads\/2024\/02\/20240214a_id.jpg\" alt=\"\" class=\"wp-image-18444\"\/><\/figure>\n\n\n\n<div style=\"height:20px\" aria-hidden=\"true\" class=\"wp-block-spacer\"><\/div>\n\n\n\n<p>Desde el&nbsp;<strong>8 al 23 de febrero<\/strong>, se desarrollar\u00e1 la&nbsp;<a href=\"https:\/\/escuelademaestros.bue.edu.ar\/formacion-situada-2024\/\">Formaci\u00f3n Docente Continua Situada 2024<\/a>&nbsp;en&nbsp;<strong>54 sedes&nbsp;<\/strong>distribuidas por toda la Ciudad de Buenos Aires. Estos espacios de capacitaci\u00f3n, organizados por la Direcci\u00f3n General de&nbsp;<a href=\"https:\/\/buenosaires.gob.ar\/educacion\/docentes\/escuelademaestros\">Escuela de Maestros<\/a>, promueven el intercambio de experiencias, la reflexi\u00f3n sobre la pr\u00e1ctica y nuevas estrategias para el abordaje de los principales desaf\u00edos en el aula.&nbsp;<\/p>\n\n\n\n<p>En el&nbsp;<strong>nivel inicial<\/strong>, la propuesta se llevar\u00e1 a cabo del 19 al 22 de febrero y constar\u00e1 de un ateneo de experiencias as\u00ed como de una serie de talleres inmersivos. El dispositivo estar\u00e1 destinado a maestros de secci\u00f3n y celadores de la Direcci\u00f3n de Educaci\u00f3n Inicial, Direcci\u00f3n de Escuelas Normales Superiores y Direcci\u00f3n de Educaci\u00f3n Especial.<\/p>\n\n\n\n<p>Para el&nbsp;<strong>nivel primario<\/strong>&nbsp;se realizar\u00e1n talleres que abordar\u00e1n el desarrollo de la autonom\u00eda para el aprendizaje, con una mirada contextualizada en la actividad escolar en las aulas y la ense\u00f1anza de las \u00e1reas, as\u00ed como la planificaci\u00f3n del trabajo anual. Los talleres estar\u00e1n destinados a maestros de grado de Educaci\u00f3n Primaria Com\u00fan, de Educaci\u00f3n Especial, de Escuelas Normales y de los programas&nbsp;<em>Jornada Extendida, Maestro m\u00e1s Maestro, Aceleraci\u00f3n y Nivelaci\u00f3n<\/em>, con una cursada que se realizar\u00e1&nbsp; entre el 16 y el 23 de febrero.<\/p>\n\n\n\n<p>Por su parte, todos los&nbsp;<strong>docentes de las \u00e1reas curriculares<\/strong>&nbsp;de Educaci\u00f3n F\u00edsica, Artes Pl\u00e1sticas, M\u00fasica, Educaci\u00f3n Tecnol\u00f3gica y Lenguas extranjeras participar\u00e1n de dos talleres, que se realizar\u00e1n entre el 16 y el 22 de febrero.<\/p>\n\n\n\n<p>En cuanto a\u00a0<strong>nivel secundario<\/strong>, las jornadas estar\u00e1n enfocadas en docentes de las materias de Formaci\u00f3n General del Ciclo B\u00e1sico y del Ciclo Superior, con cursada entre el 8 y el 15 de febrero. Adem\u00e1s, habr\u00e1 capacitaciones para preceptores (jefes y subjefes) y equipos de conducci\u00f3n, con cursada a partir del mes de marzo.\u00a0<\/p>\n\n\n\n<p>Este a\u00f1o, tanto para primaria como para secundaria, se incorpora el&nbsp;<strong>programa Matem\u00e1tica en Red<\/strong>, en el que participar\u00e1n docentes de 6.\u00b0 y 7.\u00b0 grado y 1.er y 2.\u00b0 a\u00f1o. Su prop\u00f3sito es explorar contenidos matem\u00e1ticos espec\u00edficos y estrategias pedag\u00f3gicas, promoviendo la articulaci\u00f3n de la ense\u00f1anza en los momentos de pasaje de nivel.<\/p>\n\n\n\n<p>Por \u00faltimo, se dar\u00e1 continuidad al\u00a0<strong>programa Fluidez y comprensi\u00f3n lectora<\/strong>, del que participar\u00e1n docentes de 3.er grado del nivel primario. El mismo contribuye a enriquecer las pr\u00e1cticas de ense\u00f1anza, a la vez que dota de nuevas herramientas a los y las docentes para acompa\u00f1ar a los estudiantes en el desarrollo de la lectura fluida.\u00a0<\/p>\n\n\n\n<div style=\"height:30px\" aria-hidden=\"true\" class=\"wp-block-spacer\"><\/div>\n\n\n\n<p class=\"has-text-align-right\"><sub>Fuente: <em>G.C.A.B.A.<\/em><\/sub><\/p>\n","protected":false},"excerpt":{"rendered":"<div class=\"mh-excerpt\">Inician con la Formaci\u00f3n Docente Continua Situada 2024 que contempla distintas instancias de formaci\u00f3n, reflexi\u00f3n e intercambio de experiencias para fortalecer las trayectorias escolares de los ni\u00f1os, ni\u00f1as y j\u00f3venes. <a class=\"mh-excerpt-more\" href=\"https:\/\/www.comuna13online.com.ar\/?p=18443\" title=\"Docentes de la Ciudad vuelven a las aulas\">[&#8230;]<\/a><\/div>\n","protected":false},"author":1,"featured_media":18444,"comment_status":"closed","ping_status":"closed","sticky":false,"template":"","format":"standard","meta":{"_uag_custom_page_level_css":"","_jetpack_memberships_contains_paid_content":false,"footnotes":"","jetpack_publicize_message":"","jetpack_publicize_feature_enabled":true,"jetpack_social_post_already_shared":true,"jetpack_social_options":{"image_generator_settings":{"template":"highway","default_image_id":0,"font":"","enabled":false},"version":2}},"categories":[113],"tags":[114,250,296],"class_list":{"0":"post-18443","1":"post","2":"type-post","3":"status-publish","4":"format-standard","5":"has-post-thumbnail","7":"category-educacion","8":"tag-educacion","9":"tag-h2","10":"tag-h3"},"jetpack_publicize_connections":[],"jetpack_featured_media_url":"https:\/\/www.comuna13online.com.ar\/wp-content\/uploads\/2024\/02\/20240214a_id.jpg","uagb_featured_image_src":{"full":["https:\/\/www.comuna13online.com.ar\/wp-content\/uploads\/2024\/02\/20240214a_id.jpg",678,381,false],"thumbnail":["https:\/\/www.comuna13online.com.ar\/wp-content\/uploads\/2024\/02\/20240214a_id.jpg",128,72,false],"medium":["https:\/\/www.comuna13online.com.ar\/wp-content\/uploads\/2024\/02\/20240214a_id.jpg",678,381,false],"medium_large":["https:\/\/www.comuna13online.com.ar\/wp-content\/uploads\/2024\/02\/20240214a_id.jpg",678,381,false],"large":["https:\/\/www.comuna13online.com.ar\/wp-content\/uploads\/2024\/02\/20240214a_id.jpg",678,381,false],"1536x1536":["https:\/\/www.comuna13online.com.ar\/wp-content\/uploads\/2024\/02\/20240214a_id.jpg",678,381,false],"2048x2048":["https:\/\/www.comuna13online.com.ar\/wp-content\/uploads\/2024\/02\/20240214a_id.jpg",678,381,false],"mh-magazine-slider":["https:\/\/www.comuna13online.com.ar\/wp-content\/uploads\/2024\/02\/20240214a_id.jpg",678,381,false],"mh-magazine-content":["https:\/\/www.comuna13online.com.ar\/wp-content\/uploads\/2024\/02\/20240214a_id.jpg",678,381,false],"mh-magazine-large":["https:\/\/www.comuna13online.com.ar\/wp-content\/uploads\/2024\/02\/20240214a_id.jpg",678,381,false],"mh-magazine-medium":["https:\/\/www.comuna13online.com.ar\/wp-content\/uploads\/2024\/02\/20240214a_id-326x245.jpg",326,245,true],"mh-magazine-small":["https:\/\/www.comuna13online.com.ar\/wp-content\/uploads\/2024\/02\/20240214a_id-80x60.jpg",80,60,true],"sow-carousel-default":["https:\/\/www.comuna13online.com.ar\/wp-content\/uploads\/2024\/02\/20240214a_id-272x182.jpg",272,182,true]},"uagb_author_info":{"display_name":"Comuna13","author_link":"https:\/\/www.comuna13online.com.ar\/?author=1"},"uagb_comment_info":0,"uagb_excerpt":"Inician con la Formaci\u00f3n Docente Continua Situada 2024 que contempla distintas instancias de formaci\u00f3n, reflexi\u00f3n e intercambio de experiencias para fortalecer las trayectorias escolares de los ni\u00f1os, ni\u00f1as y j\u00f3venes. [...]","jetpack_sharing_enabled":true,"_links":{"self":[{"href":"https:\/\/www.comuna13online.com.ar\/index.php?rest_route=\/wp\/v2\/posts\/18443","targetHints":{"allow":["GET"]}}],"collection":[{"href":"https:\/\/www.comuna13online.com.ar\/index.php?rest_route=\/wp\/v2\/posts"}],"about":[{"href":"https:\/\/www.comuna13online.com.ar\/index.php?rest_route=\/wp\/v2\/types\/post"}],"author":[{"embeddable":true,"href":"https:\/\/www.comuna13online.com.ar\/index.php?rest_route=\/wp\/v2\/users\/1"}],"replies":[{"embeddable":true,"href":"https:\/\/www.comuna13online.com.ar\/index.php?rest_route=%2Fwp%2Fv2%2Fcomments&post=18443"}],"version-history":[{"count":0,"href":"https:\/\/www.comuna13online.com.ar\/index.php?rest_route=\/wp\/v2\/posts\/18443\/revisions"}],"wp:featuredmedia":[{"embeddable":true,"href":"https:\/\/www.comuna13online.com.ar\/index.php?rest_route=\/wp\/v2\/media\/18444"}],"wp:attachment":[{"href":"https:\/\/www.comuna13online.com.ar\/index.php?rest_route=%2Fwp%2Fv2%2Fmedia&parent=18443"}],"wp:term":[{"taxonomy":"category","embeddable":true,"href":"https:\/\/www.comuna13online.com.ar\/index.php?rest_route=%2Fwp%2Fv2%2Fcategories&post=18443"},{"taxonomy":"post_tag","embeddable":true,"href":"https:\/\/www.comuna13online.com.ar\/index.php?rest_route=%2Fwp%2Fv2%2Ftags&post=18443"}],"curies":[{"name":"wp","href":"https:\/\/api.w.org\/{rel}","templated":true}]}}