{"id":18354,"date":"2024-01-30T16:04:03","date_gmt":"2024-01-30T19:04:03","guid":{"rendered":"https:\/\/www.comuna13online.com.ar\/?p=18354"},"modified":"2024-01-30T16:04:11","modified_gmt":"2024-01-30T19:04:11","slug":"jorge-macri-presento-la-unidad-de-despliegue-de-intervenciones-rapidas-para-prevenir-delitos","status":"publish","type":"post","link":"https:\/\/www.comuna13online.com.ar\/?p=18354","title":{"rendered":"Jorge Macri present\u00f3 la Unidad de Despliegue de Intervenciones R\u00e1pidas para prevenir delitos"},"content":{"rendered":"\n<p><strong>La polic\u00eda porte\u00f1a incorpora una unidad de despliegue policial con 200 efectivos que brindar\u00e1 cobertura en los distintos barrios para dar una mayor protecci\u00f3n a los vecinos y prevenir delitos.<\/strong><\/p>\n\n\n\n<figure class=\"wp-block-image size-full\"><img loading=\"lazy\" decoding=\"async\" width=\"678\" height=\"381\" data-attachment-id=\"18355\" data-permalink=\"https:\/\/www.comuna13online.com.ar\/?attachment_id=18355\" data-orig-file=\"https:\/\/www.comuna13online.com.ar\/wp-content\/uploads\/2024\/01\/20240130a_01.jpg\" data-orig-size=\"678,381\" data-comments-opened=\"0\" data-image-meta=\"{&quot;aperture&quot;:&quot;0&quot;,&quot;credit&quot;:&quot;&quot;,&quot;camera&quot;:&quot;&quot;,&quot;caption&quot;:&quot;&quot;,&quot;created_timestamp&quot;:&quot;0&quot;,&quot;copyright&quot;:&quot;&quot;,&quot;focal_length&quot;:&quot;0&quot;,&quot;iso&quot;:&quot;0&quot;,&quot;shutter_speed&quot;:&quot;0&quot;,&quot;title&quot;:&quot;&quot;,&quot;orientation&quot;:&quot;0&quot;}\" data-image-title=\"20240130a_01\" data-image-description=\"\" data-image-caption=\"\" data-large-file=\"https:\/\/www.comuna13online.com.ar\/wp-content\/uploads\/2024\/01\/20240130a_01.jpg\" src=\"https:\/\/www.comuna13online.com.ar\/wp-content\/uploads\/2024\/01\/20240130a_01.jpg\" alt=\"\" class=\"wp-image-18355\"\/><\/figure>\n\n\n\n<div style=\"height:20px\" aria-hidden=\"true\" class=\"wp-block-spacer\"><\/div>\n\n\n\n<p>La polic\u00eda de la Ciudad contar\u00e1 con una nueva unidad de despliegue policial, compuesta por 200 efectivos, que brindar\u00e1 cobertura en los distintos barrios para dar una mayor protecci\u00f3n a los vecinos y prevenir delitos.<\/p>\n\n\n\n<p>Esta Unidad busca fortalecer la seguridad y apunta al cambio de paradigma que el jefe de gobierno,\u00a0Jorge Macri, busca instalar con una polic\u00eda en calle que adquiera una actitud preventiva y disuasiva para poder anticiparse a los delitos.\u00a0<\/p>\n\n\n\n<p>Al respecto Jorge Macri asegur\u00f3: <em>\u201cNosotros hemos cambiado el enfoque, nadie en la ciudad de Buenos Aires est\u00e1 por encima de la ley. Esto se not\u00f3 tanto en las marchas como en muchas plazas que estaban tomadas ya casi hist\u00f3ricamente, plazas que estaban tomadas hace tres a\u00f1os, algunos meses y nosotros hemos llegado a la ciudad de Buenos Aires para restituir el orden\u201d<\/em>.<\/p>\n\n\n\n<p>La\u00a0<strong>Unidad de Despliegue de Intervenciones R\u00e1pidas\u00a0<\/strong>est\u00e1 compuesta por cerca de 200 efectivos que cubrir\u00e1n zonas donde el Mapa del Delito indica una mayor concentraci\u00f3n de il\u00edcitos. Para eso, se determinaron 6 pol\u00edgonos en puntos estrat\u00e9gicos, los cuales son recorridos por c\u00e1psulas del DIR (Despliegue de Intervenci\u00f3n R\u00e1pida) conformadas por un grupo de 5 efectivos a bordo de 1 camioneta y 1 moto, sumado a dos motos de la Direcci\u00f3n de Operaciones Motorizada.\u00a0<\/p>\n\n\n\n<p><em>\u201cEl DIR es un grupo de acci\u00f3n r\u00e1pida que empieza a recorrer distintas comunas donde tenemos varias problem\u00e1ticas y va a comenzar a identificar a todos aquellos que est\u00e9n en situaciones irregulares. Por instrucciones del jefe de Gobierno, Jorge Macri, estamos trabajando fuertemente para tener una polic\u00eda m\u00e1s operativa, junto con el Jefe de Polic\u00eda, Diego Kravetz, acorde a los momentos que nos toca vivir\u201d<\/em>, explic\u00f3 el Ministro de Seguridad, Waldo Wolff.<\/p>\n","protected":false},"excerpt":{"rendered":"<div class=\"mh-excerpt\">La polic\u00eda porte\u00f1a incorpora una unidad de despliegue policial con 200 efectivos que brindar\u00e1 cobertura en los distintos barrios para dar una mayor protecci\u00f3n a los vecinos y prevenir delitos. <a class=\"mh-excerpt-more\" href=\"https:\/\/www.comuna13online.com.ar\/?p=18354\" title=\"Jorge Macri present\u00f3 la Unidad de Despliegue de Intervenciones R\u00e1pidas para prevenir delitos\">[&#8230;]<\/a><\/div>\n","protected":false},"author":1,"featured_media":18356,"comment_status":"closed","ping_status":"closed","sticky":false,"template":"","format":"standard","meta":{"_uag_custom_page_level_css":"","_jetpack_memberships_contains_paid_content":false,"footnotes":"","jetpack_publicize_message":"","jetpack_publicize_feature_enabled":true,"jetpack_social_post_already_shared":true,"jetpack_social_options":{"image_generator_settings":{"template":"highway","default_image_id":0,"font":"","enabled":false},"version":2}},"categories":[29],"tags":[250,296,316,17],"class_list":{"0":"post-18354","1":"post","2":"type-post","3":"status-publish","4":"format-standard","5":"has-post-thumbnail","7":"category-seguridad","8":"tag-h2","9":"tag-h3","10":"tag-macri","11":"tag-seguridad"},"jetpack_publicize_connections":[],"jetpack_featured_media_url":"https:\/\/www.comuna13online.com.ar\/wp-content\/uploads\/2024\/01\/20240130a_id.jpg","uagb_featured_image_src":{"full":["https:\/\/www.comuna13online.com.ar\/wp-content\/uploads\/2024\/01\/20240130a_id.jpg",678,381,false],"thumbnail":["https:\/\/www.comuna13online.com.ar\/wp-content\/uploads\/2024\/01\/20240130a_id.jpg",128,72,false],"medium":["https:\/\/www.comuna13online.com.ar\/wp-content\/uploads\/2024\/01\/20240130a_id.jpg",678,381,false],"medium_large":["https:\/\/www.comuna13online.com.ar\/wp-content\/uploads\/2024\/01\/20240130a_id.jpg",678,381,false],"large":["https:\/\/www.comuna13online.com.ar\/wp-content\/uploads\/2024\/01\/20240130a_id.jpg",678,381,false],"1536x1536":["https:\/\/www.comuna13online.com.ar\/wp-content\/uploads\/2024\/01\/20240130a_id.jpg",678,381,false],"2048x2048":["https:\/\/www.comuna13online.com.ar\/wp-content\/uploads\/2024\/01\/20240130a_id.jpg",678,381,false],"mh-magazine-slider":["https:\/\/www.comuna13online.com.ar\/wp-content\/uploads\/2024\/01\/20240130a_id.jpg",678,381,false],"mh-magazine-content":["https:\/\/www.comuna13online.com.ar\/wp-content\/uploads\/2024\/01\/20240130a_id.jpg",678,381,false],"mh-magazine-large":["https:\/\/www.comuna13online.com.ar\/wp-content\/uploads\/2024\/01\/20240130a_id.jpg",678,381,false],"mh-magazine-medium":["https:\/\/www.comuna13online.com.ar\/wp-content\/uploads\/2024\/01\/20240130a_id-326x245.jpg",326,245,true],"mh-magazine-small":["https:\/\/www.comuna13online.com.ar\/wp-content\/uploads\/2024\/01\/20240130a_id-80x60.jpg",80,60,true],"sow-carousel-default":["https:\/\/www.comuna13online.com.ar\/wp-content\/uploads\/2024\/01\/20240130a_id-272x182.jpg",272,182,true]},"uagb_author_info":{"display_name":"Comuna13","author_link":"https:\/\/www.comuna13online.com.ar\/?author=1"},"uagb_comment_info":0,"uagb_excerpt":"La polic\u00eda porte\u00f1a incorpora una unidad de despliegue policial con 200 efectivos que brindar\u00e1 cobertura en los distintos barrios para dar una mayor protecci\u00f3n a los vecinos y prevenir delitos. [...]","jetpack_sharing_enabled":true,"_links":{"self":[{"href":"https:\/\/www.comuna13online.com.ar\/index.php?rest_route=\/wp\/v2\/posts\/18354","targetHints":{"allow":["GET"]}}],"collection":[{"href":"https:\/\/www.comuna13online.com.ar\/index.php?rest_route=\/wp\/v2\/posts"}],"about":[{"href":"https:\/\/www.comuna13online.com.ar\/index.php?rest_route=\/wp\/v2\/types\/post"}],"author":[{"embeddable":true,"href":"https:\/\/www.comuna13online.com.ar\/index.php?rest_route=\/wp\/v2\/users\/1"}],"replies":[{"embeddable":true,"href":"https:\/\/www.comuna13online.com.ar\/index.php?rest_route=%2Fwp%2Fv2%2Fcomments&post=18354"}],"version-history":[{"count":0,"href":"https:\/\/www.comuna13online.com.ar\/index.php?rest_route=\/wp\/v2\/posts\/18354\/revisions"}],"wp:featuredmedia":[{"embeddable":true,"href":"https:\/\/www.comuna13online.com.ar\/index.php?rest_route=\/wp\/v2\/media\/18356"}],"wp:attachment":[{"href":"https:\/\/www.comuna13online.com.ar\/index.php?rest_route=%2Fwp%2Fv2%2Fmedia&parent=18354"}],"wp:term":[{"taxonomy":"category","embeddable":true,"href":"https:\/\/www.comuna13online.com.ar\/index.php?rest_route=%2Fwp%2Fv2%2Fcategories&post=18354"},{"taxonomy":"post_tag","embeddable":true,"href":"https:\/\/www.comuna13online.com.ar\/index.php?rest_route=%2Fwp%2Fv2%2Ftags&post=18354"}],"curies":[{"name":"wp","href":"https:\/\/api.w.org\/{rel}","templated":true}]}}