{"id":18325,"date":"2024-01-30T01:54:00","date_gmt":"2024-01-30T04:54:00","guid":{"rendered":"https:\/\/www.comuna13online.com.ar\/?p=18325"},"modified":"2024-02-03T11:35:50","modified_gmt":"2024-02-03T14:35:50","slug":"este-sabado-se-celebra-el-ano-nuevo-chino-el-ano-dragon-de-madera","status":"publish","type":"post","link":"https:\/\/www.comuna13online.com.ar\/?p=18325","title":{"rendered":"A\u00f1o nuevo Chino, la Ciudad celebra el a\u00f1o del Drag\u00f3n de madera"},"content":{"rendered":"\n<p><strong>El Gobierno porte\u00f1o invita a festejar el a\u00f1o del Drag\u00f3n de madera, el 3, 4, 10 y 11 de febrero desde las 12 horas en distintos puntos de la Ciudad.<\/strong><\/p>\n\n\n\n<figure class=\"wp-block-image size-full\"><img loading=\"lazy\" decoding=\"async\" width=\"678\" height=\"381\" data-attachment-id=\"18327\" data-permalink=\"https:\/\/www.comuna13online.com.ar\/?attachment_id=18327\" data-orig-file=\"https:\/\/www.comuna13online.com.ar\/wp-content\/uploads\/2024\/01\/20240201a_01.jpg\" data-orig-size=\"678,381\" data-comments-opened=\"0\" data-image-meta=\"{&quot;aperture&quot;:&quot;0&quot;,&quot;credit&quot;:&quot;&quot;,&quot;camera&quot;:&quot;&quot;,&quot;caption&quot;:&quot;&quot;,&quot;created_timestamp&quot;:&quot;0&quot;,&quot;copyright&quot;:&quot;&quot;,&quot;focal_length&quot;:&quot;0&quot;,&quot;iso&quot;:&quot;0&quot;,&quot;shutter_speed&quot;:&quot;0&quot;,&quot;title&quot;:&quot;&quot;,&quot;orientation&quot;:&quot;0&quot;}\" data-image-title=\"20240201a_01\" data-image-description=\"\" data-image-caption=\"\" data-large-file=\"https:\/\/www.comuna13online.com.ar\/wp-content\/uploads\/2024\/01\/20240201a_01.jpg\" src=\"https:\/\/www.comuna13online.com.ar\/wp-content\/uploads\/2024\/01\/20240201a_01.jpg\" alt=\"\" class=\"wp-image-18327\"\/><\/figure>\n\n\n\n<div style=\"height:20px\" aria-hidden=\"true\" class=\"wp-block-spacer\"><\/div>\n\n\n\n<p>El A\u00f1o Nuevo Chino es la festividad m\u00e1s significativa para la comunidad china. Se celebra en todo el mundo y ya es una tradici\u00f3n en la Ciudad de Buenos Aires. En nuestra Comuna habr\u00e1 festejos el s\u00e1bado 3 de febrero en la plaza Parques Nacionales (Av. Figueroa Alcorta y Sucre), y el s\u00e1bado 10 y domingo 11 de febrero en el Barrio Chino de Belgrano. Horario: de 12 a 20 horas <\/p>\n\n\n\n<p>La celebraci\u00f3n re\u00fane a\u00f1o a a\u00f1o a gran cantidad de vecinos, vecinas y turistas que se acercan a compartir la cultura de este pueblo milenario. En esta oportunidad, se dar\u00e1<strong> la bienvenida al a\u00f1o 4722, a\u00f1o del Drag\u00f3n de Madera.&nbsp;<\/strong><\/p>\n\n\n\n<p>El evento contar\u00e1 con m\u00e1s de 40 stands donde habr\u00e1 propuestas gastron\u00f3micas, artesanales y culturales. Habr\u00e1 platos exclusivos de la cocina china, como kung pao (pollo marinado picante) o jiaozi (una especie de empanadillas de masa fina rellenas de carne picada o verduras). Tambi\u00e9n se podr\u00e1 adquirir objetos de decoraci\u00f3n, feng shui, prendas y mucho m\u00e1s. Tampoco faltar\u00e1n las muestras de caligraf\u00eda, ceremonias del t\u00e9 y charlas de medicina tradicional china, tan emblem\u00e1ticas en esa cultura.<\/p>\n\n\n\n<div style=\"height:15px\" aria-hidden=\"true\" class=\"wp-block-spacer\"><\/div>\n\n\n\n<figure class=\"wp-block-image size-full\"><img loading=\"lazy\" decoding=\"async\" width=\"678\" height=\"452\" data-attachment-id=\"18329\" data-permalink=\"https:\/\/www.comuna13online.com.ar\/?attachment_id=18329\" data-orig-file=\"https:\/\/www.comuna13online.com.ar\/wp-content\/uploads\/2024\/01\/20240201a_02.jpg\" data-orig-size=\"678,452\" data-comments-opened=\"0\" data-image-meta=\"{&quot;aperture&quot;:&quot;0&quot;,&quot;credit&quot;:&quot;&quot;,&quot;camera&quot;:&quot;&quot;,&quot;caption&quot;:&quot;&quot;,&quot;created_timestamp&quot;:&quot;0&quot;,&quot;copyright&quot;:&quot;&quot;,&quot;focal_length&quot;:&quot;0&quot;,&quot;iso&quot;:&quot;0&quot;,&quot;shutter_speed&quot;:&quot;0&quot;,&quot;title&quot;:&quot;&quot;,&quot;orientation&quot;:&quot;0&quot;}\" data-image-title=\"20240201a_02\" data-image-description=\"\" data-image-caption=\"\" data-large-file=\"https:\/\/www.comuna13online.com.ar\/wp-content\/uploads\/2024\/01\/20240201a_02.jpg\" src=\"https:\/\/www.comuna13online.com.ar\/wp-content\/uploads\/2024\/01\/20240201a_02.jpg\" alt=\"\" class=\"wp-image-18329\" srcset=\"https:\/\/www.comuna13online.com.ar\/wp-content\/uploads\/2024\/01\/20240201a_02.jpg 678w, https:\/\/www.comuna13online.com.ar\/wp-content\/uploads\/2024\/01\/20240201a_02-272x182.jpg 272w\" sizes=\"auto, (max-width: 678px) 100vw, 678px\" \/><\/figure>\n\n\n\n<div style=\"height:15px\" aria-hidden=\"true\" class=\"wp-block-spacer\"><\/div>\n\n\n\n<p>La propuesta de espect\u00e1culos ser\u00e1 bastante variada, este a\u00f1o, se lucir\u00e1 el imponente Drag\u00f3n que ofrecer\u00e1 su t\u00edpica danza para augurar la buena fortuna a todos los presentes y especialmente a la Argentina, ser\u00e1 acompa\u00f1ado por los Leones Chinos, las exhibiciones de artes marciales de adultos y ni\u00f1os, Chikung y Tai Chi para la salud. Tambi\u00e9n habr\u00e1 conciertos de instrumentos antiguos como el Guzhen, los tambores y el erhu, as\u00ed como de danzas tradicionales.<\/p>\n\n\n\n<p>La organizaci\u00f3n est\u00e1 a cargo de la Direcci\u00f3n General de Colectividades y Migrantes de la Subsecretar\u00eda de Cultura Ciudadana y Derechos Humanos junto con Phoenix Dorada International Media Company y la Colectividad China en Argentina, con el auspicio de la Embajada de la Rep\u00fablica Popular China en Argentina.<\/p>\n\n\n\n<p>Carla Artunduaga, Directora General de Colectividades y Migrantes de la Ciudad de Buenos Aires, expres\u00f3, \u201cDesde el Gobierno de la Ciudad estamos muy contentos de llevar adelante un a\u00f1o m\u00e1s este festejo tan importante para la colectividad china. El A\u00f1o Nuevo Chino ya es parte de las tradiciones porte\u00f1as y a su vez es una nueva oportunidad para valorar y apreciar la rica diversidad cultural que caracteriza a nuestra Ciudad. Le deseo un muy feliz a\u00f1o\u201d.<\/p>\n\n\n\n<p><strong>\u00bfD\u00f3nde y cu\u00e1ndo?<\/strong><\/p>\n\n\n\n<p><strong>S\u00e1bado 3 de febrero\u00a0<\/strong><br>En la plaza Parques Nacionales (Av. Figueroa Alcorta y Sucre), de 12 a 20 horas.<\/p>\n\n\n\n<p><strong>Domingo 4 de febrero\u00a0\u00a0<\/strong><br>En el Dique 1 de Puerto Madero, de 12 a 18 horas, habr\u00e1 una carrera de Botes Drag\u00f3n. Se trata de un deporte n\u00e1utico que expresa una milenaria manifestaci\u00f3n cultural.<\/p>\n\n\n\n<p><strong>S\u00e1bado 10 y domingo 11 de febrero\u00a0\u00a0<\/strong><br>El Barrio Chino recibe al a\u00f1o nuevo con todo. De 12 a 20 horas, habr\u00e1 actividades: show de cultura milenaria china, danza del Drag\u00f3n, caligraf\u00eda china, instrumentos tradicionales y bailes t\u00edpicos.<\/p>\n","protected":false},"excerpt":{"rendered":"<div class=\"mh-excerpt\">El Gobierno porte\u00f1o invita a festejar el a\u00f1o del Drag\u00f3n de madera, el 3, 4, 10 y 11 de febrero desde las 12 horas en distintos puntos de la Ciudad. <a class=\"mh-excerpt-more\" href=\"https:\/\/www.comuna13online.com.ar\/?p=18325\" title=\"A\u00f1o nuevo Chino, la Ciudad celebra el a\u00f1o del Drag\u00f3n de madera\">[&#8230;]<\/a><\/div>\n","protected":false},"author":1,"featured_media":18326,"comment_status":"closed","ping_status":"closed","sticky":false,"template":"","format":"standard","meta":{"_uag_custom_page_level_css":"","_jetpack_memberships_contains_paid_content":false,"footnotes":"","jetpack_publicize_message":"","jetpack_publicize_feature_enabled":true,"jetpack_social_post_already_shared":true,"jetpack_social_options":{"image_generator_settings":{"template":"highway","default_image_id":0,"font":"","enabled":false},"version":2}},"categories":[151],"tags":[19,46,250,296,71],"class_list":{"0":"post-18325","1":"post","2":"type-post","3":"status-publish","4":"format-standard","5":"has-post-thumbnail","7":"category-festivales","8":"tag-comuna-13","9":"tag-festejos","10":"tag-h2","11":"tag-h3","12":"tag-tiempo-libre"},"jetpack_publicize_connections":[],"jetpack_featured_media_url":"https:\/\/www.comuna13online.com.ar\/wp-content\/uploads\/2024\/01\/20240201a_id.jpg","uagb_featured_image_src":{"full":["https:\/\/www.comuna13online.com.ar\/wp-content\/uploads\/2024\/01\/20240201a_id.jpg",678,381,false],"thumbnail":["https:\/\/www.comuna13online.com.ar\/wp-content\/uploads\/2024\/01\/20240201a_id.jpg",128,72,false],"medium":["https:\/\/www.comuna13online.com.ar\/wp-content\/uploads\/2024\/01\/20240201a_id.jpg",678,381,false],"medium_large":["https:\/\/www.comuna13online.com.ar\/wp-content\/uploads\/2024\/01\/20240201a_id.jpg",678,381,false],"large":["https:\/\/www.comuna13online.com.ar\/wp-content\/uploads\/2024\/01\/20240201a_id.jpg",678,381,false],"1536x1536":["https:\/\/www.comuna13online.com.ar\/wp-content\/uploads\/2024\/01\/20240201a_id.jpg",678,381,false],"2048x2048":["https:\/\/www.comuna13online.com.ar\/wp-content\/uploads\/2024\/01\/20240201a_id.jpg",678,381,false],"mh-magazine-slider":["https:\/\/www.comuna13online.com.ar\/wp-content\/uploads\/2024\/01\/20240201a_id.jpg",678,381,false],"mh-magazine-content":["https:\/\/www.comuna13online.com.ar\/wp-content\/uploads\/2024\/01\/20240201a_id.jpg",678,381,false],"mh-magazine-large":["https:\/\/www.comuna13online.com.ar\/wp-content\/uploads\/2024\/01\/20240201a_id.jpg",678,381,false],"mh-magazine-medium":["https:\/\/www.comuna13online.com.ar\/wp-content\/uploads\/2024\/01\/20240201a_id-326x245.jpg",326,245,true],"mh-magazine-small":["https:\/\/www.comuna13online.com.ar\/wp-content\/uploads\/2024\/01\/20240201a_id-80x60.jpg",80,60,true],"sow-carousel-default":["https:\/\/www.comuna13online.com.ar\/wp-content\/uploads\/2024\/01\/20240201a_id-272x182.jpg",272,182,true]},"uagb_author_info":{"display_name":"Comuna13","author_link":"https:\/\/www.comuna13online.com.ar\/?author=1"},"uagb_comment_info":0,"uagb_excerpt":"El Gobierno porte\u00f1o invita a festejar el a\u00f1o del Drag\u00f3n de madera, el 3, 4, 10 y 11 de febrero desde las 12 horas en distintos puntos de la Ciudad. [...]","jetpack_sharing_enabled":true,"_links":{"self":[{"href":"https:\/\/www.comuna13online.com.ar\/index.php?rest_route=\/wp\/v2\/posts\/18325","targetHints":{"allow":["GET"]}}],"collection":[{"href":"https:\/\/www.comuna13online.com.ar\/index.php?rest_route=\/wp\/v2\/posts"}],"about":[{"href":"https:\/\/www.comuna13online.com.ar\/index.php?rest_route=\/wp\/v2\/types\/post"}],"author":[{"embeddable":true,"href":"https:\/\/www.comuna13online.com.ar\/index.php?rest_route=\/wp\/v2\/users\/1"}],"replies":[{"embeddable":true,"href":"https:\/\/www.comuna13online.com.ar\/index.php?rest_route=%2Fwp%2Fv2%2Fcomments&post=18325"}],"version-history":[{"count":0,"href":"https:\/\/www.comuna13online.com.ar\/index.php?rest_route=\/wp\/v2\/posts\/18325\/revisions"}],"wp:featuredmedia":[{"embeddable":true,"href":"https:\/\/www.comuna13online.com.ar\/index.php?rest_route=\/wp\/v2\/media\/18326"}],"wp:attachment":[{"href":"https:\/\/www.comuna13online.com.ar\/index.php?rest_route=%2Fwp%2Fv2%2Fmedia&parent=18325"}],"wp:term":[{"taxonomy":"category","embeddable":true,"href":"https:\/\/www.comuna13online.com.ar\/index.php?rest_route=%2Fwp%2Fv2%2Fcategories&post=18325"},{"taxonomy":"post_tag","embeddable":true,"href":"https:\/\/www.comuna13online.com.ar\/index.php?rest_route=%2Fwp%2Fv2%2Ftags&post=18325"}],"curies":[{"name":"wp","href":"https:\/\/api.w.org\/{rel}","templated":true}]}}