{"id":18317,"date":"2024-01-29T09:58:00","date_gmt":"2024-01-29T12:58:00","guid":{"rendered":"https:\/\/www.comuna13online.com.ar\/?p=18317"},"modified":"2024-01-26T19:53:55","modified_gmt":"2024-01-26T22:53:55","slug":"conoce-la-programacion-de-vamos-las-plazas-de-febrero","status":"publish","type":"post","link":"https:\/\/www.comuna13online.com.ar\/?p=18317","title":{"rendered":"Conoce la programaci\u00f3n de \u201cVamos las Plazas\u201d de febrero"},"content":{"rendered":"\n<p><strong>Hasta el 22 de febrero\u00a0los m\u00e1s chicos podr\u00e1n continuar disfrutando de m\u00faltiples espect\u00e1culos en los espacios verdes de las 15 comunas porte\u00f1as, conoce la programaci\u00f3n en la Comuna 13. <\/strong><\/p>\n\n\n\n<div style=\"height:15px\" aria-hidden=\"true\" class=\"wp-block-spacer\"><\/div>\n\n\n\n<figure class=\"wp-block-image size-full\"><img loading=\"lazy\" decoding=\"async\" width=\"678\" height=\"381\" data-attachment-id=\"18320\" data-permalink=\"https:\/\/www.comuna13online.com.ar\/?attachment_id=18320\" data-orig-file=\"https:\/\/www.comuna13online.com.ar\/wp-content\/uploads\/2024\/01\/20240129a_01.jpg\" data-orig-size=\"678,381\" data-comments-opened=\"0\" data-image-meta=\"{&quot;aperture&quot;:&quot;0&quot;,&quot;credit&quot;:&quot;&quot;,&quot;camera&quot;:&quot;&quot;,&quot;caption&quot;:&quot;&quot;,&quot;created_timestamp&quot;:&quot;0&quot;,&quot;copyright&quot;:&quot;&quot;,&quot;focal_length&quot;:&quot;0&quot;,&quot;iso&quot;:&quot;0&quot;,&quot;shutter_speed&quot;:&quot;0&quot;,&quot;title&quot;:&quot;&quot;,&quot;orientation&quot;:&quot;0&quot;}\" data-image-title=\"20240129a_01\" data-image-description=\"\" data-image-caption=\"\" data-large-file=\"https:\/\/www.comuna13online.com.ar\/wp-content\/uploads\/2024\/01\/20240129a_01.jpg\" src=\"https:\/\/www.comuna13online.com.ar\/wp-content\/uploads\/2024\/01\/20240129a_01.jpg\" alt=\"\" class=\"wp-image-18320\"\/><\/figure>\n\n\n\n<div style=\"height:15px\" aria-hidden=\"true\" class=\"wp-block-spacer\"><\/div>\n\n\n\n<p>Vuelve Vamos Las Plazas, el programa porte\u00f1o que lleva una gran variedad de entretenimientos a los espacios verdes de la ciudad para disfrutar en familia, durante el verano 2024 ofrece 30 espect\u00e1culos diarios distribuidos por las 15 comunas.<\/p>\n\n\n\n<p>En febrero, Vamos las Plazas funcionar\u00e1 hasta el d\u00eda 22, de martes a jueves en dos turnos, a las 17 y 19 horas y en dos espacios distintos en cada horario por Comuna.<\/p>\n\n\n\n<p>La programaci\u00f3n incluye una amplia variedad de espect\u00e1culos dirigidos al p\u00fablico infantil entre los que se destacan&nbsp;<strong>Chukrun<\/strong>&nbsp;con una propuesta de circo y magia,&nbsp;<strong>El show de Azu<\/strong>&nbsp;y&nbsp;<strong>Libroyasos<\/strong>&nbsp;con&nbsp;<strong>Clown<\/strong>,&nbsp;<strong>Maga Morgana<\/strong>, con una propuesta de magia, y muchos artistas m\u00e1s que brindar\u00e1n a los m\u00e1s chicos un show a pura diversi\u00f3n.&nbsp;<\/p>\n\n\n\n<p>El \u00e9xito de Vamos las Plazas se consolida a\u00f1o tras a\u00f1o. A lo largo de 2022 y en la edici\u00f3n verano del 2023 miles de familias de todas las Comunas disfrutaron de m\u00faltiples alternativas de entretenimiento, de manera segura y en los espacios verdes.<\/p>\n\n\n\n<div style=\"height:15px\" aria-hidden=\"true\" class=\"wp-block-spacer\"><\/div>\n\n\n\n<h3 class=\"wp-block-heading\">Programaci\u00f3n Febrero <\/h3>\n\n\n\n<div style=\"height:15px\" aria-hidden=\"true\" class=\"wp-block-spacer\"><\/div>\n\n\n\n<figure class=\"wp-block-image size-full\"><img loading=\"lazy\" decoding=\"async\" width=\"678\" height=\"927\" data-attachment-id=\"18319\" data-permalink=\"https:\/\/www.comuna13online.com.ar\/?attachment_id=18319\" data-orig-file=\"https:\/\/www.comuna13online.com.ar\/wp-content\/uploads\/2024\/01\/20240129a_02.gif\" data-orig-size=\"678,927\" data-comments-opened=\"0\" data-image-meta=\"{&quot;aperture&quot;:&quot;0&quot;,&quot;credit&quot;:&quot;&quot;,&quot;camera&quot;:&quot;&quot;,&quot;caption&quot;:&quot;&quot;,&quot;created_timestamp&quot;:&quot;0&quot;,&quot;copyright&quot;:&quot;&quot;,&quot;focal_length&quot;:&quot;0&quot;,&quot;iso&quot;:&quot;0&quot;,&quot;shutter_speed&quot;:&quot;0&quot;,&quot;title&quot;:&quot;&quot;,&quot;orientation&quot;:&quot;0&quot;}\" data-image-title=\"20240129a_02\" data-image-description=\"\" data-image-caption=\"\" data-large-file=\"https:\/\/www.comuna13online.com.ar\/wp-content\/uploads\/2024\/01\/20240129a_02.gif\" src=\"https:\/\/www.comuna13online.com.ar\/wp-content\/uploads\/2024\/01\/20240129a_02.gif\" alt=\"\" class=\"wp-image-18319\"\/><\/figure>\n\n\n\n<div style=\"height:25px\" aria-hidden=\"true\" class=\"wp-block-spacer\"><\/div>\n\n\n\n<h2 class=\"wp-block-heading has-white-color has-text-color has-background\" style=\"background-color:#2aa437;font-style:normal;font-weight:100\">Fechas y horarios de las presentaciones en todas las comunas<\/h2>\n\n\n\n<div style=\"height:20px\" aria-hidden=\"true\" class=\"wp-block-spacer\"><\/div>\n\n\n\n<h3 class=\"wp-block-heading\">Del 30\/1 al 22\/2<\/h3>\n\n\n\n<p><a href=\"https:\/\/buenosaires.gob.ar\/sites\/default\/files\/2024-01\/BA-Plazas_AgendaVLP_Febrero24%20%282%29.pdf\" target=\"_blank\" rel=\"noreferrer noopener\"><strong><em>Descargar la programaci\u00f3n completa<\/em><\/strong><\/a><\/p>\n\n\n\n<h4 class=\"wp-block-heading\">A las 17\u00a0<\/h4>\n\n\n\n<p>C1. Plaza Lavalle. Av. C\u00f3rdoba y Libertad<br>C2. Plaza Vicente L\u00f3pez y Planes. Av. Las Heras y Montevideo<br>C3. Plaza Mart\u00edn Fierro. La Rioja y Barcala<br>C4. Plaza Quinquela Mart\u00edn. Irala y Pi y Margall&nbsp;<br>C5. Plaza Almagro. Jer\u00f3nimo Salguero y Tte. Gral. J. D. Per\u00f3n<br>C6. Parque Centenario. Av. Patricias Argentinas y Lillo&nbsp;<br>C7. Barrio Juan XXIII. Av. Riestra entre A. de Vedia y Pte. C. Torres y Tenorio<br>C8. Parque Lineal Rabanal. Av. Int. Francisco Rabanal y Casta\u00f1\u00f3n<br>C9. Parque Avellaneda. Av. Directorio y Lacarra&nbsp;<br>C10. Plaza Ciudad de Banff. Roma y Arregui<br>C11. Plaza de la Asunci\u00f3n. Av. Gaona y Gavil\u00e1n<br>C12.Plaza Mart\u00edn Rodr\u00edguez. Habana y Argerich<br>C13. Gral. Francisco Ram\u00edrez. Moldes y Manuela Pedrazza<br>C14. Plaza Alemania. Av. Casares y Castex<br>C15. Parque de los Andes. Av. Guzm\u00e1n y Concepci\u00f3n Arenal<\/p>\n\n\n\n<h4 class=\"wp-block-heading\">A las 19\u00a0horas<\/h4>\n\n\n\n<p>C1. Parque Raquel Forner. Juana Manso y M. S\u00e1nchez de Thompson\u00a0<br>C2. Plaza Rep\u00fablica del Paraguay. Larrea y Pe\u00f1a<br>C3. Plaza Primero de Mayo. Hip\u00f3lito Yrigoyen y Pasco<br>C4. Parque Leonardo Pereyra. Av. Gral. Iriarte y Av. V\u00e9lez Sarsfield<br>C5. Plaza Mariano Boedo. Carlos Calvo y S\u00e1nchez de Loria<br>C6. Plaza Giordano Bruno. Giordano Bruno y Colpayo<br>C7. Plazoleta De los Periodistas. Av. Nazca y Neuqu\u00e9n<br>C8. Plaza Jos\u00e9 Mart\u00ed. Soldado de la Frontera y Ana D\u00edaz<br>C9. Parque Juan B. Alberdi. Av. Directorio y Lisandro de la Torre<br>C10. Plaza Ej\u00e9rcito de los Andes. Ram\u00f3n Falc\u00f3n y Corval\u00e1n<br>C11. Plaza Arist\u00f3bulo del Valle. Baigorria y Cuenca<br>C12. Parque Saavedra. Av. Garc\u00eda del R\u00edo y Freire<br>C13. Plazoleta Rafael Hern\u00e1ndez. Echeverr\u00eda y Vuelta de Obligado<br>C14. Plaza Unidad Latinoamericana. Av. Medrano y Costa Rica\u00a0<br>C15. Parque Isla de la Paternal. Av. De los Constituyentes y Av. Chorroar\u00edn<\/p>\n","protected":false},"excerpt":{"rendered":"<div class=\"mh-excerpt\">Hasta el 22 de febrero\u00a0los m\u00e1s chicos podr\u00e1n continuar disfrutando de m\u00faltiples espect\u00e1culos en los espacios verdes de las 15 comunas porte\u00f1as, conoce la programaci\u00f3n en la Comuna 13. Vuelve <a class=\"mh-excerpt-more\" href=\"https:\/\/www.comuna13online.com.ar\/?p=18317\" title=\"Conoce la programaci\u00f3n de \u201cVamos las Plazas\u201d de febrero\">[&#8230;]<\/a><\/div>\n","protected":false},"author":1,"featured_media":18262,"comment_status":"closed","ping_status":"closed","sticky":false,"template":"","format":"standard","meta":{"_uag_custom_page_level_css":"","_jetpack_memberships_contains_paid_content":false,"footnotes":"","jetpack_publicize_message":"","jetpack_publicize_feature_enabled":true,"jetpack_social_post_already_shared":true,"jetpack_social_options":{"image_generator_settings":{"template":"highway","default_image_id":0,"font":"","enabled":false},"version":2}},"categories":[41],"tags":[19,250,296,71,43],"class_list":{"0":"post-18317","1":"post","2":"type-post","3":"status-publish","4":"format-standard","5":"has-post-thumbnail","7":"category-tiempo-libre","8":"tag-comuna-13","9":"tag-h2","10":"tag-h3","11":"tag-tiempo-libre","12":"tag-vacaciones"},"jetpack_publicize_connections":[],"jetpack_featured_media_url":"https:\/\/www.comuna13online.com.ar\/wp-content\/uploads\/2024\/01\/20240115a_id.jpg","uagb_featured_image_src":{"full":["https:\/\/www.comuna13online.com.ar\/wp-content\/uploads\/2024\/01\/20240115a_id.jpg",678,381,false],"thumbnail":["https:\/\/www.comuna13online.com.ar\/wp-content\/uploads\/2024\/01\/20240115a_id.jpg",128,72,false],"medium":["https:\/\/www.comuna13online.com.ar\/wp-content\/uploads\/2024\/01\/20240115a_id.jpg",678,381,false],"medium_large":["https:\/\/www.comuna13online.com.ar\/wp-content\/uploads\/2024\/01\/20240115a_id.jpg",678,381,false],"large":["https:\/\/www.comuna13online.com.ar\/wp-content\/uploads\/2024\/01\/20240115a_id.jpg",678,381,false],"1536x1536":["https:\/\/www.comuna13online.com.ar\/wp-content\/uploads\/2024\/01\/20240115a_id.jpg",678,381,false],"2048x2048":["https:\/\/www.comuna13online.com.ar\/wp-content\/uploads\/2024\/01\/20240115a_id.jpg",678,381,false],"mh-magazine-slider":["https:\/\/www.comuna13online.com.ar\/wp-content\/uploads\/2024\/01\/20240115a_id.jpg",678,381,false],"mh-magazine-content":["https:\/\/www.comuna13online.com.ar\/wp-content\/uploads\/2024\/01\/20240115a_id.jpg",678,381,false],"mh-magazine-large":["https:\/\/www.comuna13online.com.ar\/wp-content\/uploads\/2024\/01\/20240115a_id.jpg",678,381,false],"mh-magazine-medium":["https:\/\/www.comuna13online.com.ar\/wp-content\/uploads\/2024\/01\/20240115a_id-326x245.jpg",326,245,true],"mh-magazine-small":["https:\/\/www.comuna13online.com.ar\/wp-content\/uploads\/2024\/01\/20240115a_id-80x60.jpg",80,60,true],"sow-carousel-default":["https:\/\/www.comuna13online.com.ar\/wp-content\/uploads\/2024\/01\/20240115a_id-272x182.jpg",272,182,true]},"uagb_author_info":{"display_name":"Comuna13","author_link":"https:\/\/www.comuna13online.com.ar\/?author=1"},"uagb_comment_info":0,"uagb_excerpt":"Hasta el 22 de febrero\u00a0los m\u00e1s chicos podr\u00e1n continuar disfrutando de m\u00faltiples espect\u00e1culos en los espacios verdes de las 15 comunas porte\u00f1as, conoce la programaci\u00f3n en la Comuna 13. Vuelve [...]","jetpack_sharing_enabled":true,"_links":{"self":[{"href":"https:\/\/www.comuna13online.com.ar\/index.php?rest_route=\/wp\/v2\/posts\/18317","targetHints":{"allow":["GET"]}}],"collection":[{"href":"https:\/\/www.comuna13online.com.ar\/index.php?rest_route=\/wp\/v2\/posts"}],"about":[{"href":"https:\/\/www.comuna13online.com.ar\/index.php?rest_route=\/wp\/v2\/types\/post"}],"author":[{"embeddable":true,"href":"https:\/\/www.comuna13online.com.ar\/index.php?rest_route=\/wp\/v2\/users\/1"}],"replies":[{"embeddable":true,"href":"https:\/\/www.comuna13online.com.ar\/index.php?rest_route=%2Fwp%2Fv2%2Fcomments&post=18317"}],"version-history":[{"count":0,"href":"https:\/\/www.comuna13online.com.ar\/index.php?rest_route=\/wp\/v2\/posts\/18317\/revisions"}],"wp:featuredmedia":[{"embeddable":true,"href":"https:\/\/www.comuna13online.com.ar\/index.php?rest_route=\/wp\/v2\/media\/18262"}],"wp:attachment":[{"href":"https:\/\/www.comuna13online.com.ar\/index.php?rest_route=%2Fwp%2Fv2%2Fmedia&parent=18317"}],"wp:term":[{"taxonomy":"category","embeddable":true,"href":"https:\/\/www.comuna13online.com.ar\/index.php?rest_route=%2Fwp%2Fv2%2Fcategories&post=18317"},{"taxonomy":"post_tag","embeddable":true,"href":"https:\/\/www.comuna13online.com.ar\/index.php?rest_route=%2Fwp%2Fv2%2Ftags&post=18317"}],"curies":[{"name":"wp","href":"https:\/\/api.w.org\/{rel}","templated":true}]}}