{"id":18308,"date":"2024-01-24T08:52:00","date_gmt":"2024-01-24T11:52:00","guid":{"rendered":"https:\/\/www.comuna13online.com.ar\/?p=18308"},"modified":"2024-01-22T19:33:59","modified_gmt":"2024-01-22T22:33:59","slug":"reabro-la-renovada-estacion-de-servicio-ypf-de-figueroa-alcorta","status":"publish","type":"post","link":"https:\/\/www.comuna13online.com.ar\/?p=18308","title":{"rendered":"Reabri\u00f3 renovada la estaci\u00f3n de servicio YPF de Figueroa Alcorta"},"content":{"rendered":"\n<p><strong>YPF puso en funcionamiento su ic\u00f3nica estaci\u00f3n de servicio ubicada en la esquina de Figueroa Alcorta y Echeverr\u00eda en Belgrano, totalmente modernizada para brindar una mejor experiencia a los clientes.<\/strong><\/p>\n\n\n\n<figure class=\"wp-block-image size-full\"><img loading=\"lazy\" decoding=\"async\" width=\"678\" height=\"381\" data-attachment-id=\"18311\" data-permalink=\"https:\/\/www.comuna13online.com.ar\/?attachment_id=18311\" data-orig-file=\"https:\/\/www.comuna13online.com.ar\/wp-content\/uploads\/2024\/01\/20240123b_01.jpg\" data-orig-size=\"678,381\" data-comments-opened=\"0\" data-image-meta=\"{&quot;aperture&quot;:&quot;0&quot;,&quot;credit&quot;:&quot;&quot;,&quot;camera&quot;:&quot;&quot;,&quot;caption&quot;:&quot;&quot;,&quot;created_timestamp&quot;:&quot;0&quot;,&quot;copyright&quot;:&quot;&quot;,&quot;focal_length&quot;:&quot;0&quot;,&quot;iso&quot;:&quot;0&quot;,&quot;shutter_speed&quot;:&quot;0&quot;,&quot;title&quot;:&quot;&quot;,&quot;orientation&quot;:&quot;0&quot;}\" data-image-title=\"20240123b_01\" data-image-description=\"\" data-image-caption=\"\" data-large-file=\"https:\/\/www.comuna13online.com.ar\/wp-content\/uploads\/2024\/01\/20240123b_01.jpg\" src=\"https:\/\/www.comuna13online.com.ar\/wp-content\/uploads\/2024\/01\/20240123b_01.jpg\" alt=\"\" class=\"wp-image-18311\"\/><\/figure>\n\n\n\n<div style=\"height:20px\" aria-hidden=\"true\" class=\"wp-block-spacer\"><\/div>\n\n\n\n<p>La YPF de Alcorta es un nuevo modelo de estaci\u00f3n de servicio \u00fanico en el pa\u00eds, que transforma la experiencia del cliente desde que ingresa con su auto o cuando la elige como un punto de encuentro. Cuenta con surtidores de \u00faltima tecnolog\u00eda que permiten atender a catorce autos en simult\u00e1neo, m\u00e1s de 130 pantallas para difundir contenido din\u00e1mico y potenciar la comunicaci\u00f3n. Adem\u00e1s, cuenta con dos posiciones de BOXES para servicios a veh\u00edculos livianos y utilitarios de gran porte.<\/p>\n\n\n\n<p>Esta nueva estaci\u00f3n resume los principales conceptos con los que vino trabajando la compa\u00f1\u00eda para modernizar y brindarle una mejor experiencia al cliente en el marco del programa de Estaciones del Futuro. La digitalizaci\u00f3n, la sustentabilidad y la transformaci\u00f3n de la estaci\u00f3n en un espacio de encuentro multiprop\u00f3sito son los ejes que guiaron su dise\u00f1o.<\/p>\n\n\n\n<p>La estaci\u00f3n cuenta con un total de 7 islas de carga multiproducto con surtidores de \u00faltima tecnolog\u00eda, permitiendo atender 14 autos en simultaneo duplicando la capacidad que ten\u00eda la estaci\u00f3n previa a su renovaci\u00f3n. M\u00e1s de 130 pantallas permiten ir modificando de manera din\u00e1mica el contenido y potenciar la comunicaci\u00f3n con el cliente.<\/p>\n\n\n\n<div style=\"height:20px\" aria-hidden=\"true\" class=\"wp-block-spacer\"><\/div>\n<div align=\"center\">\n<blockquote class=\"twitter-tweet\" data-media-max-width=\"560\"><p lang=\"es\" dir=\"ltr\">Anoche estuve en la impresionante nueva YPF de Alcorta y Echeverria. Esto es desarrollo. Esto es inversi\u00f3n. Esto es futuro. Esto es Argentina \u270c\ufe0f<br><br>Y nos dicen que los que no la vemos somos nosotros&#8230; <a href=\"https:\/\/t.co\/lz07catXCg\">pic.twitter.com\/lz07catXCg<\/a><\/p>&mdash; Lucas Mella (@LucasMella) <a href=\"https:\/\/twitter.com\/LucasMella\/status\/1741450259216085020?ref_src=twsrc%5Etfw\">December 31, 2023<\/a><\/blockquote> <script async src=\"https:\/\/platform.twitter.com\/widgets.js\" charset=\"utf-8\"><\/script>\n<\/div>\n<div style=\"height:20px\" aria-hidden=\"true\" class=\"wp-block-spacer\"><\/div>\n\n\n\n<p>Otro aspecto innovador es el BOXES totalmente renovado con 2 posiciones y doble altura que permite realizar servicios no solo a veh\u00edculos livianos sino tambi\u00e9n a utilitarios de gran porte. A su vez, tendr\u00e1 un horario de atenci\u00f3n extendido lo que permitir\u00e1 brindar una amplia disponibilidad de turnos.<\/p>\n\n\n\n<p>La tienda FULL suma nuevos m\u00f3dulos que permitir\u00e1n agilizar y facilitar la experiencia de compra. Se incorporaron t\u00f3tems de autogesti\u00f3n para realizar el pedido y retirarlo por el AUTO FULL o directo por la TIENDA. Los clientes disponen, adem\u00e1s, del servicio escanea y retira en expendio de snack y bebidas de forma r\u00e1pida, sin filas, y utilizando como medio de pago la APP YPF a trav\u00e9s de un c\u00f3digo QR.<\/p>\n\n\n\n<div style=\"height:15px\" aria-hidden=\"true\" class=\"wp-block-spacer\"><\/div>\n\n\n\n<figure class=\"wp-block-image size-full\"><img loading=\"lazy\" decoding=\"async\" width=\"678\" height=\"381\" data-attachment-id=\"18310\" data-permalink=\"https:\/\/www.comuna13online.com.ar\/?attachment_id=18310\" data-orig-file=\"https:\/\/www.comuna13online.com.ar\/wp-content\/uploads\/2024\/01\/20240123b_02.jpg\" data-orig-size=\"678,381\" data-comments-opened=\"0\" data-image-meta=\"{&quot;aperture&quot;:&quot;0&quot;,&quot;credit&quot;:&quot;&quot;,&quot;camera&quot;:&quot;&quot;,&quot;caption&quot;:&quot;&quot;,&quot;created_timestamp&quot;:&quot;0&quot;,&quot;copyright&quot;:&quot;&quot;,&quot;focal_length&quot;:&quot;0&quot;,&quot;iso&quot;:&quot;0&quot;,&quot;shutter_speed&quot;:&quot;0&quot;,&quot;title&quot;:&quot;&quot;,&quot;orientation&quot;:&quot;0&quot;}\" data-image-title=\"20240123b_02\" data-image-description=\"\" data-image-caption=\"\" data-large-file=\"https:\/\/www.comuna13online.com.ar\/wp-content\/uploads\/2024\/01\/20240123b_02.jpg\" src=\"https:\/\/www.comuna13online.com.ar\/wp-content\/uploads\/2024\/01\/20240123b_02.jpg\" alt=\"\" class=\"wp-image-18310\"\/><figcaption class=\"wp-element-caption\"><sup>YPF Full totalmente renovada, con puestos autoservicio para snacks y bebidas.<\/sup><\/figcaption><\/figure>\n\n\n\n<div style=\"height:15px\" aria-hidden=\"true\" class=\"wp-block-spacer\"><\/div>\n\n\n\n<p>Tambi\u00e9n, se suman un conjunto de servicios para que los clientes puedan trabajar, hacer deporte y, en definitiva, transformar a esta nueva estaci\u00f3n en un lugar de encuentro.<\/p>\n\n\n\n<p>Dispone de un \u00e1rea de trabajo colaborativo \u201cFULL WORK\u201d con todas las comodidades y tecnolog\u00eda de una oficina. Las mismas se reservan por hora\/d\u00eda y cuentan con la posibilidad de reservar salas individuales o grupales.<\/p>\n\n\n\n<p>Pensando en los deportistas, la estaci\u00f3n cuenta con espacio de m\u00e1quinas para realizar ejercicio al aire libre y pr\u00f3ximamente brindar\u00e1 un servicio de lockers y vestuarios para su comodidad.<\/p>\n\n\n\n<p>En cuanto a nuevos servicios de movilidad, pr\u00f3ximamente la estaci\u00f3n contar\u00e1 con 4 posiciones con cargadores el\u00e9ctricos de carga r\u00e1pida que brindan 100 KM de autonom\u00eda en menos de 20 minutos y sumar\u00e1 el servicio de car sharing junto a KINTO que permitir\u00e1 reservar, retirar y devolver un veh\u00edculo Toyota en la comodidad de la estaci\u00f3n.<\/p>\n\n\n\n<div style=\"height:15px\" aria-hidden=\"true\" class=\"wp-block-spacer\"><\/div>\n\n\n\n<figure class=\"wp-block-image size-full\"><img loading=\"lazy\" decoding=\"async\" width=\"678\" height=\"381\" data-attachment-id=\"18312\" data-permalink=\"https:\/\/www.comuna13online.com.ar\/?attachment_id=18312\" data-orig-file=\"https:\/\/www.comuna13online.com.ar\/wp-content\/uploads\/2024\/01\/20240123b_03.jpg\" data-orig-size=\"678,381\" data-comments-opened=\"0\" data-image-meta=\"{&quot;aperture&quot;:&quot;0&quot;,&quot;credit&quot;:&quot;&quot;,&quot;camera&quot;:&quot;&quot;,&quot;caption&quot;:&quot;&quot;,&quot;created_timestamp&quot;:&quot;0&quot;,&quot;copyright&quot;:&quot;&quot;,&quot;focal_length&quot;:&quot;0&quot;,&quot;iso&quot;:&quot;0&quot;,&quot;shutter_speed&quot;:&quot;0&quot;,&quot;title&quot;:&quot;&quot;,&quot;orientation&quot;:&quot;0&quot;}\" data-image-title=\"20240123b_03\" data-image-description=\"\" data-image-caption=\"\" data-large-file=\"https:\/\/www.comuna13online.com.ar\/wp-content\/uploads\/2024\/01\/20240123b_03.jpg\" src=\"https:\/\/www.comuna13online.com.ar\/wp-content\/uploads\/2024\/01\/20240123b_03.jpg\" alt=\"\" class=\"wp-image-18312\"\/><figcaption class=\"wp-element-caption\"><sup>Las nuevas estaciones de carga para autos el\u00e9ctricos.<\/sup><\/figcaption><\/figure>\n\n\n\n<p><\/p>\n","protected":false},"excerpt":{"rendered":"<div class=\"mh-excerpt\">YPF puso en funcionamiento su ic\u00f3nica estaci\u00f3n de servicio ubicada en la esquina de Figueroa Alcorta y Echeverr\u00eda en Belgrano, totalmente modernizada para brindar una mejor experiencia a los clientes. <a class=\"mh-excerpt-more\" href=\"https:\/\/www.comuna13online.com.ar\/?p=18308\" title=\"Reabri\u00f3 renovada la estaci\u00f3n de servicio YPF de Figueroa Alcorta\">[&#8230;]<\/a><\/div>\n","protected":false},"author":1,"featured_media":18313,"comment_status":"closed","ping_status":"closed","sticky":false,"template":"","format":"standard","meta":{"_uag_custom_page_level_css":"","_jetpack_memberships_contains_paid_content":false,"footnotes":"","jetpack_publicize_message":"","jetpack_publicize_feature_enabled":true,"jetpack_social_post_already_shared":true,"jetpack_social_options":{"image_generator_settings":{"template":"highway","default_image_id":0,"font":"","enabled":false},"version":2}},"categories":[267],"tags":[210,19,250,296],"class_list":{"0":"post-18308","1":"post","2":"type-post","3":"status-publish","4":"format-standard","5":"has-post-thumbnail","7":"category-comercio","8":"tag-comercio","9":"tag-comuna-13","10":"tag-h2","11":"tag-h3"},"jetpack_publicize_connections":[],"jetpack_featured_media_url":"https:\/\/www.comuna13online.com.ar\/wp-content\/uploads\/2024\/01\/20240123b_id.jpg","uagb_featured_image_src":{"full":["https:\/\/www.comuna13online.com.ar\/wp-content\/uploads\/2024\/01\/20240123b_id.jpg",678,381,false],"thumbnail":["https:\/\/www.comuna13online.com.ar\/wp-content\/uploads\/2024\/01\/20240123b_id.jpg",128,72,false],"medium":["https:\/\/www.comuna13online.com.ar\/wp-content\/uploads\/2024\/01\/20240123b_id.jpg",678,381,false],"medium_large":["https:\/\/www.comuna13online.com.ar\/wp-content\/uploads\/2024\/01\/20240123b_id.jpg",678,381,false],"large":["https:\/\/www.comuna13online.com.ar\/wp-content\/uploads\/2024\/01\/20240123b_id.jpg",678,381,false],"1536x1536":["https:\/\/www.comuna13online.com.ar\/wp-content\/uploads\/2024\/01\/20240123b_id.jpg",678,381,false],"2048x2048":["https:\/\/www.comuna13online.com.ar\/wp-content\/uploads\/2024\/01\/20240123b_id.jpg",678,381,false],"mh-magazine-slider":["https:\/\/www.comuna13online.com.ar\/wp-content\/uploads\/2024\/01\/20240123b_id.jpg",678,381,false],"mh-magazine-content":["https:\/\/www.comuna13online.com.ar\/wp-content\/uploads\/2024\/01\/20240123b_id.jpg",678,381,false],"mh-magazine-large":["https:\/\/www.comuna13online.com.ar\/wp-content\/uploads\/2024\/01\/20240123b_id.jpg",678,381,false],"mh-magazine-medium":["https:\/\/www.comuna13online.com.ar\/wp-content\/uploads\/2024\/01\/20240123b_id-326x245.jpg",326,245,true],"mh-magazine-small":["https:\/\/www.comuna13online.com.ar\/wp-content\/uploads\/2024\/01\/20240123b_id-80x60.jpg",80,60,true],"sow-carousel-default":["https:\/\/www.comuna13online.com.ar\/wp-content\/uploads\/2024\/01\/20240123b_id-272x182.jpg",272,182,true]},"uagb_author_info":{"display_name":"Comuna13","author_link":"https:\/\/www.comuna13online.com.ar\/?author=1"},"uagb_comment_info":0,"uagb_excerpt":"YPF puso en funcionamiento su ic\u00f3nica estaci\u00f3n de servicio ubicada en la esquina de Figueroa Alcorta y Echeverr\u00eda en Belgrano, totalmente modernizada para brindar una mejor experiencia a los clientes. [...]","jetpack_sharing_enabled":true,"_links":{"self":[{"href":"https:\/\/www.comuna13online.com.ar\/index.php?rest_route=\/wp\/v2\/posts\/18308","targetHints":{"allow":["GET"]}}],"collection":[{"href":"https:\/\/www.comuna13online.com.ar\/index.php?rest_route=\/wp\/v2\/posts"}],"about":[{"href":"https:\/\/www.comuna13online.com.ar\/index.php?rest_route=\/wp\/v2\/types\/post"}],"author":[{"embeddable":true,"href":"https:\/\/www.comuna13online.com.ar\/index.php?rest_route=\/wp\/v2\/users\/1"}],"replies":[{"embeddable":true,"href":"https:\/\/www.comuna13online.com.ar\/index.php?rest_route=%2Fwp%2Fv2%2Fcomments&post=18308"}],"version-history":[{"count":0,"href":"https:\/\/www.comuna13online.com.ar\/index.php?rest_route=\/wp\/v2\/posts\/18308\/revisions"}],"wp:featuredmedia":[{"embeddable":true,"href":"https:\/\/www.comuna13online.com.ar\/index.php?rest_route=\/wp\/v2\/media\/18313"}],"wp:attachment":[{"href":"https:\/\/www.comuna13online.com.ar\/index.php?rest_route=%2Fwp%2Fv2%2Fmedia&parent=18308"}],"wp:term":[{"taxonomy":"category","embeddable":true,"href":"https:\/\/www.comuna13online.com.ar\/index.php?rest_route=%2Fwp%2Fv2%2Fcategories&post=18308"},{"taxonomy":"post_tag","embeddable":true,"href":"https:\/\/www.comuna13online.com.ar\/index.php?rest_route=%2Fwp%2Fv2%2Ftags&post=18308"}],"curies":[{"name":"wp","href":"https:\/\/api.w.org\/{rel}","templated":true}]}}