{"id":18170,"date":"2023-12-08T19:11:48","date_gmt":"2023-12-08T22:11:48","guid":{"rendered":"https:\/\/www.comuna13online.com.ar\/?p=18170"},"modified":"2023-12-19T19:28:09","modified_gmt":"2023-12-19T22:28:09","slug":"jorge-macri-juro-como-nuevo-jefe-de-gobierno","status":"publish","type":"post","link":"https:\/\/www.comuna13online.com.ar\/?p=18170","title":{"rendered":"Jorge Macri Jur\u00f3 como nuevo Jefe de Gobierno"},"content":{"rendered":"\n<p><strong>Lo hizo ante la Legislatura, al igual que la vicejefa Clara Muzzio. El primer mandatario porte\u00f1o manifest\u00f3 ante los presentes que la Legislatura deber\u00e1 ser la <em>\u201ccasa de los acuerdos\u201d<\/em>.<\/strong><\/p>\n\n\n\n<figure class=\"wp-block-image size-full\"><img loading=\"lazy\" decoding=\"async\" width=\"677\" height=\"381\" data-attachment-id=\"18171\" data-permalink=\"https:\/\/www.comuna13online.com.ar\/?attachment_id=18171\" data-orig-file=\"https:\/\/www.comuna13online.com.ar\/wp-content\/uploads\/2023\/12\/2023107a_01.jpg\" data-orig-size=\"677,381\" data-comments-opened=\"0\" data-image-meta=\"{&quot;aperture&quot;:&quot;0&quot;,&quot;credit&quot;:&quot;&quot;,&quot;camera&quot;:&quot;&quot;,&quot;caption&quot;:&quot;&quot;,&quot;created_timestamp&quot;:&quot;0&quot;,&quot;copyright&quot;:&quot;&quot;,&quot;focal_length&quot;:&quot;0&quot;,&quot;iso&quot;:&quot;0&quot;,&quot;shutter_speed&quot;:&quot;0&quot;,&quot;title&quot;:&quot;&quot;,&quot;orientation&quot;:&quot;0&quot;}\" data-image-title=\"2023107a_01\" data-image-description=\"\" data-image-caption=\"\" data-large-file=\"https:\/\/www.comuna13online.com.ar\/wp-content\/uploads\/2023\/12\/2023107a_01.jpg\" src=\"https:\/\/www.comuna13online.com.ar\/wp-content\/uploads\/2023\/12\/2023107a_01.jpg\" alt=\"\" class=\"wp-image-18171\"\/><figcaption class=\"wp-element-caption\"><sup>El Jefe de Gobierno, Jorge Macri, y la Vicejefa, Clara Muzzio exhiben el diploma tras la jura.<\/sup><\/figcaption><\/figure>\n\n\n\n<div style=\"height:20px\" aria-hidden=\"true\" class=\"wp-block-spacer\"><\/div>\n\n\n\n<p>Jorge Macri y Clara Muzzio juraron este jueves como nuevos jefe y vicejefa de Gobierno de la Ciudad Aut\u00f3noma de Buenos Aires para cumplir un mandato de cuatro a\u00f1os que se iniciar\u00e1 el pr\u00f3ximo 10 de diciembre. Lo hicieron ante el pleno de los diputados porte\u00f1os, futuros miembros del Gabinete, familiares y representantes del Poder Judicial.<\/p>\n\n\n\n<p>La Legislatura tiene que ser la <em>\u201ccasa de los acuerdos\u201d<\/em>, afirm\u00f3 Jorge Macri en su discurso. Y anticip\u00f3 que presentar\u00e1 proyectos para revisar el C\u00f3digo Urban\u00edstico respetando las caracter\u00edsticas de cada barrio; leyes para terminar con <em>\u201cel concepto de puerta giratoria\u201d<\/em> en lo referido a las reincidencias delictivas y normas que faciliten los tr\u00e1mites por una <em>\u201cventanilla \u00fanica\u201d<\/em> a quienes quieran emprender una actividad econ\u00f3mica en la Ciudad.<\/p>\n\n\n\n<p><em>\u201cPor ac\u00e1 pasar\u00e1n iniciativas muy relevantes para nuestros vecinos. Espero que este sea el escenario de muchos debates constructivos y que la Legislatura sea la casa de los acuerdos, del di\u00e1logo entre las distintas expresiones pol\u00edticas. No venimos a disputar poder sino a construir puentes que nos permitan llegar a un futuro mejor\u201d<\/em>, declar\u00f3 el nuevo Jefe de Gobierno.<\/p>\n\n\n\n<div style=\"height:20px\" aria-hidden=\"true\" class=\"wp-block-spacer\"><\/div>\n<div align=\"center\">\n<blockquote class=\"twitter-tweet\"><p lang=\"es\" dir=\"ltr\">Hoy comenzamos una nueva etapa en la Ciudad con la responsabilidad de defender las transformaciones que ya logramos. <br>Estoy convencido de que la gesti\u00f3n no vive de los \u00e9xitos del pasado y entiendo que las soluciones que funcionaron antes quiz\u00e1s ya no dan el mismo resultado.\u2026 <a href=\"https:\/\/t.co\/LfNb2JyWQD\">pic.twitter.com\/LfNb2JyWQD<\/a><\/p>&mdash; Jorge Macri (@jorgemacri) <a href=\"https:\/\/twitter.com\/jorgemacri\/status\/1732754454154231900?ref_src=twsrc%5Etfw\">December 7, 2023<\/a><\/blockquote> <script async src=\"https:\/\/platform.twitter.com\/widgets.js\" charset=\"utf-8\"><\/script>\n<\/div>\n<div style=\"height:20px\" aria-hidden=\"true\" class=\"wp-block-spacer\"><\/div>\n\n\n\n<p><em>\u201cAqu\u00ed hay expresiones pol\u00edticas muy diferentes y eso es una riqueza desde donde podemos construir juntos -continu\u00f3 Macri-. Seguramente ustedes sienten lo mismo que yo: un enorme compromiso con el bienestar de los vecinos, por sobre cualquier diferencia que podamos tener. Para eso estamos ac\u00e1, para trabajar en conjunto, para superar los desencuentros y construir una Ciudad que nos permita crecer, desarrollarnos, so\u00f1ar. La gente est\u00e1 cansada de las peleas entre pol\u00edticos. Los que tenemos que cansarnos somos nosotros, pero de trabajar para ellos\u201d<\/em>.<\/p>\n\n\n\n<p>Jorge Macri enfatiz\u00f3 que reclamar\u00e1 al nuevo gobierno nacional<em> \u201cque cumpla el fallo de la Corte Suprema que ordena restituir a la Ciudad los fondos de coparticipaci\u00f3n que el gobierno nacional saliente nos quit\u00f3 de forma unilateral y contraria a la Constituci\u00f3n\u201d<\/em>.<\/p>\n\n\n\n<p>Abog\u00f3 por <em>\u201cuna Ciudad m\u00e1s abierta, con m\u00e1s libertad, con m\u00e1s inclusi\u00f3n, que abrace la diversidad y el respeto por la diferencia\u201d <\/em>y explic\u00f3: <em>\u201cLa gente espera de nosotros poder ejercer todas sus libertades. La libertad de manifestar, sin duda, pero tambi\u00e9n la libertad de circular, estudiar, trabajar o simplemente pasear por esta Ciudad de Buenos Aires\u201d<\/em>.<\/p>\n\n\n\n<p><em>\u201cDe estas garant\u00edas he estado hablando con el presidente electo Javier Milei y con Patricia Bullrich, la (pr\u00f3xima) ministra de seguridad del gobierno nacional. Vamos a trabajar en equipo para garantizar esas libertades\u201d<\/em>, apunt\u00f3.<\/p>\n\n\n\n<div style=\"height:20px\" aria-hidden=\"true\" class=\"wp-block-spacer\"><\/div>\n<div align=\"center\">\n<blockquote class=\"twitter-tweet\"><p lang=\"es\" dir=\"ltr\">\u00a1S\u00ed, JURO! <br><br>Con <a href=\"https:\/\/twitter.com\/jorgemacri?ref_src=twsrc%5Etfw\">@jorgemacri<\/a> juramos como jefe y vicejefa de Gobierno de la Ciudad Aut\u00f3noma de Buenos Aires. <br><br>Desde nuestro lugar vamos a trabajar por esta Ciudad en la que vivimos y tanto queremos, para que sea m\u00e1s moderna, m\u00e1s inclusiva, m\u00e1s segura, m\u00e1s verde y m\u00e1s\u2026 <a href=\"https:\/\/t.co\/qcJWqryAPQ\">pic.twitter.com\/qcJWqryAPQ<\/a><\/p>&mdash; Clara Muzzio (@claramuzzio) <a href=\"https:\/\/twitter.com\/claramuzzio\/status\/1732764303583789501?ref_src=twsrc%5Etfw\">December 7, 2023<\/a><\/blockquote> <script async src=\"https:\/\/platform.twitter.com\/widgets.js\" charset=\"utf-8\"><\/script>\n<\/div>\n<div style=\"height:20px\" aria-hidden=\"true\" class=\"wp-block-spacer\"><\/div>\n\n\n\n<p>La sesi\u00f3n especial de jura de las nuevas autoridades del Poder Ejecutivo fue presidida por el vicepresidente de la Legislatura, Emmanuel Ferrario. Una vez concluida la ceremonia, los diputados de la Ciudad iniciaron una sesi\u00f3n ordinaria para tratar, entre otros asuntos, el Presupuesto de gastos y recursos de la administraci\u00f3n de la Ciudad para el a\u00f1o 2024.<\/p>\n\n\n\n<div style=\"height:20px\" aria-hidden=\"true\" class=\"wp-block-spacer\"><\/div>\n\n\n\n<h4 class=\"wp-block-heading\">Ceremonia de toma de juramento del Jefe de Gobierno electo Jorge Macri y la Vicejefa Clara Muzzio<\/h4>\n\n\n\n<div style=\"height:15px\" aria-hidden=\"true\" class=\"wp-block-spacer\"><\/div>\n\n\n\n<iframe loading=\"lazy\" width=\"678\" height=\"381\" src=\"https:\/\/www.youtube.com\/embed\/hCoQLX4E_Mk?si=SM6Khdiq5pf9I7zp\" title=\"YouTube video player\" frameborder=\"0\" allow=\"accelerometer; autoplay; clipboard-write; encrypted-media; gyroscope; picture-in-picture; web-share\" allowfullscreen><\/iframe>\n","protected":false},"excerpt":{"rendered":"<div class=\"mh-excerpt\">Lo hizo ante la Legislatura, al igual que la vicejefa Clara Muzzio. El primer mandatario porte\u00f1o manifest\u00f3 ante los presentes que la Legislatura deber\u00e1 ser la \u201ccasa de los acuerdos\u201d. <a class=\"mh-excerpt-more\" href=\"https:\/\/www.comuna13online.com.ar\/?p=18170\" title=\"Jorge Macri Jur\u00f3 como nuevo Jefe de Gobierno\">[&#8230;]<\/a><\/div>\n","protected":false},"author":1,"featured_media":18173,"comment_status":"closed","ping_status":"closed","sticky":false,"template":"","format":"standard","meta":{"_uag_custom_page_level_css":"","_jetpack_memberships_contains_paid_content":false,"footnotes":"","jetpack_publicize_message":"","jetpack_publicize_feature_enabled":false,"jetpack_social_post_already_shared":false,"jetpack_social_options":{"image_generator_settings":{"template":"highway","default_image_id":0,"font":"","enabled":false},"version":2}},"categories":[256],"tags":[258,250,296,7],"class_list":{"0":"post-18170","1":"post","2":"type-post","3":"status-publish","4":"format-standard","5":"has-post-thumbnail","7":"category-gobierno","8":"tag-gobierno","9":"tag-h2","10":"tag-h3","11":"tag-legislatura"},"jetpack_publicize_connections":[],"jetpack_featured_media_url":"https:\/\/www.comuna13online.com.ar\/wp-content\/uploads\/2023\/12\/2023107a_id.jpg","uagb_featured_image_src":{"full":["https:\/\/www.comuna13online.com.ar\/wp-content\/uploads\/2023\/12\/2023107a_id.jpg",677,381,false],"thumbnail":["https:\/\/www.comuna13online.com.ar\/wp-content\/uploads\/2023\/12\/2023107a_id.jpg",128,72,false],"medium":["https:\/\/www.comuna13online.com.ar\/wp-content\/uploads\/2023\/12\/2023107a_id.jpg",677,381,false],"medium_large":["https:\/\/www.comuna13online.com.ar\/wp-content\/uploads\/2023\/12\/2023107a_id.jpg",677,381,false],"large":["https:\/\/www.comuna13online.com.ar\/wp-content\/uploads\/2023\/12\/2023107a_id.jpg",677,381,false],"1536x1536":["https:\/\/www.comuna13online.com.ar\/wp-content\/uploads\/2023\/12\/2023107a_id.jpg",677,381,false],"2048x2048":["https:\/\/www.comuna13online.com.ar\/wp-content\/uploads\/2023\/12\/2023107a_id.jpg",677,381,false],"mh-magazine-slider":["https:\/\/www.comuna13online.com.ar\/wp-content\/uploads\/2023\/12\/2023107a_id.jpg",677,381,false],"mh-magazine-content":["https:\/\/www.comuna13online.com.ar\/wp-content\/uploads\/2023\/12\/2023107a_id.jpg",677,381,false],"mh-magazine-large":["https:\/\/www.comuna13online.com.ar\/wp-content\/uploads\/2023\/12\/2023107a_id.jpg",677,381,false],"mh-magazine-medium":["https:\/\/www.comuna13online.com.ar\/wp-content\/uploads\/2023\/12\/2023107a_id-326x245.jpg",326,245,true],"mh-magazine-small":["https:\/\/www.comuna13online.com.ar\/wp-content\/uploads\/2023\/12\/2023107a_id-80x60.jpg",80,60,true],"sow-carousel-default":["https:\/\/www.comuna13online.com.ar\/wp-content\/uploads\/2023\/12\/2023107a_id-272x182.jpg",272,182,true]},"uagb_author_info":{"display_name":"Comuna13","author_link":"https:\/\/www.comuna13online.com.ar\/?author=1"},"uagb_comment_info":0,"uagb_excerpt":"Lo hizo ante la Legislatura, al igual que la vicejefa Clara Muzzio. El primer mandatario porte\u00f1o manifest\u00f3 ante los presentes que la Legislatura deber\u00e1 ser la \u201ccasa de los acuerdos\u201d. [...]","jetpack_sharing_enabled":true,"_links":{"self":[{"href":"https:\/\/www.comuna13online.com.ar\/index.php?rest_route=\/wp\/v2\/posts\/18170","targetHints":{"allow":["GET"]}}],"collection":[{"href":"https:\/\/www.comuna13online.com.ar\/index.php?rest_route=\/wp\/v2\/posts"}],"about":[{"href":"https:\/\/www.comuna13online.com.ar\/index.php?rest_route=\/wp\/v2\/types\/post"}],"author":[{"embeddable":true,"href":"https:\/\/www.comuna13online.com.ar\/index.php?rest_route=\/wp\/v2\/users\/1"}],"replies":[{"embeddable":true,"href":"https:\/\/www.comuna13online.com.ar\/index.php?rest_route=%2Fwp%2Fv2%2Fcomments&post=18170"}],"version-history":[{"count":0,"href":"https:\/\/www.comuna13online.com.ar\/index.php?rest_route=\/wp\/v2\/posts\/18170\/revisions"}],"wp:featuredmedia":[{"embeddable":true,"href":"https:\/\/www.comuna13online.com.ar\/index.php?rest_route=\/wp\/v2\/media\/18173"}],"wp:attachment":[{"href":"https:\/\/www.comuna13online.com.ar\/index.php?rest_route=%2Fwp%2Fv2%2Fmedia&parent=18170"}],"wp:term":[{"taxonomy":"category","embeddable":true,"href":"https:\/\/www.comuna13online.com.ar\/index.php?rest_route=%2Fwp%2Fv2%2Fcategories&post=18170"},{"taxonomy":"post_tag","embeddable":true,"href":"https:\/\/www.comuna13online.com.ar\/index.php?rest_route=%2Fwp%2Fv2%2Ftags&post=18170"}],"curies":[{"name":"wp","href":"https:\/\/api.w.org\/{rel}","templated":true}]}}