{"id":18152,"date":"2023-12-19T09:35:00","date_gmt":"2023-12-19T12:35:00","guid":{"rendered":"https:\/\/www.comuna13online.com.ar\/?p=18152"},"modified":"2023-12-19T13:48:44","modified_gmt":"2023-12-19T16:48:44","slug":"continuan-los-trabajos-en-los-barrios-con-mas-de-2-500-operarios-en-las-calles","status":"publish","type":"post","link":"https:\/\/www.comuna13online.com.ar\/?p=18152","title":{"rendered":"Contin\u00faan los trabajos en los barrios, con m\u00e1s de 2.500 operarios en las calles"},"content":{"rendered":"\n<p><strong>Tras el temporal que sufri\u00f3 la Ciudad el domingo, el Gobierno porte\u00f1o contin\u00faa con el operativo en el que participan efectivos de Bomberos, Defensa Civil, SAME y Agentes de Tr\u00e1nsito, entre otros.<\/strong><\/p>\n\n\n\n<figure class=\"wp-block-image size-full\"><img loading=\"lazy\" decoding=\"async\" width=\"678\" height=\"452\" data-attachment-id=\"18154\" data-permalink=\"https:\/\/www.comuna13online.com.ar\/?attachment_id=18154\" data-orig-file=\"https:\/\/www.comuna13online.com.ar\/wp-content\/uploads\/2023\/12\/20231219a_12.jpg\" data-orig-size=\"678,452\" data-comments-opened=\"0\" data-image-meta=\"{&quot;aperture&quot;:&quot;0&quot;,&quot;credit&quot;:&quot;&quot;,&quot;camera&quot;:&quot;&quot;,&quot;caption&quot;:&quot;&quot;,&quot;created_timestamp&quot;:&quot;0&quot;,&quot;copyright&quot;:&quot;&quot;,&quot;focal_length&quot;:&quot;0&quot;,&quot;iso&quot;:&quot;0&quot;,&quot;shutter_speed&quot;:&quot;0&quot;,&quot;title&quot;:&quot;&quot;,&quot;orientation&quot;:&quot;0&quot;}\" data-image-title=\"20231219a_12\" data-image-description=\"\" data-image-caption=\"\" data-large-file=\"https:\/\/www.comuna13online.com.ar\/wp-content\/uploads\/2023\/12\/20231219a_12.jpg\" src=\"https:\/\/www.comuna13online.com.ar\/wp-content\/uploads\/2023\/12\/20231219a_12.jpg\" alt=\"\" class=\"wp-image-18154\" srcset=\"https:\/\/www.comuna13online.com.ar\/wp-content\/uploads\/2023\/12\/20231219a_12.jpg 678w, https:\/\/www.comuna13online.com.ar\/wp-content\/uploads\/2023\/12\/20231219a_12-272x182.jpg 272w\" sizes=\"auto, (max-width: 678px) 100vw, 678px\" \/><figcaption class=\"wp-element-caption\"><sup>El Jefe de Gobierno de la Cuidad, Jorge Macri, estuvo recorriendo las zonas afectadas y coordinando t\u00e1reas entre los distintos efectivos de la Ciudad.<\/sup><\/figcaption><\/figure>\n\n\n\n<div style=\"height:20px\" aria-hidden=\"true\" class=\"wp-block-spacer\"><\/div>\n\n\n\n<p>En el segundo d\u00eda de operativo tras el temporal del domingo a la madrugada, el Jefe de Gobierno porte\u00f1o, Jorge Macri, supervis\u00f3 los trabajos que contin\u00faan realizando m\u00e1s de 2.500 operarios de la Ciudad para remover \u00e1rboles y ramas ca\u00eddas, limpiar y liberar las calles. Entre las 14 horas del domingo y las 14 de este lunes ya se descargaron 50.000 kilos de restos de \u00e1rboles en el Centro de Reciclaje.<\/p>\n\n\n\n<p>Agentes de Bomberos, Defensa Civil, las empresas de higiene urbana, cuadrillas de diferentes \u00e1reas y Agentes de Tr\u00e1nsito trabajaron durante todo el d\u00eda para asistir a los vecinos y reparar los da\u00f1os. En este momento, de las 300 calles que estuvieron cortadas por \u00e1rboles o ramas ca\u00eddas ya se solucionaron 150.<\/p>\n\n\n\n<p>Los reportes recibidos por el centro de denuncias alcanzaron m\u00e1s de 6.400 e incluyeron \u00e1rboles ca\u00eddos o por caer, cables ca\u00eddos, cortados o colgando, ramas ca\u00eddas o por caer, marquesinas o carteles rotos, entre otras situaciones.<\/p>\n\n\n\n<p>Tal como explic\u00f3 el Jefe de Gobierno, <strong>Jorge Macri<\/strong>, la principal prioridad es la seguridad de las personas. Adem\u00e1s, garantizar el tr\u00e1nsito ya que hoy comienza la semana laboral.<em> \u201cEn las calles se hace un trabajo que es secuencial, primero las motosierras, cortan, trozan \u00e1rboles; despu\u00e9s vienen los equipos, las cuadrillas que corren, despejan las calles; luego las gr\u00faas que cargan en camiones. Estamos haciendo todo ese trabajo lo m\u00e1s r\u00e1pido que podemos. Y finalmente se hace lo que es barrido, limpieza, ordenamiento\u201d<\/em>, explic\u00f3 el Jefe de Gobierno.<\/p>\n\n\n\n<div style=\"height:20px\" aria-hidden=\"true\" class=\"wp-block-spacer\"><\/div>\n<div align=\"center\">\n<blockquote class=\"twitter-tweet\"><p lang=\"es\" dir=\"ltr\">\u00a1El nivel de desastre que gener\u00f3 el temporal en nuestra Ciudad es impresionante! Cada punto que recorro son ramas, \u00e1rboles, cables, postes y luminarias que necesitan intervenci\u00f3n. Tenemos cuadrillas en todos lo barrios trabajando 24\/7.<br><br>Agradezco el enorme compromiso y esfuerzo\u2026 <a href=\"https:\/\/t.co\/JdnszrQhJZ\">pic.twitter.com\/JdnszrQhJZ<\/a><\/p>&mdash; Jorge Macri (@jorgemacri) <a href=\"https:\/\/twitter.com\/jorgemacri\/status\/1736934160831242469?ref_src=twsrc%5Etfw\">December 19, 2023<\/a><\/blockquote> <script async src=\"https:\/\/platform.twitter.com\/widgets.js\" charset=\"utf-8\"><\/script>\n<\/div>\n<div style=\"height:20px\" aria-hidden=\"true\" class=\"wp-block-spacer\"><\/div>\n\n\n\n<p>Tambi\u00e9n se pide precauci\u00f3n al circular debido a que a\u00fan quedan calles cortadas, ramas y grupos de operarios con maquinaria y veh\u00edculos trabajando para restablecer el orden en los diferentes barrios. Las comunas 1, 2, 5 y 6 ya no tienen calles cortadas.<\/p>\n\n\n\n<p>Adem\u00e1s, hay pron\u00f3stico de lluvias durante el resto de la jornada de este lunes y un alerta de una importante crecida del R\u00edo de la Plata, tanto en la Ciudad como en la zona costera norte y sur del conurbano. El Centro de Prevenci\u00f3n de Crecidas del Servicio de Hidrograf\u00eda Naval (SHN), que depende del Ministerio de Defensa, alert\u00f3 que la crecida ser\u00eda de hasta 2 metros sobre los valores indicados en las tablas de marea. Suceder\u00eda entre la noche de este lunes y la madrugada del martes y podr\u00eda provocar anegamientos.<\/p>\n\n\n\n<p><em>\u201cDefinimos las prioridades de trabajo con un criterio de ocuparnos primero de las calles cortadas, con las casas que est\u00e1n afectadas. Hay vecinos que no est\u00e1n pudiendo ingresar a sus casas. Ha habido m\u00e1s de 500 casos graves, 350 de mucha envergadura\u201d<\/em>, precis\u00f3 el Jefe de Gobierno porte\u00f1o<\/p>\n\n\n\n<p>Por tal motivo, se recomienda especial cuidado o evitar circular por las calles y avenidas de la zona ribere\u00f1a como la Costanera, Figueroa Alcorta y la Avenida del Libertador, donde se podr\u00edan producir anegamientos. Se espera que el r\u00edo tenga una de las crecidas m\u00e1s importantes en a\u00f1os debido a fuertes vientos del sudeste, que seg\u00fan el Servicio Meteorol\u00f3gico Nacional, podr\u00edan superar los 50 km\/h.<\/p>\n\n\n\n<p>El Gobierno porte\u00f1o cuenta con 18 unidades de Bomberos, Defensa Civil y Log\u00edstica equipadas y apostadas para funcionar en situaciones de emergencia. Adem\u00e1s funcionan 11 estaciones de Bombeo; 7 ubicadas en el sistema Boca-Barracas, y las de White, Vega, Vega 2 y Maldonado.<\/p>\n\n\n\n<p>Por \u00faltimo, el primer mandatario porte\u00f1o asegur\u00f3: <em>\u201cVamos a tratar de tener la respuesta m\u00e1s r\u00e1pida, cuidando a los vecinos y a los equipos de la Ciudad que est\u00e1n haciendo un trabajo espectacular\u201d<\/em>.<\/p>\n\n\n\n<div style=\"height:20px\" aria-hidden=\"true\" class=\"wp-block-spacer\"><\/div>\n\n\n\n<figure class=\"wp-block-image size-full\"><img loading=\"lazy\" decoding=\"async\" width=\"678\" height=\"381\" data-attachment-id=\"18155\" data-permalink=\"https:\/\/www.comuna13online.com.ar\/?attachment_id=18155\" data-orig-file=\"https:\/\/www.comuna13online.com.ar\/wp-content\/uploads\/2023\/12\/20231219a_03.jpg\" data-orig-size=\"678,381\" data-comments-opened=\"0\" data-image-meta=\"{&quot;aperture&quot;:&quot;0&quot;,&quot;credit&quot;:&quot;&quot;,&quot;camera&quot;:&quot;&quot;,&quot;caption&quot;:&quot;&quot;,&quot;created_timestamp&quot;:&quot;0&quot;,&quot;copyright&quot;:&quot;&quot;,&quot;focal_length&quot;:&quot;0&quot;,&quot;iso&quot;:&quot;0&quot;,&quot;shutter_speed&quot;:&quot;0&quot;,&quot;title&quot;:&quot;&quot;,&quot;orientation&quot;:&quot;0&quot;}\" data-image-title=\"20231219a_03\" data-image-description=\"\" data-image-caption=\"\" data-large-file=\"https:\/\/www.comuna13online.com.ar\/wp-content\/uploads\/2023\/12\/20231219a_03.jpg\" src=\"https:\/\/www.comuna13online.com.ar\/wp-content\/uploads\/2023\/12\/20231219a_03.jpg\" alt=\"\" class=\"wp-image-18155\"\/><\/figure>\n\n\n\n<div style=\"height:20px\" aria-hidden=\"true\" class=\"wp-block-spacer\"><\/div>\n\n\n\n<p>En caso de emergencia hay que comunicarse con el 103 o el 911. Y en caso de duda en cuanto a qu\u00e9 servicio solicitar, hay que llamar al 147.<\/p>\n\n\n\n<p>En total, hasta las 18 horas de este lunes, el Centro \u00danico de Coordinaci\u00f3n y Control hab\u00eda recibido 6.430 llamados relacionados con el temporal a trav\u00e9s de la L\u00ednea de Emergencias 103 y las derivaciones de la L\u00ednea 911. Del total, el 78% son reiteraciones o llamadas que hacen referencia a eventos producidos en la misma cuadra. Villa Devoto, Palermo, Villa del Parque, Villa Pueyrred\u00f3n y Villa Urquiza fueron los barrios con m\u00e1s incidentes reportados. En tanto la Comuna 11, con m\u00e1s de 1.400, fue la que lider\u00f3 los llamados.<\/p>\n\n\n\n<p>En cuanto a los \u00e1rboles ca\u00eddos, hay m\u00e1s de 670. Adem\u00e1s, otros 300 tienen ramas rotas en las 15 comunas.<\/p>\n\n\n\n<p>La gran cantidad de ramas y \u00e1rboles ca\u00eddos son atribuidas a las r\u00e1fagas de m\u00e1s de 97 km que se registraron durante la tormenta del domingo a la madrugada. Las especies m\u00e1s da\u00f1adas fueron los para\u00edsos y las tipas, seg\u00fan el Gobierno porte\u00f1o, que controla permanentemente con los especialistas en arbolado, que determinan su estado. Adem\u00e1s, funciona en forma permanente un plan sistem\u00e1tico de poda preventiva, que se realiza durante todo el a\u00f1o.<\/p>\n\n\n\n<p><strong>Las plazas y parques se mantienen vallados o cerrados por precauci\u00f3n, para garantizar la seguridad de los vecinos hasta tanto se hayan evitado los riesgos en cada caso.<\/strong><\/p>\n\n\n\n<p><strong>En cuanto al transporte<\/strong>, todas las l\u00edneas de <strong>subte funcionan con normalidad<\/strong>, al igual que el Premetro.\u00a0<\/p>\n\n\n\n<p>Adem\u00e1s,&nbsp;<strong>la red de sem\u00e1foros est\u00e1 funcionando casi en su totalidad<\/strong>, al 99%. Agentes de Tr\u00e1nsito colaboran con los desv\u00edos en las calles cuyo tr\u00e1nsito a\u00fan no se haya normalizado.&nbsp;<\/p>\n\n\n\n<p>Los pasos bajo nivel de Salguero y Sarmiento, y de la Avenida Donado ya fueron liberados al tr\u00e1nsito.<\/p>\n","protected":false},"excerpt":{"rendered":"<div class=\"mh-excerpt\">Tras el temporal que sufri\u00f3 la Ciudad el domingo, el Gobierno porte\u00f1o contin\u00faa con el operativo en el que participan efectivos de Bomberos, Defensa Civil, SAME y Agentes de Tr\u00e1nsito, <a class=\"mh-excerpt-more\" href=\"https:\/\/www.comuna13online.com.ar\/?p=18152\" title=\"Contin\u00faan los trabajos en los barrios, con m\u00e1s de 2.500 operarios en las calles\">[&#8230;]<\/a><\/div>\n","protected":false},"author":1,"featured_media":18156,"comment_status":"closed","ping_status":"closed","sticky":false,"template":"","format":"standard","meta":{"_uag_custom_page_level_css":"","_jetpack_memberships_contains_paid_content":false,"footnotes":"","jetpack_publicize_message":"","jetpack_publicize_feature_enabled":true,"jetpack_social_post_already_shared":true,"jetpack_social_options":{"image_generator_settings":{"template":"highway","default_image_id":0,"font":"","enabled":false},"version":2}},"categories":[251],"tags":[187,252,250,296,54],"class_list":{"0":"post-18152","1":"post","2":"type-post","3":"status-publish","4":"format-standard","5":"has-post-thumbnail","7":"category-emergencias","8":"tag-ciudad","9":"tag-emergencias","10":"tag-h2","11":"tag-h3","12":"tag-transito"},"jetpack_publicize_connections":[],"jetpack_featured_media_url":"https:\/\/www.comuna13online.com.ar\/wp-content\/uploads\/2023\/12\/20231219a_id.jpg","uagb_featured_image_src":{"full":["https:\/\/www.comuna13online.com.ar\/wp-content\/uploads\/2023\/12\/20231219a_id.jpg",678,381,false],"thumbnail":["https:\/\/www.comuna13online.com.ar\/wp-content\/uploads\/2023\/12\/20231219a_id.jpg",128,72,false],"medium":["https:\/\/www.comuna13online.com.ar\/wp-content\/uploads\/2023\/12\/20231219a_id.jpg",678,381,false],"medium_large":["https:\/\/www.comuna13online.com.ar\/wp-content\/uploads\/2023\/12\/20231219a_id.jpg",678,381,false],"large":["https:\/\/www.comuna13online.com.ar\/wp-content\/uploads\/2023\/12\/20231219a_id.jpg",678,381,false],"1536x1536":["https:\/\/www.comuna13online.com.ar\/wp-content\/uploads\/2023\/12\/20231219a_id.jpg",678,381,false],"2048x2048":["https:\/\/www.comuna13online.com.ar\/wp-content\/uploads\/2023\/12\/20231219a_id.jpg",678,381,false],"mh-magazine-slider":["https:\/\/www.comuna13online.com.ar\/wp-content\/uploads\/2023\/12\/20231219a_id.jpg",678,381,false],"mh-magazine-content":["https:\/\/www.comuna13online.com.ar\/wp-content\/uploads\/2023\/12\/20231219a_id.jpg",678,381,false],"mh-magazine-large":["https:\/\/www.comuna13online.com.ar\/wp-content\/uploads\/2023\/12\/20231219a_id.jpg",678,381,false],"mh-magazine-medium":["https:\/\/www.comuna13online.com.ar\/wp-content\/uploads\/2023\/12\/20231219a_id-326x245.jpg",326,245,true],"mh-magazine-small":["https:\/\/www.comuna13online.com.ar\/wp-content\/uploads\/2023\/12\/20231219a_id-80x60.jpg",80,60,true],"sow-carousel-default":["https:\/\/www.comuna13online.com.ar\/wp-content\/uploads\/2023\/12\/20231219a_id-272x182.jpg",272,182,true]},"uagb_author_info":{"display_name":"Comuna13","author_link":"https:\/\/www.comuna13online.com.ar\/?author=1"},"uagb_comment_info":0,"uagb_excerpt":"Tras el temporal que sufri\u00f3 la Ciudad el domingo, el Gobierno porte\u00f1o contin\u00faa con el operativo en el que participan efectivos de Bomberos, Defensa Civil, SAME y Agentes de Tr\u00e1nsito, [...]","jetpack_sharing_enabled":true,"_links":{"self":[{"href":"https:\/\/www.comuna13online.com.ar\/index.php?rest_route=\/wp\/v2\/posts\/18152","targetHints":{"allow":["GET"]}}],"collection":[{"href":"https:\/\/www.comuna13online.com.ar\/index.php?rest_route=\/wp\/v2\/posts"}],"about":[{"href":"https:\/\/www.comuna13online.com.ar\/index.php?rest_route=\/wp\/v2\/types\/post"}],"author":[{"embeddable":true,"href":"https:\/\/www.comuna13online.com.ar\/index.php?rest_route=\/wp\/v2\/users\/1"}],"replies":[{"embeddable":true,"href":"https:\/\/www.comuna13online.com.ar\/index.php?rest_route=%2Fwp%2Fv2%2Fcomments&post=18152"}],"version-history":[{"count":0,"href":"https:\/\/www.comuna13online.com.ar\/index.php?rest_route=\/wp\/v2\/posts\/18152\/revisions"}],"wp:featuredmedia":[{"embeddable":true,"href":"https:\/\/www.comuna13online.com.ar\/index.php?rest_route=\/wp\/v2\/media\/18156"}],"wp:attachment":[{"href":"https:\/\/www.comuna13online.com.ar\/index.php?rest_route=%2Fwp%2Fv2%2Fmedia&parent=18152"}],"wp:term":[{"taxonomy":"category","embeddable":true,"href":"https:\/\/www.comuna13online.com.ar\/index.php?rest_route=%2Fwp%2Fv2%2Fcategories&post=18152"},{"taxonomy":"post_tag","embeddable":true,"href":"https:\/\/www.comuna13online.com.ar\/index.php?rest_route=%2Fwp%2Fv2%2Ftags&post=18152"}],"curies":[{"name":"wp","href":"https:\/\/api.w.org\/{rel}","templated":true}]}}