{"id":18143,"date":"2023-12-11T12:24:22","date_gmt":"2023-12-11T15:24:22","guid":{"rendered":"https:\/\/www.comuna13online.com.ar\/?p=18143"},"modified":"2024-04-04T19:49:45","modified_gmt":"2024-04-04T22:49:45","slug":"cronograma-de-puntos-verdes-moviles-durante-noviembre-en-la-comuna-13-2","status":"publish","type":"post","link":"https:\/\/www.comuna13online.com.ar\/?p=18143","title":{"rendered":"Cronograma de Puntos Verdes M\u00f3viles durante diciembre en la Comuna 13"},"content":{"rendered":"\n<p><strong>Los Puntos Verdes M\u00f3viles cambian de ubicaci\u00f3n mensualmente para abarcar todas las comunas de la Ciudad, se puede llevar residuos de aparatos electr\u00f3nicos, aceite vegetal, pilas y cartuchos de impresoras.<\/strong><\/p>\n\n\n\n<figure class=\"wp-block-image size-full\"><img loading=\"lazy\" decoding=\"async\" width=\"678\" height=\"446\" data-attachment-id=\"17031\" data-permalink=\"https:\/\/www.comuna13online.com.ar\/?attachment_id=17031\" data-orig-file=\"https:\/\/www.comuna13online.com.ar\/wp-content\/uploads\/2023\/04\/20230420a_01.jpg\" data-orig-size=\"678,446\" data-comments-opened=\"0\" data-image-meta=\"{&quot;aperture&quot;:&quot;0&quot;,&quot;credit&quot;:&quot;&quot;,&quot;camera&quot;:&quot;&quot;,&quot;caption&quot;:&quot;&quot;,&quot;created_timestamp&quot;:&quot;0&quot;,&quot;copyright&quot;:&quot;&quot;,&quot;focal_length&quot;:&quot;0&quot;,&quot;iso&quot;:&quot;0&quot;,&quot;shutter_speed&quot;:&quot;0&quot;,&quot;title&quot;:&quot;&quot;,&quot;orientation&quot;:&quot;0&quot;}\" data-image-title=\"20230420a_01\" data-image-description=\"\" data-image-caption=\"\" data-large-file=\"https:\/\/www.comuna13online.com.ar\/wp-content\/uploads\/2023\/04\/20230420a_01.jpg\" src=\"http:\/\/www.comuna13online.com.ar\/wp-content\/uploads\/2023\/04\/20230420a_01.jpg\" alt=\"\" class=\"wp-image-17031\"\/><\/figure>\n\n\n\n<div style=\"height:15px\" aria-hidden=\"true\" class=\"wp-block-spacer\"><\/div>\n\n\n\n<p>Los Puntos Verdes M\u00f3viles son camionetas que recorren la Ciudad con el objetivo de acercar a los vecinos la posibilidad de llevar residuos de aparatos el\u00e9ctricos y electr\u00f3nicos, aceite vegetal usado, pilas y cartuchos de tinta y t\u00f3ners.<\/p>\n\n\n\n<h3 class=\"wp-block-heading\">Cronograma de diciembre 2023 en la Comuna 13<\/h3>\n\n\n\n<div style=\"height:15px\" aria-hidden=\"true\" class=\"wp-block-spacer\"><\/div>\n\n\n\n<p><strong><em>Mi\u00e9rcoles \u00a0de 9 a 13 horas.\u00a0<\/em><\/strong><\/p>\n\n\n\n<h4 class=\"wp-block-heading\">FIAB Plaza Mafalda<\/h4>\n\n\n\n<p><a rel=\"noreferrer noopener\" href=\"https:\/\/www.google.com\/maps\/place\/Conde+200,+Buenos+Aires\/data=!4m2!3m1!1s0x95bcb5ebe16ad1b7:0xd6d997f2654b9878?sa=X&amp;ved=2ahUKEwihxde64vX_AhVgrJUCHc9CD1EQ8gF6BAgPEAA&amp;ved=2ahUKEwihxde64vX_AhVgrJUCHc9CD1EQ8gF6BAgUEAI\" target=\"_blank\"><em>Conde 200<\/em><\/a><em> entre Santos Dumont y Concepci\u00f3n Arenal<\/em>, Colegiales.<\/p>\n\n\n\n<div style=\"height:15px\" aria-hidden=\"true\" class=\"wp-block-spacer\"><\/div>\n\n\n\n<p><strong><em>S\u00e1bado de 9 a 13 horas.\u00a0<\/em><\/strong><\/p>\n\n\n\n<h4 class=\"wp-block-heading\">FIAB Plaza F\u00e9lix Lima<\/h4>\n\n\n\n<p><a href=\"https:\/\/www.google.com\/maps\/place\/Ramallo+%26+Arcos,+Buenos+Aires\/@-34.5415277,-58.4703592,19z\/data=!4m6!3m5!1s0x95bcb6a23c8b1213:0x54dca35a29392c65!8m2!3d-34.5414744!4d-58.4696044!16s%2Fg%2F11h9whm3v2?entry=ttu\" target=\"_blank\" rel=\"noreferrer noopener\"><em>Ramallo 2400<\/em><\/a> entre Arcos y Cuba, N\u00fa\u00f1ez.<\/p>\n\n\n\n<div style=\"height:15px\" aria-hidden=\"true\" class=\"wp-block-spacer\"><\/div>\n\n\n\n<p><strong><em>Domingo\u00a0de 9 a 13 horas.<\/em><\/strong><\/p>\n\n\n\n<h4 class=\"wp-block-heading\">FIAB Plaza Balcarce<\/h4>\n\n\n\n<p><a rel=\"noreferrer noopener\" href=\"https:\/\/www.google.com\/maps\/place\/Manzanares+2300,+C1429CUI+CABA\/data=!4m2!3m1!1s0x95bcb69eb1bac8f9:0xaa25200644c4f44?sa=X&amp;ved=2ahUKEwihmqLG4vX_AhXNkZUCHVz8DB8Q8gF6BAgPEAA&amp;ved=2ahUKEwihmqLG4vX_AhXNkZUCHVz8DB8Q8gF6BAgWEAI\" target=\"_blank\"><em>Manzanares 2300<\/em><\/a> entre Av. Cabildo y Vuelta de Obligado, Belgrano.<\/p>\n\n\n\n<div style=\"height:15px\" aria-hidden=\"true\" class=\"wp-block-spacer\"><\/div>\n\n\n\n<h3 class=\"wp-block-heading\">Cronograma Puntos Verdes M\u00f3viles diciembre 2023 <\/h3>\n\n\n\n<p><strong><em>Lunes a viernes de 9 a 13 horas.<\/em><\/strong><\/p>\n\n\n\n<h4 class=\"wp-block-heading\">Lunes<\/h4>\n\n\n\n<ul class=\"wp-block-list\">\n<li>FIAB Mariano Boedo &#8211;&nbsp;Estados Unidos y S\u00e1nchez de Loria&nbsp;<em>(Comuna 5)<\/em>.&nbsp;<\/li>\n\n\n\n<li>FIAB Plaza Misericordia &#8211; Camacu\u00e1 y Av. Directorio&nbsp;<em>(Comuna 7)<\/em>.&nbsp;<\/li>\n\n\n\n<li>FIAB Plaza Sudam\u00e9rica &#8211; Av. Fern\u00e1ndez de la Cruz y Piedrabuena\u00a0<em>(Comuna 8)<\/em>.\u00a0<\/li>\n<\/ul>\n\n\n\n<h4 class=\"wp-block-heading\">Martes<\/h4>\n\n\n\n<ul class=\"wp-block-list\">\n<li>FIAB Plaza Arenales &#8211; Pareja y Bah\u00eda Blanca&nbsp;<em>(Comuna 11)<\/em>.&nbsp;<\/li>\n\n\n\n<li>Olleros y Av. Luis Mar\u00eda Campos&nbsp;<em>(Comuna 14).<\/em><\/li>\n\n\n\n<li>FIAB Plaza 24 de Septiembre &#8211; Rojas y Apolinario Figueroa\u00a0<em>(Comuna 15)<\/em>.\u00a0<\/li>\n<\/ul>\n\n\n\n<h4 class=\"wp-block-heading\">Mi\u00e9rcoles<\/h4>\n\n\n\n<ul class=\"wp-block-list\">\n<li>FIAB Plaza Libertad &#8211; Cerrito y Paraguay&nbsp;<em>(Comuna 1)<\/em>.<\/li>\n\n\n\n<li>FIAB Parque Patricios &#8211; Corrales Viejos y Patagones<em>(Comuna 4)<\/em>.&nbsp;<\/li>\n\n\n\n<li>FIAB Plaza Mafalda &#8211; Colegiales Gral. Enrique Mart\u00e9nez y Concepci\u00f3n Arenal\u00a0<em>(Comuna 13)<\/em>.\u00a0<\/li>\n<\/ul>\n\n\n\n<h4 class=\"wp-block-heading\">Jueves<\/h4>\n\n\n\n<ul class=\"wp-block-list\">\n<li>FIAB Plaza Vicente L\u00f3pez &#8211; Paran\u00e1 y Arenales&nbsp;<em>(Comuna 2)<\/em>.<\/li>\n\n\n\n<li>FIAB Parque Avellaneda &#8211; Av. Lacarra 780&nbsp;<em>(Comuna 9).&nbsp;<\/em><\/li>\n\n\n\n<li>FIAB Plaza Ej\u00e9rcito de Los Andes &#8211; Av. Rivadavia entre Albari\u00f1o y Corval\u00e1n\u00a0<em>(Comuna 10)<\/em>.<\/li>\n<\/ul>\n\n\n\n<h4 class=\"wp-block-heading\">Viernes<\/h4>\n\n\n\n<ul class=\"wp-block-list\">\n<li>FIAB Parque Centenario &#8211; Av. Diaz V\u00e9lez y Leopoldo Marechal&nbsp;<em>(Comuna 6).&nbsp;<\/em><\/li>\n\n\n\n<li>FIAB Plaza \u00c1ngel Gris &#8211; Flores Calcena y Av. Avellaneda&nbsp;<em>(Comuna 7).&nbsp;<\/em><\/li>\n\n\n\n<li>FIAB Parque Las Heras &#8211;\u00a0Juli\u00e1n \u00c1lvarez entre Juncal y French\u00a0<em>(Comuna 14).\u00a0<\/em><\/li>\n<\/ul>\n\n\n\n<h4 class=\"wp-block-heading\">S\u00e1bado<\/h4>\n\n\n\n<p><strong>Ma\u00f1ana: 9 a 13 horas<\/strong><\/p>\n\n\n\n<ul class=\"wp-block-list\">\n<li>Plaza Velazco Ibarra &#8211; M\u00e9xico esq. Av Jujuy&nbsp;<em>(Comuna 3).&nbsp;<\/em><\/li>\n\n\n\n<li>FIAB Plaza F\u00e9lix Lima &#8211; Arcos y Ramallo&nbsp;<em>(Comuna 13)<\/em>.&nbsp;<\/li>\n<\/ul>\n\n\n\n<p><strong>Tarde: 14 a 17 horas<\/strong><\/p>\n\n\n\n<ul class=\"wp-block-list\">\n<li>FIAB Plaza Colombia &#8211; Montes de Oca y Pinz\u00f3n&nbsp;<em>(Comuna 4).&nbsp;<\/em><strong>No estaremos presentes el 16\/12.<\/strong><\/li>\n\n\n\n<li>FIAB Plaza Irlanda &#8211; Segu\u00ed entre Neuqu\u00e9n y Av. Gaona&nbsp;&nbsp;<em>(Comuna 6).&nbsp;<\/em><\/li>\n\n\n\n<li><\/li>\n<\/ul>\n\n\n\n<h4 class=\"wp-block-heading\">Domingo<\/h4>\n\n\n\n<p><strong>Ma\u00f1ana: 9 a 13 horas<\/strong><\/p>\n\n\n\n<ul class=\"wp-block-list\">\n<li>FIAB Parque Saavedra &#8211; Garc\u00eda del R\u00edo 3300&nbsp;<em>(Comuna 4)<\/em>.&nbsp;<\/li>\n\n\n\n<li>FIAB Plaza Balcarce &#8211; Manzanares 2300 entre Av. Cabildo y Vuelta de Obligado&nbsp;<em>(Comuna 13).&nbsp;<\/em><\/li>\n<\/ul>\n\n\n\n<p><strong>Tarde: 14 a 17 horas<\/strong><\/p>\n\n\n\n<ul class=\"wp-block-list\">\n<li>FIAB Parque Chacabuco&nbsp;&#8211; Emilio Mitre entre Av. Asamblea y Salas&nbsp;<em>(Comuna 7).&nbsp;<\/em><\/li>\n\n\n\n<li>Feria \u00abSabe la Tierra\u00bb &#8211; FIAB Parque Las Heras, Av. Coronel D\u00edaz y French\u00a0<em>(Comuna 14)<\/em>.\u00a0<strong>No estaremos presentes el 17\/12.<\/strong><\/li>\n<\/ul>\n\n\n\n<div style=\"height:20px\" aria-hidden=\"true\" class=\"wp-block-spacer\"><\/div>\n\n\n\n<div style=\"height:20px\" aria-hidden=\"true\" class=\"wp-block-spacer\"><\/div>\n<div align=\"center\">\n<blockquote class=\"twitter-tweet\"><p lang=\"es\" dir=\"ltr\">Hoy es el D\u00eda del Sobregiro de la Tierra \ud83c\udf0e<br><br>\u26a0\ufe0f Esto significa que ya agotamos todos los recursos naturales disponibles del a\u00f1o, a partir de ma\u00f1ana usaremos los recursos del 2024 \ud83d\ude33 <a href=\"https:\/\/t.co\/xfQ1IXP8ro\">pic.twitter.com\/xfQ1IXP8ro<\/a><\/p>&mdash; BA Ciudad Verde (@BACiudadVerde) <a href=\"https:\/\/twitter.com\/BACiudadVerde\/status\/1686736876986654720?ref_src=twsrc%5Etfw\">August 2, 2023<\/a><\/blockquote> <script async src=\"https:\/\/platform.twitter.com\/widgets.js\" charset=\"utf-8\"><\/script>\n<\/div>\n<div style=\"height:20px\" aria-hidden=\"true\" class=\"wp-block-spacer\"><\/div>\n\n\n\n<p><\/p>\n\n\n\n<h3 class=\"wp-block-heading\">Materiales que se reciben:<\/h3>\n\n\n\n<p><strong>Residuos de Aparatos El\u00e9ctricos y Electr\u00f3nicos (RAEEs)<\/strong><\/p>\n\n\n\n<p>Son los aparatos de inform\u00e1tica y comunicaci\u00f3n (notebooks y computadoras de escritorio con sus componentes, celulares y tel\u00e9fonos, tablets, c\u00e1maras, radios, etc.), poseen partes que pueden ser reutilizadas y recicladas, y pueden poseer elementos potencialmente peligrosos que requieren un tratamiento diferenciado. Deben entregarse limpios. Se reciben hasta 3 aparatos por persona.<\/p>\n\n\n\n<p><strong>Aceite Vegetal Usado<\/strong><\/p>\n\n\n\n<p><strong>Es el aceite de fritura que usas para cocinar<\/strong>. Cada litro de aceite contamina 1000 litros de agua, y adem\u00e1s, si lo tir\u00e1s al desag\u00fce, puede ocasionar la obstrucci\u00f3n de las ca\u00f1er\u00edas. Cuando llega a los Puntos Verdes lo reciclamos y lo transformamos en biodiesel.<\/p>\n\n\n\n<p>Debe entregarse en botellas pl\u00e1sticas, cerradas y limpias. Luego de cocinar, dejarlo enfriar y envasarlo en una botella.<\/p>\n\n\n\n<p><strong>Pilas<\/strong><\/p>\n\n\n\n<p><strong>C<\/strong>ontienen elementos potencialmente perjudiciales para la salud y el ambiente y requieren una gesti\u00f3n ambientalmente adecuada. Se reciben pilas cil\u00edndricas AA, AAA, AAAA, C, D, N, prism\u00e1ticas 9V y pilas bot\u00f3n, de un solo uso y tambi\u00e9n recargables. Deterioradas y no deterioradas.<\/p>\n\n\n\n<p>Traelas sueltas o en una bolsa o envase. Cuando las dej\u00e1s, ponemos cada unidad de pila en nuestros contenedores. El recipiente con las que las trajiste te lo volv\u00e9s a llevar.<\/p>\n\n\n\n<p><strong>Cartuchos de tinta y t\u00f3ners<\/strong><\/p>\n\n\n\n<p>Por sus caracter\u00edsticas deben ser gestionados de manera diferenciada del resto de los residuos especiales porque su disposici\u00f3n inadecuada puede ser perjudicial para el ambiente. Se reciben hasta tres productos por persona.<\/p>\n\n\n\n<p><strong>Ecobolsa en desuso<\/strong> 100% polipropileno, cuando entra en desuso este material puede volver a fundirse y utilizarse para la fabricaci\u00f3n de otros productos pl\u00e1sticos.<\/p>\n\n\n\n<p><strong>Botellas de Amor<\/strong> empaques de comidas, snacks, golosinas, cepillos de dientes, sorbetes, y otros pl\u00e1sticos de un solo uso. La botella se transforma en madera pl\u00e1stica a trav\u00e9s de la empresa&nbsp;<a rel=\"noreferrer noopener\" href=\"https:\/\/4emaderaplastica.com\/#!\/-inicio\/\" target=\"_blank\">4EMaderaPlastica<\/a><\/p>\n\n\n\n<p><strong>L\u00e1mparas en desuso<\/strong>, se reciben l\u00e1mparas en desuso de bajo consumo, incandescentes, hal\u00f3genas, tubos fluorescentes y dicroicas. Se aceptan hasta 5 unidades por persona por d\u00eda.<br>C\u00f3mo debo entregarlos?<\/p>\n\n\n\n<ul class=\"wp-block-list\">\n<li>En su envoltorio original (caja) para evitar roturas. En caso de no tener ese envoltorio, cubrilas con cart\u00f3n o pl\u00e1stico de burbuja.<\/li>\n\n\n\n<li>Las l\u00e1mparas bajo consumo y tubos fluorescentes solo se reciben en cajas.<\/li>\n\n\n\n<li><strong>No se aceptan l\u00e1mparas rotas.<\/strong><\/li>\n<\/ul>\n\n\n\n<p><strong>C\u00e1psulas de caf\u00e9 y Bolsas de alimento balanceado<\/strong><\/p>\n\n\n\n<p><strong>\u00bfPor qu\u00e9 las juntamos?<\/strong><\/p>\n\n\n\n<p>Porque contienen materiales que pueden recupersarse y volver a intersarse en el ciclo productivo. Las bolsas de alimento balanceado y las c\u00e1psulas de caf\u00e9 de pl\u00e1stico se transforman en madera pl\u00e1stica a trav\u00e9s de la empresa&nbsp;<a rel=\"noreferrer noopener\" href=\"https:\/\/4emaderaplastica.com\/#!\/-inicio\/\" target=\"_blank\">4EMaderaPlastica<\/a>, mientras que las capsulas de caf\u00e9 de aluminio servir\u00e1n de materia prima para nuevos productos. <strong>Entregarlas vac\u00edas, limpias y secas.<\/strong><\/p>\n","protected":false},"excerpt":{"rendered":"<div class=\"mh-excerpt\">Los Puntos Verdes M\u00f3viles cambian de ubicaci\u00f3n mensualmente para abarcar todas las comunas de la Ciudad, se puede llevar residuos de aparatos electr\u00f3nicos, aceite vegetal, pilas y cartuchos de impresoras. <a class=\"mh-excerpt-more\" href=\"https:\/\/www.comuna13online.com.ar\/?p=18143\" title=\"Cronograma de Puntos Verdes M\u00f3viles durante diciembre en la Comuna 13\">[&#8230;]<\/a><\/div>\n","protected":false},"author":1,"featured_media":17529,"comment_status":"closed","ping_status":"closed","sticky":false,"template":"","format":"standard","meta":{"_uag_custom_page_level_css":"","_jetpack_memberships_contains_paid_content":false,"footnotes":"","jetpack_publicize_message":"","jetpack_publicize_feature_enabled":true,"jetpack_social_post_already_shared":true,"jetpack_social_options":{"image_generator_settings":{"template":"highway","default_image_id":0,"font":"","enabled":false},"version":2}},"categories":[22],"tags":[19,250,296,37],"class_list":{"0":"post-18143","1":"post","2":"type-post","3":"status-publish","4":"format-standard","5":"has-post-thumbnail","7":"category-medio-ambiente","8":"tag-comuna-13","9":"tag-h2","10":"tag-h3","11":"tag-medio-ambiente"},"jetpack_publicize_connections":[],"jetpack_featured_media_url":"https:\/\/www.comuna13online.com.ar\/wp-content\/uploads\/2023\/08\/20230802a_id.jpg","uagb_featured_image_src":{"full":["https:\/\/www.comuna13online.com.ar\/wp-content\/uploads\/2023\/08\/20230802a_id.jpg",678,381,false],"thumbnail":["https:\/\/www.comuna13online.com.ar\/wp-content\/uploads\/2023\/08\/20230802a_id.jpg",128,72,false],"medium":["https:\/\/www.comuna13online.com.ar\/wp-content\/uploads\/2023\/08\/20230802a_id.jpg",678,381,false],"medium_large":["https:\/\/www.comuna13online.com.ar\/wp-content\/uploads\/2023\/08\/20230802a_id.jpg",678,381,false],"large":["https:\/\/www.comuna13online.com.ar\/wp-content\/uploads\/2023\/08\/20230802a_id.jpg",678,381,false],"1536x1536":["https:\/\/www.comuna13online.com.ar\/wp-content\/uploads\/2023\/08\/20230802a_id.jpg",678,381,false],"2048x2048":["https:\/\/www.comuna13online.com.ar\/wp-content\/uploads\/2023\/08\/20230802a_id.jpg",678,381,false],"mh-magazine-slider":["https:\/\/www.comuna13online.com.ar\/wp-content\/uploads\/2023\/08\/20230802a_id.jpg",678,381,false],"mh-magazine-content":["https:\/\/www.comuna13online.com.ar\/wp-content\/uploads\/2023\/08\/20230802a_id.jpg",678,381,false],"mh-magazine-large":["https:\/\/www.comuna13online.com.ar\/wp-content\/uploads\/2023\/08\/20230802a_id.jpg",678,381,false],"mh-magazine-medium":["https:\/\/www.comuna13online.com.ar\/wp-content\/uploads\/2023\/08\/20230802a_id-326x245.jpg",326,245,true],"mh-magazine-small":["https:\/\/www.comuna13online.com.ar\/wp-content\/uploads\/2023\/08\/20230802a_id-80x60.jpg",80,60,true],"sow-carousel-default":["https:\/\/www.comuna13online.com.ar\/wp-content\/uploads\/2023\/08\/20230802a_id-272x182.jpg",272,182,true]},"uagb_author_info":{"display_name":"Comuna13","author_link":"https:\/\/www.comuna13online.com.ar\/?author=1"},"uagb_comment_info":0,"uagb_excerpt":"Los Puntos Verdes M\u00f3viles cambian de ubicaci\u00f3n mensualmente para abarcar todas las comunas de la Ciudad, se puede llevar residuos de aparatos electr\u00f3nicos, aceite vegetal, pilas y cartuchos de impresoras. [...]","jetpack_sharing_enabled":true,"_links":{"self":[{"href":"https:\/\/www.comuna13online.com.ar\/index.php?rest_route=\/wp\/v2\/posts\/18143","targetHints":{"allow":["GET"]}}],"collection":[{"href":"https:\/\/www.comuna13online.com.ar\/index.php?rest_route=\/wp\/v2\/posts"}],"about":[{"href":"https:\/\/www.comuna13online.com.ar\/index.php?rest_route=\/wp\/v2\/types\/post"}],"author":[{"embeddable":true,"href":"https:\/\/www.comuna13online.com.ar\/index.php?rest_route=\/wp\/v2\/users\/1"}],"replies":[{"embeddable":true,"href":"https:\/\/www.comuna13online.com.ar\/index.php?rest_route=%2Fwp%2Fv2%2Fcomments&post=18143"}],"version-history":[{"count":0,"href":"https:\/\/www.comuna13online.com.ar\/index.php?rest_route=\/wp\/v2\/posts\/18143\/revisions"}],"wp:featuredmedia":[{"embeddable":true,"href":"https:\/\/www.comuna13online.com.ar\/index.php?rest_route=\/wp\/v2\/media\/17529"}],"wp:attachment":[{"href":"https:\/\/www.comuna13online.com.ar\/index.php?rest_route=%2Fwp%2Fv2%2Fmedia&parent=18143"}],"wp:term":[{"taxonomy":"category","embeddable":true,"href":"https:\/\/www.comuna13online.com.ar\/index.php?rest_route=%2Fwp%2Fv2%2Fcategories&post=18143"},{"taxonomy":"post_tag","embeddable":true,"href":"https:\/\/www.comuna13online.com.ar\/index.php?rest_route=%2Fwp%2Fv2%2Ftags&post=18143"}],"curies":[{"name":"wp","href":"https:\/\/api.w.org\/{rel}","templated":true}]}}