{"id":18133,"date":"2023-12-12T18:23:28","date_gmt":"2023-12-12T21:23:28","guid":{"rendered":"https:\/\/www.comuna13online.com.ar\/?p=18133"},"modified":"2024-01-08T17:42:29","modified_gmt":"2024-01-08T20:42:29","slug":"fuerte-desaceleracion-de-la-inflacion-en-caba-2","status":"publish","type":"post","link":"https:\/\/www.comuna13online.com.ar\/?p=18133","title":{"rendered":"La inflaci\u00f3n de la Ciudad fue del 11,9% en noviembre"},"content":{"rendered":"\n<p id=\"block-60df1618-2824-47db-816a-aa0c3e9761cf\"><strong>La Direcci\u00f3n General de Estad\u00edsticas y Censos inform\u00f3 un incremento del 11,9% promedio de los precios durante noviembre en la Ciudad, por otro lado, la medici\u00f3n interanual super\u00f3 el 160%.<\/strong><\/p>\n\n\n\n<figure class=\"wp-block-image size-full\"><img loading=\"lazy\" decoding=\"async\" width=\"678\" height=\"381\" data-attachment-id=\"17909\" data-permalink=\"https:\/\/www.comuna13online.com.ar\/?attachment_id=17909\" data-orig-file=\"https:\/\/www.comuna13online.com.ar\/wp-content\/uploads\/2023\/11\/inflacion01.gif\" data-orig-size=\"678,381\" data-comments-opened=\"0\" data-image-meta=\"{&quot;aperture&quot;:&quot;0&quot;,&quot;credit&quot;:&quot;&quot;,&quot;camera&quot;:&quot;&quot;,&quot;caption&quot;:&quot;&quot;,&quot;created_timestamp&quot;:&quot;0&quot;,&quot;copyright&quot;:&quot;&quot;,&quot;focal_length&quot;:&quot;0&quot;,&quot;iso&quot;:&quot;0&quot;,&quot;shutter_speed&quot;:&quot;0&quot;,&quot;title&quot;:&quot;&quot;,&quot;orientation&quot;:&quot;0&quot;}\" data-image-title=\"inflacion01\" data-image-description=\"\" data-image-caption=\"\" data-large-file=\"https:\/\/www.comuna13online.com.ar\/wp-content\/uploads\/2023\/11\/inflacion01.gif\" src=\"https:\/\/www.comuna13online.com.ar\/wp-content\/uploads\/2023\/11\/inflacion01.gif\" alt=\"\" class=\"wp-image-17909\"\/><\/figure>\n\n\n\n<p id=\"block-65216d2a-cbe9-400e-b336-84e046c7fb16\">El <strong>\u00edndice de precios al consumidor<\/strong> de la Ciudad registr\u00f3 en noviembre un marcado ascenso de precios, la variaci\u00f3n fue de <strong>11,9%<\/strong>, 2,5% por encima del mes previo, acumulando <strong>en lo que va del a\u00f1o <\/strong>una suba de <strong>146,4<\/strong> puntos porcentuales, en tanto que la trayectoria interanual trep\u00f3 hasta <strong>160,6%<\/strong>, (14,2% mayor a octubre).<\/p>\n\n\n\n<p>Seg\u00fan el organismo encargado de medir la suba de precios en la Ciudad, la variaci\u00f3n del IPCBA respondi\u00f3 fundamentalmente a las subas en las siguientes divisiones: Alimentos y bebidas no alcoh\u00f3licas, Vivienda, agua, electricidad, gas y otros combustibles, Restaurantes y hoteles, Salud y Transporte, que en conjunto explicaron el 67,0% del alza del Nivel General.<\/p>\n\n\n\n<div style=\"height:15px\" aria-hidden=\"true\" class=\"wp-block-spacer\"><\/div>\n\n\n\n<h3 class=\"wp-block-heading\" id=\"block-cd9226b4-36e2-4f47-953f-b65089bab8fb\">Divisiones<\/h3>\n\n\n\n<p><strong>Alimentos y bebidas no alcoh\u00f3licas<\/strong> aument\u00f3 14,2%. Al interior de la divisi\u00f3n, los principales impulsos provinieron de Pan y cereales (16,3%) y Carnes y derivados (12,9%). Le siguieron en importancia, Verduras, tub\u00e9rculos y legumbres (17,1%), Leche, productos l\u00e1cteos y huevos (9,4%) y Frutas (20,6%).<\/p>\n\n\n\n<p><strong>Vivienda, agua, electricidad, gas y otros combustibles<\/strong> promedi\u00f3 una suba de10,0%, al impactar principalmente los incrementos en los valores de los alquileres y de los gastos comunes por la vivienda. En sentido contrario, las ca\u00eddas en las tarifas residenciales del servicio de electricidad, contribuyeron a quitar presi\u00f3n a esta divisi\u00f3n.<\/p>\n\n\n\n<p><strong>Restaurantes y hoteles <\/strong>registr\u00f3 un alza de 12,4%, debido a las subas en los precios de los alimentos preparados en restaurantes, bares y casas de comida. En menor medida, se destacaron los incrementos en las tarifas del servicio de alojamiento en hoteles por motivos tur\u00edsticos.<\/p>\n\n\n\n<p><strong>Salud<\/strong> aument\u00f3 13,0%, por ajustes en las cuotas de medicina prepaga y en los valores de los medicamentos.<\/p>\n\n\n\n<p><strong>Transporte<\/strong> promedi\u00f3 un incremento de 10,7%, principalmente por las subas en los precios de los combustibles y lubricantes para veh\u00edculos de uso del hogar. Le siguieron en importancia, los aumentos en la tarifa del viaje en taxi y en los valores de los autom\u00f3viles.<\/p>\n\n\n\n<p><\/p>\n\n\n\n<figure class=\"wp-block-image size-full\" id=\"block-30afe0d3-8769-4dde-8586-a8c676f44e2a\"><img loading=\"lazy\" decoding=\"async\" width=\"678\" height=\"452\" data-attachment-id=\"18137\" data-permalink=\"https:\/\/www.comuna13online.com.ar\/?attachment_id=18137\" data-orig-file=\"https:\/\/www.comuna13online.com.ar\/wp-content\/uploads\/2023\/12\/inflacion-03.jpg\" data-orig-size=\"678,452\" data-comments-opened=\"0\" data-image-meta=\"{&quot;aperture&quot;:&quot;0&quot;,&quot;credit&quot;:&quot;&quot;,&quot;camera&quot;:&quot;&quot;,&quot;caption&quot;:&quot;&quot;,&quot;created_timestamp&quot;:&quot;0&quot;,&quot;copyright&quot;:&quot;&quot;,&quot;focal_length&quot;:&quot;0&quot;,&quot;iso&quot;:&quot;0&quot;,&quot;shutter_speed&quot;:&quot;0&quot;,&quot;title&quot;:&quot;&quot;,&quot;orientation&quot;:&quot;0&quot;}\" data-image-title=\"_inflacion-03.\" data-image-description=\"\" data-image-caption=\"\" data-large-file=\"https:\/\/www.comuna13online.com.ar\/wp-content\/uploads\/2023\/12\/inflacion-03.jpg\" src=\"https:\/\/www.comuna13online.com.ar\/wp-content\/uploads\/2023\/12\/inflacion-03.jpg\" alt=\"\" class=\"wp-image-18137\" srcset=\"https:\/\/www.comuna13online.com.ar\/wp-content\/uploads\/2023\/12\/inflacion-03.jpg 678w, https:\/\/www.comuna13online.com.ar\/wp-content\/uploads\/2023\/12\/inflacion-03-272x182.jpg 272w\" sizes=\"auto, (max-width: 678px) 100vw, 678px\" \/><\/figure>\n\n\n\n<div style=\"height:10px\" aria-hidden=\"true\" class=\"wp-block-spacer\"><\/div>\n\n\n\n<p id=\"block-1dae7e2d-1384-4fda-856b-b7b55cfa9135\">El resto de las divisiones tuvo una incidencia positiva, aunque menor, en el Nivel General.<\/p>\n\n\n\n<div style=\"height:15px\" aria-hidden=\"true\" class=\"wp-block-spacer\"><\/div>\n\n\n\n<h3 class=\"wp-block-heading\" id=\"block-aadd70b3-a9f1-4daa-ac8a-04e8e83838bf\">Bienes y Servicios<\/h3>\n\n\n\n<p>Durante el mes de noviembre los <strong>Bienes<\/strong> registraron una suba de <strong>13,6%<\/strong>, por encima de los <strong>Servicios<\/strong> que aumentaron <strong>10,7%<\/strong>.<\/p>\n\n\n\n<p><strong>La din\u00e1mica mensual de los Bienes<\/strong> respondi\u00f3 fundamentalmente a los incrementos en los precios de los alimentos (principalmente panifcados, carnes, verduras y l\u00e1cteos). En menor medida, se destacaron las subas en los valores de los medicamentos, de las prendas de vestir y de los combustibles y lubricantes para veh\u00edculos de uso del hogar.<\/p>\n\n\n\n<p>   <\/p>\n\n\n\n<p>En tanto, <strong>el comportamiento de los Servicios<\/strong> reflej\u00f3 principalmente los aumentos en los valores de los alquileres y de los restaurantes, bares y casas de comida. Le siguieron en importancia, las alzas en las cuotas de la medicina prepaga, en los valores de los gastos comunes por la vivienda, en la remuneraci\u00f3n del servicio dom\u00e9stico, en el abono del servicio de telefon\u00eda m\u00f3vil y en las tarifas del servicio de alojamiento.<\/p>\n\n\n\n<div style=\"height:10px\" aria-hidden=\"true\" class=\"wp-block-spacer\"><\/div>\n\n\n\n<figure class=\"wp-block-image size-full\" id=\"block-a744aa0b-2628-4b05-89ae-28321918fa58\"><img loading=\"lazy\" decoding=\"async\" width=\"678\" height=\"381\" data-attachment-id=\"18135\" data-permalink=\"https:\/\/www.comuna13online.com.ar\/?attachment_id=18135\" data-orig-file=\"https:\/\/www.comuna13online.com.ar\/wp-content\/uploads\/2023\/12\/inflacion02.gif\" data-orig-size=\"678,381\" data-comments-opened=\"0\" data-image-meta=\"{&quot;aperture&quot;:&quot;0&quot;,&quot;credit&quot;:&quot;&quot;,&quot;camera&quot;:&quot;&quot;,&quot;caption&quot;:&quot;&quot;,&quot;created_timestamp&quot;:&quot;0&quot;,&quot;copyright&quot;:&quot;&quot;,&quot;focal_length&quot;:&quot;0&quot;,&quot;iso&quot;:&quot;0&quot;,&quot;shutter_speed&quot;:&quot;0&quot;,&quot;title&quot;:&quot;&quot;,&quot;orientation&quot;:&quot;0&quot;}\" data-image-title=\"inflacion02\" data-image-description=\"\" data-image-caption=\"\" data-large-file=\"https:\/\/www.comuna13online.com.ar\/wp-content\/uploads\/2023\/12\/inflacion02.gif\" src=\"https:\/\/www.comuna13online.com.ar\/wp-content\/uploads\/2023\/12\/inflacion02.gif\" alt=\"\" class=\"wp-image-18135\"\/><\/figure>\n\n\n\n<div style=\"height:10px\" aria-hidden=\"true\" class=\"wp-block-spacer\"><\/div>\n\n\n\n<p id=\"block-2a10e457-ec44-45f5-bbcd-7dc56f94be2f\">As\u00ed, <strong>en los primeros 11 meses<\/strong> del a\u00f1o los <strong>Bienes acumularon<\/strong> una suba de <strong>151,3%<\/strong> y los <strong>Servicios<\/strong> de <strong>142,9%<\/strong>. En <strong>t\u00e9rminos interanuales<\/strong>, ambas agrupaciones se aceleraron hasta: <strong>164,4%<\/strong> i.a. en el caso de los <strong>Bienes<\/strong> y <strong>157,8%<\/strong> i.a. en el caso de los <strong>Servicios<\/strong>.<\/p>\n\n\n\n<div style=\"height:20px\" aria-hidden=\"true\" class=\"wp-block-spacer\"><\/div>\n\n\n\n<p class=\"has-text-align-right\" id=\"block-4c25e2d8-0434-4a2a-aba6-b94c8f4c4364\"><sub><em>Fuente: <strong>Direcci\u00f3n General de <\/strong><strong>Estad\u00edsticas y Censos de la Ciudad de Buenos Aires<\/strong><\/em><\/sub><\/p>\n","protected":false},"excerpt":{"rendered":"<div class=\"mh-excerpt\">La Direcci\u00f3n General de Estad\u00edsticas y Censos inform\u00f3 un incremento del 11,9% promedio de los precios durante noviembre en la Ciudad, por otro lado, la medici\u00f3n interanual super\u00f3 el 160%. <a class=\"mh-excerpt-more\" href=\"https:\/\/www.comuna13online.com.ar\/?p=18133\" title=\"La inflaci\u00f3n de la Ciudad fue del 11,9% en noviembre\">[&#8230;]<\/a><\/div>\n","protected":false},"author":1,"featured_media":18134,"comment_status":"closed","ping_status":"closed","sticky":false,"template":"","format":"standard","meta":{"_uag_custom_page_level_css":"","_jetpack_memberships_contains_paid_content":false,"footnotes":"","jetpack_publicize_message":"","jetpack_publicize_feature_enabled":true,"jetpack_social_post_already_shared":true,"jetpack_social_options":{"image_generator_settings":{"template":"highway","default_image_id":0,"font":"","enabled":false},"version":2}},"categories":[24],"tags":[250,296,25],"class_list":{"0":"post-18133","1":"post","2":"type-post","3":"status-publish","4":"format-standard","5":"has-post-thumbnail","7":"category-inflacion","8":"tag-h2","9":"tag-h3","10":"tag-inflacion"},"jetpack_publicize_connections":[],"jetpack_featured_media_url":"https:\/\/www.comuna13online.com.ar\/wp-content\/uploads\/2023\/12\/20231212a_id.jpg","uagb_featured_image_src":{"full":["https:\/\/www.comuna13online.com.ar\/wp-content\/uploads\/2023\/12\/20231212a_id.jpg",678,381,false],"thumbnail":["https:\/\/www.comuna13online.com.ar\/wp-content\/uploads\/2023\/12\/20231212a_id.jpg",128,72,false],"medium":["https:\/\/www.comuna13online.com.ar\/wp-content\/uploads\/2023\/12\/20231212a_id.jpg",678,381,false],"medium_large":["https:\/\/www.comuna13online.com.ar\/wp-content\/uploads\/2023\/12\/20231212a_id.jpg",678,381,false],"large":["https:\/\/www.comuna13online.com.ar\/wp-content\/uploads\/2023\/12\/20231212a_id.jpg",678,381,false],"1536x1536":["https:\/\/www.comuna13online.com.ar\/wp-content\/uploads\/2023\/12\/20231212a_id.jpg",678,381,false],"2048x2048":["https:\/\/www.comuna13online.com.ar\/wp-content\/uploads\/2023\/12\/20231212a_id.jpg",678,381,false],"mh-magazine-slider":["https:\/\/www.comuna13online.com.ar\/wp-content\/uploads\/2023\/12\/20231212a_id.jpg",678,381,false],"mh-magazine-content":["https:\/\/www.comuna13online.com.ar\/wp-content\/uploads\/2023\/12\/20231212a_id.jpg",678,381,false],"mh-magazine-large":["https:\/\/www.comuna13online.com.ar\/wp-content\/uploads\/2023\/12\/20231212a_id.jpg",678,381,false],"mh-magazine-medium":["https:\/\/www.comuna13online.com.ar\/wp-content\/uploads\/2023\/12\/20231212a_id-326x245.jpg",326,245,true],"mh-magazine-small":["https:\/\/www.comuna13online.com.ar\/wp-content\/uploads\/2023\/12\/20231212a_id-80x60.jpg",80,60,true],"sow-carousel-default":["https:\/\/www.comuna13online.com.ar\/wp-content\/uploads\/2023\/12\/20231212a_id-272x182.jpg",272,182,true]},"uagb_author_info":{"display_name":"Comuna13","author_link":"https:\/\/www.comuna13online.com.ar\/?author=1"},"uagb_comment_info":0,"uagb_excerpt":"La Direcci\u00f3n General de Estad\u00edsticas y Censos inform\u00f3 un incremento del 11,9% promedio de los precios durante noviembre en la Ciudad, por otro lado, la medici\u00f3n interanual super\u00f3 el 160%. [...]","jetpack_sharing_enabled":true,"_links":{"self":[{"href":"https:\/\/www.comuna13online.com.ar\/index.php?rest_route=\/wp\/v2\/posts\/18133","targetHints":{"allow":["GET"]}}],"collection":[{"href":"https:\/\/www.comuna13online.com.ar\/index.php?rest_route=\/wp\/v2\/posts"}],"about":[{"href":"https:\/\/www.comuna13online.com.ar\/index.php?rest_route=\/wp\/v2\/types\/post"}],"author":[{"embeddable":true,"href":"https:\/\/www.comuna13online.com.ar\/index.php?rest_route=\/wp\/v2\/users\/1"}],"replies":[{"embeddable":true,"href":"https:\/\/www.comuna13online.com.ar\/index.php?rest_route=%2Fwp%2Fv2%2Fcomments&post=18133"}],"version-history":[{"count":0,"href":"https:\/\/www.comuna13online.com.ar\/index.php?rest_route=\/wp\/v2\/posts\/18133\/revisions"}],"wp:featuredmedia":[{"embeddable":true,"href":"https:\/\/www.comuna13online.com.ar\/index.php?rest_route=\/wp\/v2\/media\/18134"}],"wp:attachment":[{"href":"https:\/\/www.comuna13online.com.ar\/index.php?rest_route=%2Fwp%2Fv2%2Fmedia&parent=18133"}],"wp:term":[{"taxonomy":"category","embeddable":true,"href":"https:\/\/www.comuna13online.com.ar\/index.php?rest_route=%2Fwp%2Fv2%2Fcategories&post=18133"},{"taxonomy":"post_tag","embeddable":true,"href":"https:\/\/www.comuna13online.com.ar\/index.php?rest_route=%2Fwp%2Fv2%2Ftags&post=18133"}],"curies":[{"name":"wp","href":"https:\/\/api.w.org\/{rel}","templated":true}]}}