{"id":1807,"date":"2018-06-27T10:01:55","date_gmt":"2018-06-27T13:01:55","guid":{"rendered":"http:\/\/www.comuna13online.com.ar\/?p=1807"},"modified":"2018-06-27T11:14:01","modified_gmt":"2018-06-27T14:14:01","slug":"la-legislatura-portena-corrigio-el-grosero-error-en-la-placa-de-soda-stereo","status":"publish","type":"post","link":"https:\/\/www.comuna13online.com.ar\/?p=1807","title":{"rendered":"La Legislatura Porte\u00f1a corrigi\u00f3 el grosero error en la placa de \u00abSoda Stereo\u00bb"},"content":{"rendered":"<p><strong>Tras el papel\u00f3n del viernes, la Legislatura de la Ciudad cumpli\u00f3 lo prometido y enmend\u00f3 la falta ortogr\u00e1fica en la placa tributo a una de las bandas emblem\u00e1ticas del rock nacional.<\/strong><\/p>\n<p><img loading=\"lazy\" decoding=\"async\" data-attachment-id=\"1811\" data-permalink=\"https:\/\/www.comuna13online.com.ar\/?attachment_id=1811\" data-orig-file=\"https:\/\/www.comuna13online.com.ar\/wp-content\/uploads\/2018\/06\/20180627b-1-e1530108750653.jpg\" data-orig-size=\"678,288\" data-comments-opened=\"0\" data-image-meta=\"{&quot;aperture&quot;:&quot;0&quot;,&quot;credit&quot;:&quot;&quot;,&quot;camera&quot;:&quot;&quot;,&quot;caption&quot;:&quot;&quot;,&quot;created_timestamp&quot;:&quot;0&quot;,&quot;copyright&quot;:&quot;&quot;,&quot;focal_length&quot;:&quot;0&quot;,&quot;iso&quot;:&quot;0&quot;,&quot;shutter_speed&quot;:&quot;0&quot;,&quot;title&quot;:&quot;&quot;,&quot;orientation&quot;:&quot;0&quot;}\" data-image-title=\"20180627b\" data-image-description=\"\" data-image-caption=\"\" data-large-file=\"https:\/\/www.comuna13online.com.ar\/wp-content\/uploads\/2018\/06\/20180627b-1-e1530108750653.jpg\" class=\"alignnone size-mh-magazine-content wp-image-1811\" src=\"http:\/\/www.comuna13online.com.ar\/wp-content\/uploads\/2018\/06\/20180627b-1-678x381.jpg\" alt=\"\" width=\"678\" height=\"381\" \/><\/p>\n<p>El error fue grosero y gener\u00f3 todo tipo de cr\u00edticas y burlas. Por eso, apenas un d\u00eda despu\u00e9s de la placa en honor a <strong>Soda Stereo<\/strong> que llevaba una \u201cE\u201d de m\u00e1s en el nombre de la emblem\u00e1tica banda, la Legislatura Porte\u00f1a ya coloc\u00f3 la definitiva, esta vez escrita de manera correcta y sin ning\u00fan tipo de enmiendas improvisadas.<\/p>\n<p><em>\u201cYa fue colocada la nueva placa homenaje a Soda Stereo\u201d,<\/em> public\u00f3 la cuenta de Twitter del poder legislativo de la Ciudad de Buenos Aires, junto a una foto que certifica que la misma est\u00e1 escrita de manera correcta.<\/p>\n<p>Vale recordar que en la ma\u00f1ana del viernes hab\u00eda sido colocada la placa que dec\u00eda \u201cEsquina Soda Estereo. Aqu\u00ed naci\u00f3 la banda \u00edcono del rock nacional y latinoamericano\u201d en la uni\u00f3n de las calles Almirante Sixto Barilari y Victorino de la Plaza, en el <strong>Barrio de Belgrano<\/strong>, en nuestra <strong>Comuna 13.<\/strong><\/p>\n<p>Sin embargo, la sorpresa invadi\u00f3 a todos cuando <strong>Charly Alberti <\/strong>y <strong>Zeta Bosio<\/strong>, los ex compa\u00f1eros de <strong>Gustavo Cerati<\/strong>, descubrieron la misma y se pudo advertir el grosero error.<\/p>\n<p>Al notar la equivocaci\u00f3n, se trat\u00f3 de subsanar en el momento a trav\u00e9s de la utilizaci\u00f3n de un borrador tipo esmalte que se utiliza para corregir errores de imprenta, aunque claramente quedaba muy desprolijo.<\/p>\n<p>\u00c9sta no es la primera vez que la Legislatura porte\u00f1a incurre en un error de este tipo, ya que en abril del a\u00f1o pasado hab\u00edan escrito mal el nombre de <strong>Luca Prodan<\/strong> al agregarle una \u201cS\u201d al nombre de pila del ex l\u00edder de Sumo.<\/p>\n<p>Sin embargo, reci\u00e9n en junio corrigieron ese error, borr\u00e1ndole la letra de m\u00e1s en el nombre a la placa que est\u00e1 en la plazoleta que lleva el nombre del m\u00edtico m\u00fasico, en las calles Fray Justo Santa Mar\u00eda de Oro y Uriarte, entre Costa Rica y El Salvador, del Barrio de Palermo.<\/p>\n","protected":false},"excerpt":{"rendered":"<div class=\"mh-excerpt\">Tras el papel\u00f3n del viernes, la Legislatura de la Ciudad cumpli\u00f3 lo prometido y enmend\u00f3 la falta ortogr\u00e1fica en la placa tributo a una de las bandas emblem\u00e1ticas del rock <a class=\"mh-excerpt-more\" href=\"https:\/\/www.comuna13online.com.ar\/?p=1807\" title=\"La Legislatura Porte\u00f1a corrigi\u00f3 el grosero error en la placa de \u00abSoda Stereo\u00bb\">[&#8230;]<\/a><\/div>\n","protected":false},"author":1,"featured_media":1810,"comment_status":"closed","ping_status":"closed","sticky":false,"template":"","format":"standard","meta":{"_uag_custom_page_level_css":"","_jetpack_memberships_contains_paid_content":false,"footnotes":"","jetpack_publicize_message":"","jetpack_publicize_feature_enabled":true,"jetpack_social_post_already_shared":true,"jetpack_social_options":{"image_generator_settings":{"template":"highway","default_image_id":0,"font":"","enabled":false},"version":2}},"categories":[145],"tags":[19,7,146],"class_list":{"0":"post-1807","1":"post","2":"type-post","3":"status-publish","4":"format-standard","5":"has-post-thumbnail","7":"category-reconocimiento","8":"tag-comuna-13","9":"tag-legislatura","10":"tag-reconocimiento"},"jetpack_publicize_connections":[],"jetpack_featured_media_url":"https:\/\/www.comuna13online.com.ar\/wp-content\/uploads\/2018\/06\/20180627.jpg","uagb_featured_image_src":{"full":["https:\/\/www.comuna13online.com.ar\/wp-content\/uploads\/2018\/06\/20180627.jpg",1030,438,false],"thumbnail":["https:\/\/www.comuna13online.com.ar\/wp-content\/uploads\/2018\/06\/20180627-150x150.jpg",96,96,true],"medium":["https:\/\/www.comuna13online.com.ar\/wp-content\/uploads\/2018\/06\/20180627-678x288.jpg",678,288,true],"medium_large":["https:\/\/www.comuna13online.com.ar\/wp-content\/uploads\/2018\/06\/20180627-768x327.jpg",768,327,true],"large":["https:\/\/www.comuna13online.com.ar\/wp-content\/uploads\/2018\/06\/20180627.jpg",1030,438,false],"1536x1536":["https:\/\/www.comuna13online.com.ar\/wp-content\/uploads\/2018\/06\/20180627.jpg",1030,438,false],"2048x2048":["https:\/\/www.comuna13online.com.ar\/wp-content\/uploads\/2018\/06\/20180627.jpg",1030,438,false],"mh-magazine-slider":["https:\/\/www.comuna13online.com.ar\/wp-content\/uploads\/2018\/06\/20180627.jpg",1030,438,false],"mh-magazine-content":["https:\/\/www.comuna13online.com.ar\/wp-content\/uploads\/2018\/06\/20180627-678x381.jpg",678,381,true],"mh-magazine-large":["https:\/\/www.comuna13online.com.ar\/wp-content\/uploads\/2018\/06\/20180627-678x438.jpg",678,438,true],"mh-magazine-medium":["https:\/\/www.comuna13online.com.ar\/wp-content\/uploads\/2018\/06\/20180627-326x245.jpg",326,245,true],"mh-magazine-small":["https:\/\/www.comuna13online.com.ar\/wp-content\/uploads\/2018\/06\/20180627-80x60.jpg",80,60,true],"sow-carousel-default":["https:\/\/www.comuna13online.com.ar\/wp-content\/uploads\/2018\/06\/20180627-272x182.jpg",272,182,true]},"uagb_author_info":{"display_name":"Comuna13","author_link":"https:\/\/www.comuna13online.com.ar\/?author=1"},"uagb_comment_info":0,"uagb_excerpt":"Tras el papel\u00f3n del viernes, la Legislatura de la Ciudad cumpli\u00f3 lo prometido y enmend\u00f3 la falta ortogr\u00e1fica en la placa tributo a una de las bandas emblem\u00e1ticas del rock [...]","jetpack_sharing_enabled":true,"_links":{"self":[{"href":"https:\/\/www.comuna13online.com.ar\/index.php?rest_route=\/wp\/v2\/posts\/1807","targetHints":{"allow":["GET"]}}],"collection":[{"href":"https:\/\/www.comuna13online.com.ar\/index.php?rest_route=\/wp\/v2\/posts"}],"about":[{"href":"https:\/\/www.comuna13online.com.ar\/index.php?rest_route=\/wp\/v2\/types\/post"}],"author":[{"embeddable":true,"href":"https:\/\/www.comuna13online.com.ar\/index.php?rest_route=\/wp\/v2\/users\/1"}],"replies":[{"embeddable":true,"href":"https:\/\/www.comuna13online.com.ar\/index.php?rest_route=%2Fwp%2Fv2%2Fcomments&post=1807"}],"version-history":[{"count":0,"href":"https:\/\/www.comuna13online.com.ar\/index.php?rest_route=\/wp\/v2\/posts\/1807\/revisions"}],"wp:featuredmedia":[{"embeddable":true,"href":"https:\/\/www.comuna13online.com.ar\/index.php?rest_route=\/wp\/v2\/media\/1810"}],"wp:attachment":[{"href":"https:\/\/www.comuna13online.com.ar\/index.php?rest_route=%2Fwp%2Fv2%2Fmedia&parent=1807"}],"wp:term":[{"taxonomy":"category","embeddable":true,"href":"https:\/\/www.comuna13online.com.ar\/index.php?rest_route=%2Fwp%2Fv2%2Fcategories&post=1807"},{"taxonomy":"post_tag","embeddable":true,"href":"https:\/\/www.comuna13online.com.ar\/index.php?rest_route=%2Fwp%2Fv2%2Ftags&post=1807"}],"curies":[{"name":"wp","href":"https:\/\/api.w.org\/{rel}","templated":true}]}}