{"id":18021,"date":"2023-11-28T11:00:00","date_gmt":"2023-11-28T14:00:00","guid":{"rendered":"https:\/\/www.comuna13online.com.ar\/?p=18021"},"modified":"2023-11-28T14:25:01","modified_gmt":"2023-11-28T17:25:01","slug":"la-defensoria-realizo-una-prueba-piloto-con-semaforos-accesibles","status":"publish","type":"post","link":"https:\/\/www.comuna13online.com.ar\/?p=18021","title":{"rendered":"La Defensor\u00eda realiz\u00f3 una prueba piloto con sem\u00e1foros accesibles"},"content":{"rendered":"\n<p><strong>Los sem\u00e1foros sonoros permiten a las personas con discapacidad o disminuci\u00f3n visual poder cruzar los pasos de peatones con total seguridad. El objetivo es garantizar el derecho a la movilidad de dichas personas.<\/strong><\/p>\n\n\n\n<figure class=\"wp-block-image size-full\"><img loading=\"lazy\" decoding=\"async\" width=\"677\" height=\"381\" data-attachment-id=\"18022\" data-permalink=\"https:\/\/www.comuna13online.com.ar\/?attachment_id=18022\" data-orig-file=\"https:\/\/www.comuna13online.com.ar\/wp-content\/uploads\/2023\/11\/20231129a_id.jpg\" data-orig-size=\"677,381\" data-comments-opened=\"0\" data-image-meta=\"{&quot;aperture&quot;:&quot;0&quot;,&quot;credit&quot;:&quot;&quot;,&quot;camera&quot;:&quot;&quot;,&quot;caption&quot;:&quot;&quot;,&quot;created_timestamp&quot;:&quot;0&quot;,&quot;copyright&quot;:&quot;&quot;,&quot;focal_length&quot;:&quot;0&quot;,&quot;iso&quot;:&quot;0&quot;,&quot;shutter_speed&quot;:&quot;0&quot;,&quot;title&quot;:&quot;&quot;,&quot;orientation&quot;:&quot;0&quot;}\" data-image-title=\"20231129a_id\" data-image-description=\"\" data-image-caption=\"\" data-large-file=\"https:\/\/www.comuna13online.com.ar\/wp-content\/uploads\/2023\/11\/20231129a_id.jpg\" src=\"https:\/\/www.comuna13online.com.ar\/wp-content\/uploads\/2023\/11\/20231129a_id.jpg\" alt=\"\" class=\"wp-image-18022\"\/><\/figure>\n\n\n\n<div style=\"height:20px\" aria-hidden=\"true\" class=\"wp-block-spacer\"><\/div>\n\n\n\n<p>En el marco de la mesa de trabajo convocada por la Defensor\u00eda para tratar este tema, personal de la casa particip\u00f3 el pasado jueves 23 del ensayo previo a la instalaci\u00f3n del nuevo cruce de la intersecci\u00f3n de Av. C\u00f3rdoba y Libertad.<\/p>\n\n\n\n<p>Durante el simulacro se testearon distintas sonoridades con el fin de perfeccionar el sistema de este tipo de se\u00f1al\u00e9tica y garantizar el derecho a la movilidad de las personas ciegas o con discapacidad visual, sin afectar a los vecinos y vecinas que habitan en las zonas aleda\u00f1as. La mesa de trabajo impulsada por la Defensor\u00eda continuar\u00e1 trabajando sobre el tema y llevar\u00e1 a cabo un seguimiento del estado de situaci\u00f3n de sem\u00e1foros accesibles en diferentes puntos del territorio porte\u00f1o.<\/p>\n\n\n\n<p>La prueba cont\u00f3 con la participaci\u00f3n de integrantes de los espacios que componen la mesa de trabajo: autoridades de la Unidad de Proyectos Especiales de Infraestructura de la Movilidad y la Comisi\u00f3n para la Plena Participaci\u00f3n e Inclusi\u00f3n de las Personas con Discapacidad (COPIDIS) del gobierno de la Ciudad y representantes de la Asociaci\u00f3n de Ayuda al Ciego (ASAC), la Asociaci\u00f3n Pro Ayuda a No Videntes (APANOVI) y la Biblioteca Argentina para Ciegos (BAC).<\/p>\n\n\n\n<p>Esta iniciativa surge a partir de un tr\u00e1mite iniciado de oficio por la Defensor\u00eda para indagar sobre la existencia y el alcance de sem\u00e1foros accesibles para personas con discapacidad y\/o disminuci\u00f3n visual en la Ciudad de Buenos Aires.<\/p>\n","protected":false},"excerpt":{"rendered":"<div class=\"mh-excerpt\">Los sem\u00e1foros sonoros permiten a las personas con discapacidad o disminuci\u00f3n visual poder cruzar los pasos de peatones con total seguridad. El objetivo es garantizar el derecho a la movilidad <a class=\"mh-excerpt-more\" href=\"https:\/\/www.comuna13online.com.ar\/?p=18021\" title=\"La Defensor\u00eda realiz\u00f3 una prueba piloto con sem\u00e1foros accesibles\">[&#8230;]<\/a><\/div>\n","protected":false},"author":1,"featured_media":18022,"comment_status":"closed","ping_status":"closed","sticky":false,"template":"","format":"standard","meta":{"_uag_custom_page_level_css":"","_jetpack_memberships_contains_paid_content":false,"footnotes":"","jetpack_publicize_message":"","jetpack_publicize_feature_enabled":true,"jetpack_social_post_already_shared":false,"jetpack_social_options":{"image_generator_settings":{"template":"highway","default_image_id":0,"font":"","enabled":false},"version":2}},"categories":[253],"tags":[51,131,250,296,75],"class_list":{"0":"post-18021","1":"post","2":"type-post","3":"status-publish","4":"format-standard","5":"has-post-thumbnail","7":"category-discapacidad","8":"tag-defensoria-del-pueblo","9":"tag-derechos","10":"tag-h2","11":"tag-h3","12":"tag-seguridad-vial"},"jetpack_publicize_connections":[],"jetpack_featured_media_url":"https:\/\/www.comuna13online.com.ar\/wp-content\/uploads\/2023\/11\/20231129a_id.jpg","uagb_featured_image_src":{"full":["https:\/\/www.comuna13online.com.ar\/wp-content\/uploads\/2023\/11\/20231129a_id.jpg",677,381,false],"thumbnail":["https:\/\/www.comuna13online.com.ar\/wp-content\/uploads\/2023\/11\/20231129a_id.jpg",128,72,false],"medium":["https:\/\/www.comuna13online.com.ar\/wp-content\/uploads\/2023\/11\/20231129a_id.jpg",677,381,false],"medium_large":["https:\/\/www.comuna13online.com.ar\/wp-content\/uploads\/2023\/11\/20231129a_id.jpg",677,381,false],"large":["https:\/\/www.comuna13online.com.ar\/wp-content\/uploads\/2023\/11\/20231129a_id.jpg",677,381,false],"1536x1536":["https:\/\/www.comuna13online.com.ar\/wp-content\/uploads\/2023\/11\/20231129a_id.jpg",677,381,false],"2048x2048":["https:\/\/www.comuna13online.com.ar\/wp-content\/uploads\/2023\/11\/20231129a_id.jpg",677,381,false],"mh-magazine-slider":["https:\/\/www.comuna13online.com.ar\/wp-content\/uploads\/2023\/11\/20231129a_id.jpg",677,381,false],"mh-magazine-content":["https:\/\/www.comuna13online.com.ar\/wp-content\/uploads\/2023\/11\/20231129a_id.jpg",677,381,false],"mh-magazine-large":["https:\/\/www.comuna13online.com.ar\/wp-content\/uploads\/2023\/11\/20231129a_id.jpg",677,381,false],"mh-magazine-medium":["https:\/\/www.comuna13online.com.ar\/wp-content\/uploads\/2023\/11\/20231129a_id-326x245.jpg",326,245,true],"mh-magazine-small":["https:\/\/www.comuna13online.com.ar\/wp-content\/uploads\/2023\/11\/20231129a_id-80x60.jpg",80,60,true],"sow-carousel-default":["https:\/\/www.comuna13online.com.ar\/wp-content\/uploads\/2023\/11\/20231129a_id-272x182.jpg",272,182,true]},"uagb_author_info":{"display_name":"Comuna13","author_link":"https:\/\/www.comuna13online.com.ar\/?author=1"},"uagb_comment_info":0,"uagb_excerpt":"Los sem\u00e1foros sonoros permiten a las personas con discapacidad o disminuci\u00f3n visual poder cruzar los pasos de peatones con total seguridad. El objetivo es garantizar el derecho a la movilidad [...]","jetpack_sharing_enabled":true,"_links":{"self":[{"href":"https:\/\/www.comuna13online.com.ar\/index.php?rest_route=\/wp\/v2\/posts\/18021","targetHints":{"allow":["GET"]}}],"collection":[{"href":"https:\/\/www.comuna13online.com.ar\/index.php?rest_route=\/wp\/v2\/posts"}],"about":[{"href":"https:\/\/www.comuna13online.com.ar\/index.php?rest_route=\/wp\/v2\/types\/post"}],"author":[{"embeddable":true,"href":"https:\/\/www.comuna13online.com.ar\/index.php?rest_route=\/wp\/v2\/users\/1"}],"replies":[{"embeddable":true,"href":"https:\/\/www.comuna13online.com.ar\/index.php?rest_route=%2Fwp%2Fv2%2Fcomments&post=18021"}],"version-history":[{"count":0,"href":"https:\/\/www.comuna13online.com.ar\/index.php?rest_route=\/wp\/v2\/posts\/18021\/revisions"}],"wp:featuredmedia":[{"embeddable":true,"href":"https:\/\/www.comuna13online.com.ar\/index.php?rest_route=\/wp\/v2\/media\/18022"}],"wp:attachment":[{"href":"https:\/\/www.comuna13online.com.ar\/index.php?rest_route=%2Fwp%2Fv2%2Fmedia&parent=18021"}],"wp:term":[{"taxonomy":"category","embeddable":true,"href":"https:\/\/www.comuna13online.com.ar\/index.php?rest_route=%2Fwp%2Fv2%2Fcategories&post=18021"},{"taxonomy":"post_tag","embeddable":true,"href":"https:\/\/www.comuna13online.com.ar\/index.php?rest_route=%2Fwp%2Fv2%2Ftags&post=18021"}],"curies":[{"name":"wp","href":"https:\/\/api.w.org\/{rel}","templated":true}]}}