{"id":18017,"date":"2023-11-24T13:14:33","date_gmt":"2023-11-24T16:14:33","guid":{"rendered":"https:\/\/www.comuna13online.com.ar\/?p=18017"},"modified":"2023-11-25T13:25:38","modified_gmt":"2023-11-25T16:25:38","slug":"abrio-la-inscripcion-de-murgas-para-al-pre-carnaval-porteno-2024","status":"publish","type":"post","link":"https:\/\/www.comuna13online.com.ar\/?p=18017","title":{"rendered":"Abri\u00f3 la inscripci\u00f3n de murgas para al Pre-Carnaval Porte\u00f1o 2024"},"content":{"rendered":"\n<p><strong>Desde el 24 y hasta el 29 de noviembre se pueden inscribir murgas o agrupaciones de carnaval para ser parte del Circuito Oficial de la Ciudad en febrero del 2024.<\/strong><\/p>\n\n\n\n<figure class=\"wp-block-image\"><img loading=\"lazy\" decoding=\"async\" width=\"677\" height=\"359\" data-attachment-id=\"4206\" data-permalink=\"https:\/\/www.comuna13online.com.ar\/?attachment_id=4206\" data-orig-file=\"https:\/\/www.comuna13online.com.ar\/wp-content\/uploads\/2019\/02\/20190201d1.jpg\" data-orig-size=\"677,359\" data-comments-opened=\"0\" data-image-meta=\"{&quot;aperture&quot;:&quot;0&quot;,&quot;credit&quot;:&quot;&quot;,&quot;camera&quot;:&quot;&quot;,&quot;caption&quot;:&quot;&quot;,&quot;created_timestamp&quot;:&quot;0&quot;,&quot;copyright&quot;:&quot;&quot;,&quot;focal_length&quot;:&quot;0&quot;,&quot;iso&quot;:&quot;0&quot;,&quot;shutter_speed&quot;:&quot;0&quot;,&quot;title&quot;:&quot;&quot;,&quot;orientation&quot;:&quot;0&quot;}\" data-image-title=\"20190201d1\" data-image-description=\"\" data-image-caption=\"\" data-large-file=\"https:\/\/www.comuna13online.com.ar\/wp-content\/uploads\/2019\/02\/20190201d1.jpg\" src=\"http:\/\/www.comuna13online.com.ar\/wp-content\/uploads\/2019\/02\/20190201d1.jpg\" alt=\"\" class=\"wp-image-4206\"\/><\/figure>\n\n\n\n<div style=\"height:20px\" aria-hidden=\"true\" class=\"wp-block-spacer\"><\/div>\n\n\n\n<p>El Gobierno de la Ciudad comenz\u00f3 con los preparativos de la fiesta popular que hace latir a los barrios! El Pre-Carnaval te invita a participar en la instancia de evaluaci\u00f3n y selecci\u00f3n para que tu agrupaci\u00f3n art\u00edstica forme parte del Circuito Oficial de la Ciudad.<\/p>\n\n\n\n<p>Desde el 24 al 29 de noviembre vas a poder inscribirte para que tu murga pueda ser evaluada para ingresar al Circuito Oficial del Carnaval Porte\u00f1o. S\u00f3lo podr\u00e1n anotarse aquellas agrupaciones\/murgas que se hayan inscripto en el Registro Oficial de Carnaval Porte\u00f1o antes de agosto del 2022, o aquellas que hayan quedado descalificadas en los \u00faltimos carnavales. La evaluaci\u00f3n y selecci\u00f3n de las agrupaciones que participar\u00e1n de los festejos oficiales del Carnaval Porte\u00f1o 2024 se realizar\u00e1 en Plaza Malaver, el 9 de diciembre.<\/p>\n\n\n\n<p><strong>Para participar se debe completar el formulario<\/strong><\/p>\n\n\n\n<p>Desde el celular: <a rel=\"noreferrer noopener\" href=\"https:\/\/www.formulariosgcba.gob.ar\/XbRGm8q7M5Ez76LxAYaM\/canal\/whatsapp\" data-type=\"link\" data-id=\"https:\/\/www.formulariosgcba.gob.ar\/XbRGm8q7M5Ez76LxAYaM\/canal\/whatsapp\" target=\"_blank\"><strong>Formulario Pre-Carnaval<\/strong><\/a><\/p>\n\n\n\n<p>Desde una computadora: <strong><a href=\"https:\/\/www.formulariosgcba.gob.ar\/XbRGm8q7M5Ez76LxAYaM\/canal\/web\" data-type=\"link\" data-id=\"https:\/\/www.formulariosgcba.gob.ar\/XbRGm8q7M5Ez76LxAYaM\/canal\/whatsapp\" target=\"_blank\" rel=\"noreferrer noopener\">Formulario Pre-Carnaval<\/a><\/strong><\/p>\n\n\n\n<p>Por dudas o consultas, enviar un mail a programacarnavalporteno@buenosaires.gob.ar<\/p>\n\n\n\n<div style=\"height:15px\" aria-hidden=\"true\" class=\"wp-block-spacer\"><\/div>\n\n\n\n<h4 class=\"wp-block-heading\"><strong>\u00bfQu\u00e9 es el Pre-Carnaval?<\/strong><\/h4>\n\n\n\n<p>Es la instancia donde se eval\u00faan aquellas murgas nuevas que quieran ingresar al Circuito Oficial del Carnaval Porte\u00f1o o tambi\u00e9n a aquellas murgas que quedaron fuera del circuito ya que no alcanzaron en febrero pasado el puntaje necesario para ser parte del mismo.\u00a0Dicha instancia consiste en una etapa de inscripci\u00f3n y otra de evaluaci\u00f3n y selecci\u00f3n de agrupaciones para el festejo de Carnaval siguiente. Para las inscripciones al Pre-Carnaval\u00a0las murgas nuevas deben estar anotadas entre dos a\u00f1os y un a\u00f1o y medio antes del Pre-Carnaval.<\/p>\n\n\n\n<div style=\"height:15px\" aria-hidden=\"true\" class=\"wp-block-spacer\"><\/div>\n\n\n\n<h4 class=\"wp-block-heading\"><strong>\u00bfQu\u00e9 se eval\u00faa en el Pre-Carnaval?<\/strong><\/h4>\n\n\n\n<p>Una vez finalizada la convocatoria al Pre-Carnaval,\u00a0un grupo de jurados se encarga de evaluar las postulaciones. El jurado de piso\u00a0considera para la evaluaci\u00f3n aspectos\u00a0como la vestimenta, la formaci\u00f3n, la percusi\u00f3n, el baile, el desfile de entrada y retirada, y la puesta principal,\u00a0entre otros aspectos. A su vez,\u00a0el jurado de escenario\u00a0tiene en cuenta\u00a0el rol de la persona presentadora y su fluidez al comunicarse, y las canciones del repertorio -presentaci\u00f3n, desarrollo y retirada-, consideran la interpretaci\u00f3n y la po\u00e9tica de las mismas.\u00a0\u00a0<\/p>\n\n\n\n<div style=\"height:15px\" aria-hidden=\"true\" class=\"wp-block-spacer\"><\/div>\n\n\n\n<h4 class=\"wp-block-heading\"><strong>\u00bfQui\u00e9nes pueden anotarse al Pre-Carnaval?<\/strong><\/h4>\n\n\n\n<p>S\u00f3lo podr\u00e1n anotarse aquellas agrupaciones\/murgas que se hayan inscripto en el Registro Oficial de Carnaval Porte\u00f1o antes de agosto del 2022, o aquellas que hayan quedado descalificadas en los \u00faltimos carnavales.\u00a0La evaluaci\u00f3n y selecci\u00f3n de las agrupaciones que participar\u00e1n de los festejos oficiales del Carnaval Porte\u00f1o 2024\u00a0se realizar\u00e1 en Plaza Malaver, el 9 de diciembre.\u00a0<\/p>\n","protected":false},"excerpt":{"rendered":"<div class=\"mh-excerpt\">Desde el 24 y hasta el 29 de noviembre se pueden inscribir murgas o agrupaciones de carnaval para ser parte del Circuito Oficial de la Ciudad en febrero del 2024. <a class=\"mh-excerpt-more\" href=\"https:\/\/www.comuna13online.com.ar\/?p=18017\" title=\"Abri\u00f3 la inscripci\u00f3n de murgas para al Pre-Carnaval Porte\u00f1o 2024\">[&#8230;]<\/a><\/div>\n","protected":false},"author":1,"featured_media":4206,"comment_status":"closed","ping_status":"closed","sticky":false,"template":"","format":"standard","meta":{"_uag_custom_page_level_css":"","_jetpack_memberships_contains_paid_content":false,"footnotes":"","jetpack_publicize_message":"","jetpack_publicize_feature_enabled":true,"jetpack_social_post_already_shared":true,"jetpack_social_options":{"image_generator_settings":{"template":"highway","default_image_id":0,"font":"","enabled":false},"version":2}},"categories":[233],"tags":[234,250,296,71],"class_list":{"0":"post-18017","1":"post","2":"type-post","3":"status-publish","4":"format-standard","5":"has-post-thumbnail","7":"category-carnaval","8":"tag-carnaval","9":"tag-h2","10":"tag-h3","11":"tag-tiempo-libre"},"jetpack_publicize_connections":[],"jetpack_featured_media_url":"https:\/\/www.comuna13online.com.ar\/wp-content\/uploads\/2019\/02\/20190201d1.jpg","uagb_featured_image_src":{"full":["https:\/\/www.comuna13online.com.ar\/wp-content\/uploads\/2019\/02\/20190201d1.jpg",677,359,false],"thumbnail":["https:\/\/www.comuna13online.com.ar\/wp-content\/uploads\/2019\/02\/20190201d1-150x150.jpg",96,96,true],"medium":["https:\/\/www.comuna13online.com.ar\/wp-content\/uploads\/2019\/02\/20190201d1.jpg",677,359,false],"medium_large":["https:\/\/www.comuna13online.com.ar\/wp-content\/uploads\/2019\/02\/20190201d1.jpg",677,359,false],"large":["https:\/\/www.comuna13online.com.ar\/wp-content\/uploads\/2019\/02\/20190201d1.jpg",677,359,false],"1536x1536":["https:\/\/www.comuna13online.com.ar\/wp-content\/uploads\/2019\/02\/20190201d1.jpg",677,359,false],"2048x2048":["https:\/\/www.comuna13online.com.ar\/wp-content\/uploads\/2019\/02\/20190201d1.jpg",677,359,false],"mh-magazine-slider":["https:\/\/www.comuna13online.com.ar\/wp-content\/uploads\/2019\/02\/20190201d1.jpg",677,359,false],"mh-magazine-content":["https:\/\/www.comuna13online.com.ar\/wp-content\/uploads\/2019\/02\/20190201d1.jpg",677,359,false],"mh-magazine-large":["https:\/\/www.comuna13online.com.ar\/wp-content\/uploads\/2019\/02\/20190201d1.jpg",677,359,false],"mh-magazine-medium":["https:\/\/www.comuna13online.com.ar\/wp-content\/uploads\/2019\/02\/20190201d1-326x245.jpg",326,245,true],"mh-magazine-small":["https:\/\/www.comuna13online.com.ar\/wp-content\/uploads\/2019\/02\/20190201d1-80x60.jpg",80,60,true],"sow-carousel-default":["https:\/\/www.comuna13online.com.ar\/wp-content\/uploads\/2019\/02\/20190201d1-272x182.jpg",272,182,true]},"uagb_author_info":{"display_name":"Comuna13","author_link":"https:\/\/www.comuna13online.com.ar\/?author=1"},"uagb_comment_info":0,"uagb_excerpt":"Desde el 24 y hasta el 29 de noviembre se pueden inscribir murgas o agrupaciones de carnaval para ser parte del Circuito Oficial de la Ciudad en febrero del 2024. [...]","jetpack_sharing_enabled":true,"_links":{"self":[{"href":"https:\/\/www.comuna13online.com.ar\/index.php?rest_route=\/wp\/v2\/posts\/18017","targetHints":{"allow":["GET"]}}],"collection":[{"href":"https:\/\/www.comuna13online.com.ar\/index.php?rest_route=\/wp\/v2\/posts"}],"about":[{"href":"https:\/\/www.comuna13online.com.ar\/index.php?rest_route=\/wp\/v2\/types\/post"}],"author":[{"embeddable":true,"href":"https:\/\/www.comuna13online.com.ar\/index.php?rest_route=\/wp\/v2\/users\/1"}],"replies":[{"embeddable":true,"href":"https:\/\/www.comuna13online.com.ar\/index.php?rest_route=%2Fwp%2Fv2%2Fcomments&post=18017"}],"version-history":[{"count":0,"href":"https:\/\/www.comuna13online.com.ar\/index.php?rest_route=\/wp\/v2\/posts\/18017\/revisions"}],"wp:featuredmedia":[{"embeddable":true,"href":"https:\/\/www.comuna13online.com.ar\/index.php?rest_route=\/wp\/v2\/media\/4206"}],"wp:attachment":[{"href":"https:\/\/www.comuna13online.com.ar\/index.php?rest_route=%2Fwp%2Fv2%2Fmedia&parent=18017"}],"wp:term":[{"taxonomy":"category","embeddable":true,"href":"https:\/\/www.comuna13online.com.ar\/index.php?rest_route=%2Fwp%2Fv2%2Fcategories&post=18017"},{"taxonomy":"post_tag","embeddable":true,"href":"https:\/\/www.comuna13online.com.ar\/index.php?rest_route=%2Fwp%2Fv2%2Ftags&post=18017"}],"curies":[{"name":"wp","href":"https:\/\/api.w.org\/{rel}","templated":true}]}}