{"id":18011,"date":"2023-11-27T08:00:00","date_gmt":"2023-11-27T11:00:00","guid":{"rendered":"https:\/\/www.comuna13online.com.ar\/?p=18011"},"modified":"2023-11-27T19:18:42","modified_gmt":"2023-11-27T22:18:42","slug":"felipe-miguel-presento-su-ultimo-informe-de-gestion-ante-la-legislatura-portena","status":"publish","type":"post","link":"https:\/\/www.comuna13online.com.ar\/?p=18011","title":{"rendered":"Felipe Miguel present\u00f3 su \u00faltimo informe de gesti\u00f3n ante la Legislatura porte\u00f1a"},"content":{"rendered":"\n<p><strong>Fue la segunda presentaci\u00f3n del a\u00f1o del Jefe de Gabinete de Ministros d\u00f3nde detall\u00f3 el trabajo gubernamental durante este \u00faltimo semestre, antes de la asunci\u00f3n de las futuras autoridades electas.<\/strong><\/p>\n\n\n\n<figure class=\"wp-block-image size-full\"><img loading=\"lazy\" decoding=\"async\" width=\"678\" height=\"452\" data-attachment-id=\"18012\" data-permalink=\"https:\/\/www.comuna13online.com.ar\/?attachment_id=18012\" data-orig-file=\"https:\/\/www.comuna13online.com.ar\/wp-content\/uploads\/2023\/11\/20231127a_03.jpg\" data-orig-size=\"678,452\" data-comments-opened=\"0\" data-image-meta=\"{&quot;aperture&quot;:&quot;0&quot;,&quot;credit&quot;:&quot;&quot;,&quot;camera&quot;:&quot;&quot;,&quot;caption&quot;:&quot;&quot;,&quot;created_timestamp&quot;:&quot;0&quot;,&quot;copyright&quot;:&quot;&quot;,&quot;focal_length&quot;:&quot;0&quot;,&quot;iso&quot;:&quot;0&quot;,&quot;shutter_speed&quot;:&quot;0&quot;,&quot;title&quot;:&quot;&quot;,&quot;orientation&quot;:&quot;0&quot;}\" data-image-title=\"20231127a_03\" data-image-description=\"\" data-image-caption=\"\" data-large-file=\"https:\/\/www.comuna13online.com.ar\/wp-content\/uploads\/2023\/11\/20231127a_03.jpg\" src=\"https:\/\/www.comuna13online.com.ar\/wp-content\/uploads\/2023\/11\/20231127a_03.jpg\" alt=\"\" class=\"wp-image-18012\" srcset=\"https:\/\/www.comuna13online.com.ar\/wp-content\/uploads\/2023\/11\/20231127a_03.jpg 678w, https:\/\/www.comuna13online.com.ar\/wp-content\/uploads\/2023\/11\/20231127a_03-272x182.jpg 272w\" sizes=\"auto, (max-width: 678px) 100vw, 678px\" \/><\/figure>\n\n\n\n<div style=\"height:20px\" aria-hidden=\"true\" class=\"wp-block-spacer\"><\/div>\n\n\n\n<p>En el tramo final de una gesti\u00f3n gubernamental de 8 a\u00f1os (dos mandatos) de\u00a0<strong>Horacio Rodr\u00edguez Larreta<\/strong>, el Jefe del Gabinete de Ministros de la Ciudad de Buenos Aires,\u00a0<strong>Felipe Miguel<\/strong>, hizo este jueves un balance positivo ante el pleno de la Legislatura local y ponder\u00f3 que las nuevas autoridades electas van a liderar <em>\u201cun equipo que cuenta con la preparaci\u00f3n y la experiencia para continuar y profundizar este camino\u201d<\/em>.<\/p>\n\n\n\n<p>El ministro coordinador Miguel present\u00f3 su \u00faltimo informe semestral que, por ley, le corresponde hacer ante los diputados de la Ciudad Aut\u00f3noma y luego respondi\u00f3 las preguntas de los legisladores y tom\u00f3 nota de sus demandas y opiniones.<\/p>\n\n\n\n<p>Esta vez, la alocuci\u00f3n del funcionario fue seguida en persona por el jefe de Gobierno, Horario Rodr\u00edguez Larreta, quien el 10 de diciembre concluye su segundo mandato en un gobierno que, antes, lo tuvo como jefe de Gabinete de Mauricio Macri, con lo cual sumar\u00e1 16 a\u00f1os en la administraci\u00f3n del Poder Ejecutivo de la CABA.<\/p>\n\n\n\n<p>Tambi\u00e9n asistieron en la primera fila de los invitados especiales ministros y secretarios del gobierno local y la jefa del Superior Tribunal de Justicia, In\u00e9s Weinberg; la futura vicejefa de Gobierno, Clara Muzzio entre otros. La sesi\u00f3n especial fue conducida por el vicepresidente de la Legislatura, diputado Emmanuel Ferrario (VJ).<\/p>\n\n\n\n<p>Todo el discurso de Miguel fue una s\u00edntesis de las realizaciones de los \u00faltimos 8 a\u00f1os en las distintas \u00e1reas gubernamentales. Entre otras transformaciones urbanas mencion\u00f3 el Paseo del Bajo, la recuperaci\u00f3n de 25 kil\u00f3metros en la costa del R\u00edo de la Plata, el Barrio Ol\u00edmpico y el Parque de la Innovaci\u00f3n.<\/p>\n\n\n\n<p>Puso \u00e9nfasis en la gesti\u00f3n de la pandemia, la creaci\u00f3n de la Polic\u00eda de la Ciudad y la integraci\u00f3n de los barrios vulnerables. En cuanto a la eficiencia del Estado, el jefe de Gabinete sostuvo que la Ciudad tiene el menor nivel de deuda de los \u00faltimos 10 a\u00f1os y super\u00e1vit financiero. Y entre otras cosas, destac\u00f3 que Buenos Aires fue la primera Ciudad del mundo en usar WhatsApp como canal de comunicaci\u00f3n con los vecinos.<\/p>\n\n\n\n<div style=\"height:20px\" aria-hidden=\"true\" class=\"wp-block-spacer\"><\/div>\n<div align=\"center\">\n<blockquote class=\"twitter-tweet\"><p lang=\"es\" dir=\"ltr\">Gracias a todo el equipo de la Ciudad por el trabajo y el compromiso de estos 8 a\u00f1os. Gracias a los ciudadanos por apoyar cada transformaci\u00f3n y gracias a Horacio por confiar en este equipo. <a href=\"https:\/\/t.co\/nAXXcJWcZt\">pic.twitter.com\/nAXXcJWcZt<\/a><\/p>&mdash; Felipe Miguel (@FelipeMiguelBA) <a href=\"https:\/\/twitter.com\/FelipeMiguelBA\/status\/1728411029007216758?ref_src=twsrc%5Etfw\">November 25, 2023<\/a><\/blockquote> <script async src=\"https:\/\/platform.twitter.com\/widgets.js\" charset=\"utf-8\"><\/script>\n<\/div>\n<div style=\"height:20px\" aria-hidden=\"true\" class=\"wp-block-spacer\"><\/div>\n\n\n\n<p>En sus palabras, el jefe de Gabinete agradeci\u00f3 especialmente a los legisladores por haber elaborado <em>\u201cproyectos fundamentales para el desarrollo de los ciudadanos de Buenos Aires\u201d<\/em>; a la Justicia, <em>\u201cpor haber colaborado en la elaboraci\u00f3n de los c\u00f3digos, la agilizaci\u00f3n de los procesos y el cumplimiento de los derechos y obligaciones en la Ciudad\u201d<\/em>; al equipo del Gobierno de la Ciudad <em>\u201cpor su trabajo incansable y su acompa\u00f1amiento en cada decisi\u00f3n\u201d<\/em> y dej\u00f3 un mensaje para Jorge Macri: <em>\u201cSe vienen grandes desaf\u00edos, pero tengo la tranquilidad de saber que Jorge y Clara van a seguir honrando estos valores. Les deseo todos los \u00e9xitos\u201d<\/em>.<\/p>\n\n\n\n<p>Como parte de la Transformaci\u00f3n Urbana, mencion\u00f3 la construcci\u00f3n de 40 km. de obras hidr\u00e1ulicas; m\u00e1s de 200 ha. de espacio p\u00fablico nuevo, 19 plazas y 20 calles verdes; 25 km de paseo frente al r\u00edo, desde av. General Paz hasta el Riachuelo.<\/p>\n\n\n\n<p>Tambi\u00e9n sum\u00f3 la transformaci\u00f3n del viejo zool\u00f3gico en Ecoparque; la reconversi\u00f3n en el microcentro 230 mil m2 con de viviendas y edificios para facilitar el alquiler o la compra de departamentos; la casa propia de 1.157 familias del sur de la Ciudad en la ex Villa Ol\u00edmpica (entre ellos polic\u00edas y docentes).<\/p>\n\n\n\n<p><em>\u201cNos propusimos que en Buenos Aires se pudiera llegar caminando, en bicicleta o en transporte p\u00fablico a todos lados. Y so\u00f1amos en grande: hicimos obras de ingenier\u00eda que cambiaron la fisonom\u00eda de la Ciudad para siempre\u201d<\/em>, y destac\u00f3 la construcci\u00f3n de los 3 viaductos que permitieron eliminar 32 barreras y abrir 22 calles. <em>\u201cHac\u00eda m\u00e1s de 100 a\u00f1os que no se hac\u00edan viaductos en la Ciudad. Planificamos cada etapa, nos comprometimos con los plazos y, en cuatro a\u00f1os, transformamos la calidad de vida de millones de vecinos\u201d<\/em>, subray\u00f3 Miguel. Tambi\u00e9n destac\u00f3, en materia ambiental, que Buenos Aires fue premiada como ciudad l\u00edder en cambio clim\u00e1tico. <\/p>\n\n\n\n<p><em>\u201cEn toda ciudad hay dos formas de trabajar en las zonas vulnerables: promoviendo el asistencialismo y la dependencia estatal, o generando oportunidades. Nosotros elegimos la segunda\u201d<\/em>, dijo, antes de enumerar las obras de urbanizaci\u00f3n de barrios populares.<\/p>\n\n\n\n<p><em>\u201cInstalamos dos importantes edificios p\u00fablicos en barrios vulnerables: el Ministerio de Educaci\u00f3n en el Barrio 31 y el Ministerio de Desarrollo Humano y H\u00e1bitat en el Barrio 15, en el predio en el que estuvo abandonado durante d\u00e9cadas el viejo edificio del Elefante Blanco\u201d<\/em>, record\u00f3.<\/p>\n\n\n\n<div class=\"wp-block-group\"><div class=\"wp-block-group__inner-container is-layout-constrained wp-block-group-is-layout-constrained\">\n<div style=\"height:15px\" aria-hidden=\"true\" class=\"wp-block-spacer\"><\/div>\n\n\n\n<figure class=\"wp-block-image size-full\"><img loading=\"lazy\" decoding=\"async\" width=\"678\" height=\"452\" data-attachment-id=\"18013\" data-permalink=\"https:\/\/www.comuna13online.com.ar\/?attachment_id=18013\" data-orig-file=\"https:\/\/www.comuna13online.com.ar\/wp-content\/uploads\/2023\/11\/20231127a_02.jpg\" data-orig-size=\"678,452\" data-comments-opened=\"0\" data-image-meta=\"{&quot;aperture&quot;:&quot;0&quot;,&quot;credit&quot;:&quot;&quot;,&quot;camera&quot;:&quot;&quot;,&quot;caption&quot;:&quot;&quot;,&quot;created_timestamp&quot;:&quot;0&quot;,&quot;copyright&quot;:&quot;&quot;,&quot;focal_length&quot;:&quot;0&quot;,&quot;iso&quot;:&quot;0&quot;,&quot;shutter_speed&quot;:&quot;0&quot;,&quot;title&quot;:&quot;&quot;,&quot;orientation&quot;:&quot;0&quot;}\" data-image-title=\"20231127a_02\" data-image-description=\"\" data-image-caption=\"\" data-large-file=\"https:\/\/www.comuna13online.com.ar\/wp-content\/uploads\/2023\/11\/20231127a_02.jpg\" src=\"https:\/\/www.comuna13online.com.ar\/wp-content\/uploads\/2023\/11\/20231127a_02.jpg\" alt=\"\" class=\"wp-image-18013\" srcset=\"https:\/\/www.comuna13online.com.ar\/wp-content\/uploads\/2023\/11\/20231127a_02.jpg 678w, https:\/\/www.comuna13online.com.ar\/wp-content\/uploads\/2023\/11\/20231127a_02-272x182.jpg 272w\" sizes=\"auto, (max-width: 678px) 100vw, 678px\" \/><figcaption class=\"wp-element-caption\"><sup>Horacio Rodr\u00edguez Larreta acompa\u00f1\u00f3 al Jefe de Gabinete de Ministros.<\/sup><\/figcaption><\/figure>\n\n\n\n<div style=\"height:15px\" aria-hidden=\"true\" class=\"wp-block-spacer\"><\/div>\n<\/div><\/div>\n\n\n\n<p>Detall\u00f3 la radicaci\u00f3n de 60 empresas con m\u00e1s de 100 instalaciones en barrios vulnerables y la creaci\u00f3n de la Ley de Econom\u00eda Social y Popular y del FONDES, un fondo de financiamiento p\u00fablico-privado para los emprendimientos de la econom\u00eda popular. <em>\u201cHicimos oficinas de gobierno en donde antes hab\u00eda b\u00fankers narco, promovimos la instalaci\u00f3n de empresas, construimos viviendas nuevas y seguras, espacios p\u00fablicos y de esparcimiento\u201d<\/em>, grafic\u00f3.<\/p>\n\n\n\n<p>Habl\u00f3 de la nueva Polic\u00eda local y de <em>\u201cuna pol\u00edtica de seguridad aut\u00f3noma, que se dictara, definiera y dise\u00f1ara desde CABA\u201d<\/em>. Enumer\u00f3 la creaci\u00f3n de 7 comisar\u00edas nuevas; el Mapa del Delito, el desarrollo del Instituto Superior de Seguridad P\u00fablica del que ya egresaron un total de 7.810 cadetes; la instalaci\u00f3n de m\u00e1s de 15 mil c\u00e1maras de seguridad (el 75% de la Ciudad est\u00e1 videovigilada), y la inauguraci\u00f3n de 4 Centros de Monitoreo Urbano. Adem\u00e1s, la construcci\u00f3n de un Anillo Digital en las entradas y salidas de la Ciudad, con 740 lectoras de patentes y 120 c\u00e1maras y la incorporaci\u00f3n de la tecnolog\u00eda de reconocimiento facial, con la que fueron detenidos 1.695 delincuentes pr\u00f3fugos de la Justicia.<\/p>\n\n\n\n<p>Felipe Miguel sostuvo que equiparon a la Polic\u00eda con herramientas tecnol\u00f3gicas y de comunicaci\u00f3n que les permitieran actuar r\u00e1pida y eficazmente. Destac\u00f3 adem\u00e1s que cerraron 76 b\u00fankers narco, y que centralizaron las llamadas del 911 logrando que atienda en 4 segundos o menos y env\u00ede un patrullero que llega en 5 minutos al lugar de los hechos en casos graves.<\/p>\n\n\n\n<p><em>\u201cCuidamos a los que nos cuidan: todos los polic\u00edas de la Ciudad reciben una formaci\u00f3n dual, acad\u00e9mica y en calle; hacen entrenamientos constantes en el Instituto Superior de Seguridad; y cuentan con el mejor equipamiento: adquirimos 500 autos, 258 camionetas, 150 motos, 15 cuatriciclos, 5 drones, 8.573 celulares, chalecos de protecci\u00f3n de \u00faltima generaci\u00f3n, y 60 pistolas taser que ya usan 250 agentes\u201d<\/em>.<\/p>\n\n\n\n<p><em>\u201cTrabajamos junto al Ministerio P\u00fablico Fiscal y a la Justicia contravencional y penal para que haya consecuencias para los que delinquen. Gracias a todos estos esfuerzos, en 2022 nos convertimos en la segunda Ciudad capital m\u00e1s segura de Am\u00e9rica, despu\u00e9s de Ottawa, Canad\u00e1\u201d<\/em>, asegur\u00f3 el jefe de Gabinete.<\/p>\n\n\n\n<p>Hizo una descripci\u00f3n del crecimiento cultural y, en Educaci\u00f3n, valor\u00f3 que\u00a0el 66% de las escuelas de gesti\u00f3n estatal tenga jornada completa, y las restantes funcionan con jornada extendida. <em>\u201cAbrimos las escuelas los s\u00e1bados y tambi\u00e9n durante los recesos de invierno y de verano. Gracias a esta Red de Fortalecimiento de Aprendizajes bajamos del 75% al 19,3% la cantidad de estudiantes con materias adeudadas\u201d<\/em>.<\/p>\n\n\n\n<p>Tambi\u00e9n record\u00f3 que fueron construidas 54 nuevas escuelas, 30 con sala de 3, que permitieron habilitar m\u00e1s de 9 mil nuevas vacantes. <em>\u201cEn la Ciudad hay vacantes para todos los chicos en edad escolar\u201d<\/em>, afirm\u00f3. Adem\u00e1s, destac\u00f3 la creaci\u00f3n de 8 polos educativos. Mencion\u00f3 que todos los alumnos reciben educaci\u00f3n digital, y desde sala de 5 aprenden programaci\u00f3n y rob\u00f3tica: \u201cPara eso cuentan con todo el equipamiento que necesitan. A trav\u00e9s del Plan Sarmiento entregamos m\u00e1s de 240 mil dispositivos en el 100% de las escuelas de la Ciudad\u201d, dijo y agreg\u00f3: <em>\u201cAdem\u00e1s de tener ingl\u00e9s obligatorio desde primer grado, hoy la Ciudad cuenta con 19 escuelas biling\u00fces\u201d<\/em>.<\/p>\n\n\n\n<p><\/p>\n\n\n\n<div style=\"height:25px\" aria-hidden=\"true\" class=\"wp-block-spacer\"><\/div>\n\n\n\n<p class=\"has-text-align-right\"><sub>Fuente: <em><strong>D. G. Prensa de la Legislatura de la Ciudad<\/strong><\/em><\/sub><a href=\"mailto:?subject=La%20Legislatura%20aprob%C3%B3%20en%20primera%20lectura%20un%20proyecto%20que%20procura%20mantener%20el%20paisaje%20y%20la%20arquitectura%20en%20dos%20barrios%20de%20la%20Comuna%2013.%20Deber%C3%A1%20debatirse%20en%20Audiencia%20P%C3%BAblica.%20%20%20%20%20%20%20%20%20%20%20&amp;body=https%3A%2F%2Fwww.legislatura.gov.ar%2Fposts%2Fsesion-19-052427.html\"><\/a><\/p>\n","protected":false},"excerpt":{"rendered":"<div class=\"mh-excerpt\">Fue la segunda presentaci\u00f3n del a\u00f1o del Jefe de Gabinete de Ministros d\u00f3nde detall\u00f3 el trabajo gubernamental durante este \u00faltimo semestre, antes de la asunci\u00f3n de las futuras autoridades electas. <a class=\"mh-excerpt-more\" href=\"https:\/\/www.comuna13online.com.ar\/?p=18011\" title=\"Felipe Miguel present\u00f3 su \u00faltimo informe de gesti\u00f3n ante la Legislatura porte\u00f1a\">[&#8230;]<\/a><\/div>\n","protected":false},"author":1,"featured_media":18014,"comment_status":"closed","ping_status":"closed","sticky":false,"template":"","format":"standard","meta":{"_uag_custom_page_level_css":"","_jetpack_memberships_contains_paid_content":false,"footnotes":"","jetpack_publicize_message":"","jetpack_publicize_feature_enabled":true,"jetpack_social_post_already_shared":false,"jetpack_social_options":{"image_generator_settings":{"template":"highway","default_image_id":0,"font":"","enabled":false},"version":2}},"categories":[21],"tags":[258,250,296,7],"class_list":{"0":"post-18011","1":"post","2":"type-post","3":"status-publish","4":"format-standard","5":"has-post-thumbnail","7":"category-legislatura","8":"tag-gobierno","9":"tag-h2","10":"tag-h3","11":"tag-legislatura"},"jetpack_publicize_connections":[],"jetpack_featured_media_url":"https:\/\/www.comuna13online.com.ar\/wp-content\/uploads\/2023\/11\/20231127a_id.jpg","uagb_featured_image_src":{"full":["https:\/\/www.comuna13online.com.ar\/wp-content\/uploads\/2023\/11\/20231127a_id.jpg",678,381,false],"thumbnail":["https:\/\/www.comuna13online.com.ar\/wp-content\/uploads\/2023\/11\/20231127a_id.jpg",128,72,false],"medium":["https:\/\/www.comuna13online.com.ar\/wp-content\/uploads\/2023\/11\/20231127a_id.jpg",678,381,false],"medium_large":["https:\/\/www.comuna13online.com.ar\/wp-content\/uploads\/2023\/11\/20231127a_id.jpg",678,381,false],"large":["https:\/\/www.comuna13online.com.ar\/wp-content\/uploads\/2023\/11\/20231127a_id.jpg",678,381,false],"1536x1536":["https:\/\/www.comuna13online.com.ar\/wp-content\/uploads\/2023\/11\/20231127a_id.jpg",678,381,false],"2048x2048":["https:\/\/www.comuna13online.com.ar\/wp-content\/uploads\/2023\/11\/20231127a_id.jpg",678,381,false],"mh-magazine-slider":["https:\/\/www.comuna13online.com.ar\/wp-content\/uploads\/2023\/11\/20231127a_id.jpg",678,381,false],"mh-magazine-content":["https:\/\/www.comuna13online.com.ar\/wp-content\/uploads\/2023\/11\/20231127a_id.jpg",678,381,false],"mh-magazine-large":["https:\/\/www.comuna13online.com.ar\/wp-content\/uploads\/2023\/11\/20231127a_id.jpg",678,381,false],"mh-magazine-medium":["https:\/\/www.comuna13online.com.ar\/wp-content\/uploads\/2023\/11\/20231127a_id-326x245.jpg",326,245,true],"mh-magazine-small":["https:\/\/www.comuna13online.com.ar\/wp-content\/uploads\/2023\/11\/20231127a_id-80x60.jpg",80,60,true],"sow-carousel-default":["https:\/\/www.comuna13online.com.ar\/wp-content\/uploads\/2023\/11\/20231127a_id-272x182.jpg",272,182,true]},"uagb_author_info":{"display_name":"Comuna13","author_link":"https:\/\/www.comuna13online.com.ar\/?author=1"},"uagb_comment_info":0,"uagb_excerpt":"Fue la segunda presentaci\u00f3n del a\u00f1o del Jefe de Gabinete de Ministros d\u00f3nde detall\u00f3 el trabajo gubernamental durante este \u00faltimo semestre, antes de la asunci\u00f3n de las futuras autoridades electas. [...]","jetpack_sharing_enabled":true,"_links":{"self":[{"href":"https:\/\/www.comuna13online.com.ar\/index.php?rest_route=\/wp\/v2\/posts\/18011","targetHints":{"allow":["GET"]}}],"collection":[{"href":"https:\/\/www.comuna13online.com.ar\/index.php?rest_route=\/wp\/v2\/posts"}],"about":[{"href":"https:\/\/www.comuna13online.com.ar\/index.php?rest_route=\/wp\/v2\/types\/post"}],"author":[{"embeddable":true,"href":"https:\/\/www.comuna13online.com.ar\/index.php?rest_route=\/wp\/v2\/users\/1"}],"replies":[{"embeddable":true,"href":"https:\/\/www.comuna13online.com.ar\/index.php?rest_route=%2Fwp%2Fv2%2Fcomments&post=18011"}],"version-history":[{"count":0,"href":"https:\/\/www.comuna13online.com.ar\/index.php?rest_route=\/wp\/v2\/posts\/18011\/revisions"}],"wp:featuredmedia":[{"embeddable":true,"href":"https:\/\/www.comuna13online.com.ar\/index.php?rest_route=\/wp\/v2\/media\/18014"}],"wp:attachment":[{"href":"https:\/\/www.comuna13online.com.ar\/index.php?rest_route=%2Fwp%2Fv2%2Fmedia&parent=18011"}],"wp:term":[{"taxonomy":"category","embeddable":true,"href":"https:\/\/www.comuna13online.com.ar\/index.php?rest_route=%2Fwp%2Fv2%2Fcategories&post=18011"},{"taxonomy":"post_tag","embeddable":true,"href":"https:\/\/www.comuna13online.com.ar\/index.php?rest_route=%2Fwp%2Fv2%2Ftags&post=18011"}],"curies":[{"name":"wp","href":"https:\/\/api.w.org\/{rel}","templated":true}]}}