{"id":17990,"date":"2023-11-23T15:05:31","date_gmt":"2023-11-23T18:05:31","guid":{"rendered":"https:\/\/www.comuna13online.com.ar\/?p=17990"},"modified":"2023-11-24T12:19:22","modified_gmt":"2023-11-24T15:19:22","slug":"cortes-de-calles-por-los-recitales-de-red-hot-chili-pepers-en-river","status":"publish","type":"post","link":"https:\/\/www.comuna13online.com.ar\/?p=17990","title":{"rendered":"Cortes de calles por los recitales de Red Hot Chili Pepers  en River"},"content":{"rendered":"\n<p><strong>El Gobierno porte\u00f1o inform\u00f3 cortes de calles en las inmediaciones del estadio Monumental por los recitales que brindar\u00e1 el 24, 25 y 26 de noviembre de Red Hot Chili Pepers.<\/strong><\/p>\n\n\n\n<div style=\"height:10px\" aria-hidden=\"true\" class=\"wp-block-spacer\"><\/div>\n\n\n\n<figure class=\"wp-block-image size-full\"><img loading=\"lazy\" decoding=\"async\" width=\"678\" height=\"381\" data-attachment-id=\"17993\" data-permalink=\"https:\/\/www.comuna13online.com.ar\/?attachment_id=17993\" data-orig-file=\"https:\/\/www.comuna13online.com.ar\/wp-content\/uploads\/2023\/11\/20231123a_01.jpg\" data-orig-size=\"678,381\" data-comments-opened=\"0\" data-image-meta=\"{&quot;aperture&quot;:&quot;0&quot;,&quot;credit&quot;:&quot;&quot;,&quot;camera&quot;:&quot;&quot;,&quot;caption&quot;:&quot;&quot;,&quot;created_timestamp&quot;:&quot;0&quot;,&quot;copyright&quot;:&quot;&quot;,&quot;focal_length&quot;:&quot;0&quot;,&quot;iso&quot;:&quot;0&quot;,&quot;shutter_speed&quot;:&quot;0&quot;,&quot;title&quot;:&quot;&quot;,&quot;orientation&quot;:&quot;0&quot;}\" data-image-title=\"20231123a_01\" data-image-description=\"\" data-image-caption=\"\" data-large-file=\"https:\/\/www.comuna13online.com.ar\/wp-content\/uploads\/2023\/11\/20231123a_01.jpg\" src=\"https:\/\/www.comuna13online.com.ar\/wp-content\/uploads\/2023\/11\/20231123a_01.jpg\" alt=\"\" class=\"wp-image-17993\"\/><\/figure>\n\n\n\n<div style=\"height:15px\" aria-hidden=\"true\" class=\"wp-block-spacer\"><\/div>\n\n\n\n<p>Desde las 08 horas del viernes 24 de noviembre hasta las 02 horas del s\u00e1bado 25, y 08 horas del domingo 26 hasta las 02 horas del lunes 27 estar\u00e1n cerradas al tr\u00e1nsito varias calles en las inmediaciones del estadio Monumental por los recitales de Red Hot Chili Pepers.<\/p>\n\n\n\n<p>Habr\u00e1 un corte total del per\u00edmetro comprendido entre\u00a0<strong>Av. Del Libertador, Av. Udaondo, Av. Pres. Figueroa Alcorta y Av. Monroe<\/strong>. Estar\u00e1 permitido circular por las Avenidas del Libertador y Monroe, mientras que Av. Guillermo Udaondo y Av. Pres. Figueroa Alcorta estar\u00e1n restringidas.<\/p>\n\n\n\n<p>Adem\u00e1s, se cortan las siguientes arterias: Corte total de: los ingresos por Int. Cantilo al Puente Labruna, en Campos Salles entre Av. del Libertador y Av. Udaondo. Y en Tte. Ricchieri, entre Campos Salles y Av. Guillermo Udaondo, afectando ambas bocacalles.<\/p>\n\n\n\n<p>Del mismo modo, durante esos d\u00edas y horarios\u00a0<strong>se va a extender el doble sentido circulatorio de la Av. Pres. Figueroa Alcorta entre Av. Juramento y La Pampa<\/strong> desde las 8 horas del 24\/11 hasta las 2 horas del 27\/11.<\/p>\n\n\n\n<figure class=\"wp-block-image size-full\"><img loading=\"lazy\" decoding=\"async\" width=\"678\" height=\"452\" data-attachment-id=\"17994\" data-permalink=\"https:\/\/www.comuna13online.com.ar\/?attachment_id=17994\" data-orig-file=\"https:\/\/www.comuna13online.com.ar\/wp-content\/uploads\/2023\/11\/20231123a_02.jpg\" data-orig-size=\"678,452\" data-comments-opened=\"0\" data-image-meta=\"{&quot;aperture&quot;:&quot;0&quot;,&quot;credit&quot;:&quot;&quot;,&quot;camera&quot;:&quot;&quot;,&quot;caption&quot;:&quot;&quot;,&quot;created_timestamp&quot;:&quot;0&quot;,&quot;copyright&quot;:&quot;&quot;,&quot;focal_length&quot;:&quot;0&quot;,&quot;iso&quot;:&quot;0&quot;,&quot;shutter_speed&quot;:&quot;0&quot;,&quot;title&quot;:&quot;&quot;,&quot;orientation&quot;:&quot;0&quot;}\" data-image-title=\"20231123a_02\" data-image-description=\"\" data-image-caption=\"\" data-large-file=\"https:\/\/www.comuna13online.com.ar\/wp-content\/uploads\/2023\/11\/20231123a_02.jpg\" src=\"https:\/\/www.comuna13online.com.ar\/wp-content\/uploads\/2023\/11\/20231123a_02.jpg\" alt=\"\" class=\"wp-image-17994\" srcset=\"https:\/\/www.comuna13online.com.ar\/wp-content\/uploads\/2023\/11\/20231123a_02.jpg 678w, https:\/\/www.comuna13online.com.ar\/wp-content\/uploads\/2023\/11\/20231123a_02-272x182.jpg 272w\" sizes=\"auto, (max-width: 678px) 100vw, 678px\" \/><\/figure>\n\n\n\n<div style=\"height:20px\" aria-hidden=\"true\" class=\"wp-block-spacer\"><\/div>\n\n\n\n<h3 class=\"wp-block-heading\">Funcionamiento del transporte p\u00fablico<\/h3>\n\n\n\n<h4 class=\"wp-block-heading\">Colectivos<\/h4>\n\n\n\n<p>Las l\u00edneas de colectivo que llegan al estadio Mas Monumental son las siguientes:&nbsp;<em>15, 29, 37, 42, 57, 107, 130, 152 y 160<\/em>.&nbsp;<\/p>\n\n\n\n<p>Por otro lado, las siguientes l\u00edneas van a presentar modificaciones temporales en sus recorridos:<\/p>\n\n\n\n<ul class=\"wp-block-list\">\n<li>L\u00ednea 28 (ida): Av. Del Libertador, Sucre, Monta\u00f1eses, La Pampa, Av. Pres. Figueroa Alcorta, puente Illia, su ruta.<\/li>\n\n\n\n<li>L\u00ednea 28 (vuelta): siguen por Av. Int. Cantilo hasta Av. General Paz.<\/li>\n\n\n\n<li>L\u00ednea 42 (ida): Echeverr\u00eda, subida a puente Illia, su ruta.<\/li>\n\n\n\n<li>L\u00edneas 42 (vuelta) y 107 (vuelta): siguen por Av. Int. Cantilo hasta Av. General Paz bajando en Av. Del Libertador hasta Juramento, su ruta.<\/li>\n\n\n\n<li>L\u00ednea 12 (ida y vuelta): Av. Del Libertador, su ruta.<\/li>\n<\/ul>\n\n\n\n<h4 class=\"wp-block-heading\">Estaciones de Ecobici<\/h4>\n\n\n\n<p>Las estaciones ubicadas en las inmediaciones del estadio que estar\u00e1n habilitadas para retiro y devoluci\u00f3n de bicicletas son:<\/p>\n\n\n\n<ul class=\"wp-block-list\">\n<li>227: Club Ciudad de Buenos Aires<\/li>\n\n\n\n<li>288: Secretar\u00eda de Deportes<\/li>\n\n\n\n<li>289: Monta\u00f1eses<\/li>\n\n\n\n<li>396: Plaza Alberti<\/li>\n\n\n\n<li>250: Fleni<\/li>\n\n\n\n<li>248: H\u00fasares<\/li>\n\n\n\n<li>375: Ciudad Universitaria I<\/li>\n<\/ul>\n\n\n\n<p>Por su parte, las estaciones N\u00b0344 \u00abUniversidad Di Tella\u00bb y N\u00b0261 \u00abQuinteros Lidoro\u00bb, estar\u00e1n inhabilitadas para retiro y devoluci\u00f3n de bicis desde el mi\u00e9rcoles 8 de noviembre a las 8 h hasta el domingo 12 de noviembre a las 2 h.<\/p>\n\n\n\n<h4 class=\"wp-block-heading\">Subtes<\/h4>\n\n\n\n<p>La estaci\u00f3n m\u00e1s cercana para llegar al estadio es&nbsp;Congreso de Tucum\u00e1n, de la l\u00ednea D. Todas las l\u00edneas van a funcionar seg\u00fan el cronograma habitual. Consult\u00e1 los horarios en la web de&nbsp;<a href=\"https:\/\/emova.com.ar\/\" target=\"_blank\" rel=\"noreferrer noopener\">Emova<\/a>.<\/p>\n","protected":false},"excerpt":{"rendered":"<div class=\"mh-excerpt\">El Gobierno porte\u00f1o inform\u00f3 cortes de calles en las inmediaciones del estadio Monumental por los recitales que brindar\u00e1 el 24, 25 y 26 de noviembre de Red Hot Chili Pepers. <a class=\"mh-excerpt-more\" href=\"https:\/\/www.comuna13online.com.ar\/?p=17990\" title=\"Cortes de calles por los recitales de Red Hot Chili Pepers  en River\">[&#8230;]<\/a><\/div>\n","protected":false},"author":1,"featured_media":17992,"comment_status":"closed","ping_status":"closed","sticky":false,"template":"","format":"standard","meta":{"_uag_custom_page_level_css":"","_jetpack_memberships_contains_paid_content":false,"footnotes":"","jetpack_publicize_message":"","jetpack_publicize_feature_enabled":true,"jetpack_social_post_already_shared":true,"jetpack_social_options":{"image_generator_settings":{"template":"highway","default_image_id":0,"font":"","enabled":false},"version":2}},"categories":[53],"tags":[19,250,296,54],"class_list":{"0":"post-17990","1":"post","2":"type-post","3":"status-publish","4":"format-standard","5":"has-post-thumbnail","7":"category-transito","8":"tag-comuna-13","9":"tag-h2","10":"tag-h3","11":"tag-transito"},"jetpack_publicize_connections":[],"jetpack_featured_media_url":"https:\/\/www.comuna13online.com.ar\/wp-content\/uploads\/2023\/11\/20231123a_id.jpg","uagb_featured_image_src":{"full":["https:\/\/www.comuna13online.com.ar\/wp-content\/uploads\/2023\/11\/20231123a_id.jpg",678,381,false],"thumbnail":["https:\/\/www.comuna13online.com.ar\/wp-content\/uploads\/2023\/11\/20231123a_id.jpg",128,72,false],"medium":["https:\/\/www.comuna13online.com.ar\/wp-content\/uploads\/2023\/11\/20231123a_id.jpg",678,381,false],"medium_large":["https:\/\/www.comuna13online.com.ar\/wp-content\/uploads\/2023\/11\/20231123a_id.jpg",678,381,false],"large":["https:\/\/www.comuna13online.com.ar\/wp-content\/uploads\/2023\/11\/20231123a_id.jpg",678,381,false],"1536x1536":["https:\/\/www.comuna13online.com.ar\/wp-content\/uploads\/2023\/11\/20231123a_id.jpg",678,381,false],"2048x2048":["https:\/\/www.comuna13online.com.ar\/wp-content\/uploads\/2023\/11\/20231123a_id.jpg",678,381,false],"mh-magazine-slider":["https:\/\/www.comuna13online.com.ar\/wp-content\/uploads\/2023\/11\/20231123a_id.jpg",678,381,false],"mh-magazine-content":["https:\/\/www.comuna13online.com.ar\/wp-content\/uploads\/2023\/11\/20231123a_id.jpg",678,381,false],"mh-magazine-large":["https:\/\/www.comuna13online.com.ar\/wp-content\/uploads\/2023\/11\/20231123a_id.jpg",678,381,false],"mh-magazine-medium":["https:\/\/www.comuna13online.com.ar\/wp-content\/uploads\/2023\/11\/20231123a_id-326x245.jpg",326,245,true],"mh-magazine-small":["https:\/\/www.comuna13online.com.ar\/wp-content\/uploads\/2023\/11\/20231123a_id-80x60.jpg",80,60,true],"sow-carousel-default":["https:\/\/www.comuna13online.com.ar\/wp-content\/uploads\/2023\/11\/20231123a_id-272x182.jpg",272,182,true]},"uagb_author_info":{"display_name":"Comuna13","author_link":"https:\/\/www.comuna13online.com.ar\/?author=1"},"uagb_comment_info":0,"uagb_excerpt":"El Gobierno porte\u00f1o inform\u00f3 cortes de calles en las inmediaciones del estadio Monumental por los recitales que brindar\u00e1 el 24, 25 y 26 de noviembre de Red Hot Chili Pepers. [...]","jetpack_sharing_enabled":true,"_links":{"self":[{"href":"https:\/\/www.comuna13online.com.ar\/index.php?rest_route=\/wp\/v2\/posts\/17990","targetHints":{"allow":["GET"]}}],"collection":[{"href":"https:\/\/www.comuna13online.com.ar\/index.php?rest_route=\/wp\/v2\/posts"}],"about":[{"href":"https:\/\/www.comuna13online.com.ar\/index.php?rest_route=\/wp\/v2\/types\/post"}],"author":[{"embeddable":true,"href":"https:\/\/www.comuna13online.com.ar\/index.php?rest_route=\/wp\/v2\/users\/1"}],"replies":[{"embeddable":true,"href":"https:\/\/www.comuna13online.com.ar\/index.php?rest_route=%2Fwp%2Fv2%2Fcomments&post=17990"}],"version-history":[{"count":0,"href":"https:\/\/www.comuna13online.com.ar\/index.php?rest_route=\/wp\/v2\/posts\/17990\/revisions"}],"wp:featuredmedia":[{"embeddable":true,"href":"https:\/\/www.comuna13online.com.ar\/index.php?rest_route=\/wp\/v2\/media\/17992"}],"wp:attachment":[{"href":"https:\/\/www.comuna13online.com.ar\/index.php?rest_route=%2Fwp%2Fv2%2Fmedia&parent=17990"}],"wp:term":[{"taxonomy":"category","embeddable":true,"href":"https:\/\/www.comuna13online.com.ar\/index.php?rest_route=%2Fwp%2Fv2%2Fcategories&post=17990"},{"taxonomy":"post_tag","embeddable":true,"href":"https:\/\/www.comuna13online.com.ar\/index.php?rest_route=%2Fwp%2Fv2%2Ftags&post=17990"}],"curies":[{"name":"wp","href":"https:\/\/api.w.org\/{rel}","templated":true}]}}