{"id":17975,"date":"2023-11-22T15:43:21","date_gmt":"2023-11-22T18:43:21","guid":{"rendered":"https:\/\/www.comuna13online.com.ar\/?p=17975"},"modified":"2023-11-22T15:43:25","modified_gmt":"2023-11-22T18:43:25","slug":"buenos-aires-rojo-sangre-en-el-multiplex-belgrano","status":"publish","type":"post","link":"https:\/\/www.comuna13online.com.ar\/?p=17975","title":{"rendered":"Buenos Aires Rojo Sangre en el Multiplex Belgrano"},"content":{"rendered":"\n<p><strong>Del 23 de noviembre al 3 de diciembre llega una nueva edici\u00f3n del Festival Internacional de cine de terror, fant\u00e1stico y bizarro Buenos Aires Rojo Sangre, conoce toda la programaci\u00f3n.<\/strong><\/p>\n\n\n\n<div style=\"height:10px\" aria-hidden=\"true\" class=\"wp-block-spacer\"><\/div>\n\n\n\n<figure class=\"wp-block-image size-full\"><img loading=\"lazy\" decoding=\"async\" width=\"678\" height=\"381\" data-attachment-id=\"17981\" data-permalink=\"https:\/\/www.comuna13online.com.ar\/?attachment_id=17981\" data-orig-file=\"https:\/\/www.comuna13online.com.ar\/wp-content\/uploads\/2023\/11\/20231122a_01.jpg\" data-orig-size=\"678,381\" data-comments-opened=\"0\" data-image-meta=\"{&quot;aperture&quot;:&quot;0&quot;,&quot;credit&quot;:&quot;&quot;,&quot;camera&quot;:&quot;&quot;,&quot;caption&quot;:&quot;&quot;,&quot;created_timestamp&quot;:&quot;0&quot;,&quot;copyright&quot;:&quot;&quot;,&quot;focal_length&quot;:&quot;0&quot;,&quot;iso&quot;:&quot;0&quot;,&quot;shutter_speed&quot;:&quot;0&quot;,&quot;title&quot;:&quot;&quot;,&quot;orientation&quot;:&quot;0&quot;}\" data-image-title=\"20231122a_01\" data-image-description=\"\" data-image-caption=\"\" data-large-file=\"https:\/\/www.comuna13online.com.ar\/wp-content\/uploads\/2023\/11\/20231122a_01.jpg\" src=\"https:\/\/www.comuna13online.com.ar\/wp-content\/uploads\/2023\/11\/20231122a_01.jpg\" alt=\"\" class=\"wp-image-17981\"\/><\/figure>\n\n\n\n<div style=\"height:20px\" aria-hidden=\"true\" class=\"wp-block-spacer\"><\/div>\n\n\n\n<p>Entre el 23 de noviembre y el 3 de diciembre en el cine Multiplex Belgrano (<a rel=\"noreferrer noopener\" href=\"https:\/\/www.google.com\/maps\/place\/Vuelta+de+Obligado+2238,+C1428ADJ+CABA\/@-34.5603121,-58.4593573,17z\/data=!3m1!4b1!4m6!3m5!1s0x95bcb5d35c56af5d:0x719ba3390838e00c!8m2!3d-34.5603165!4d-58.4567824!16s%2Fg%2F11jzwmjd5j?entry=ttu\" data-type=\"link\" data-id=\"https:\/\/www.google.com\/maps\/place\/Vuelta+de+Obligado+2238,+C1428ADJ+CABA\/@-34.5603121,-58.4593573,17z\/data=!3m1!4b1!4m6!3m5!1s0x95bcb5d35c56af5d:0x719ba3390838e00c!8m2!3d-34.5603165!4d-58.4567824!16s%2Fg%2F11jzwmjd5j?entry=ttu\" target=\"_blank\">Vuelta de Obligado 2238<\/a>) y en el Centro Cultural San Mart\u00edn (<a rel=\"noreferrer noopener\" href=\"https:\/\/www.google.com\/maps\/place\/Sarmiento+1551,+C1042+San+Nicolas,+Buenos+Aires\/@-34.6051015,-58.3885547,18.28z\/data=!4m6!3m5!1s0x95bccac40415f8bf:0x613632c9de2a3a54!8m2!3d-34.605014!4d-58.3887091!16s%2Fg%2F11bw448l71?entry=ttu\" data-type=\"link\" data-id=\"https:\/\/www.google.com\/maps\/place\/Sarmiento+1551,+C1042+San+Nicolas,+Buenos+Aires\/@-34.6051015,-58.3885547,18.28z\/data=!4m6!3m5!1s0x95bccac40415f8bf:0x613632c9de2a3a54!8m2!3d-34.605014!4d-58.3887091!16s%2Fg%2F11bw448l71?entry=ttu\" target=\"_blank\">Sarmiento 1551<\/a>) tendr\u00e1 lugar una nueva edici\u00f3n del Buenos Aires Rojo Sangre, el festival de cine fant\u00e1stico m\u00e1s longevo de Latinoam\u00e9rica, que este a\u00f1o celebra sus primeros 24 a\u00f1os. Con una potente selecci\u00f3n de m\u00e1s de 60 largometrajes y cientos de cortometrajes, se configura como una de las pantallas m\u00e1s diversas de este a\u00f1o.<\/p>\n\n\n\n<p>Las entradas de la sede Multiplex Belgrano ser\u00e1n numeradas y se podr\u00e1n comprar en boleter\u00eda del cine o por su web a un costo de $1100 cada una. En el caso del Cultural San Mart\u00edn, el acceso ser\u00e1 libre hasta agotar capacidad.<\/p>\n\n\n\n<p>Adem\u00e1s de largometrajes estreno, reposiciones argentinas, cientos de cortometrajes y diversas competencias, habr\u00e1 actividades especiales en el Centro Cultural San Mart\u00edn como un taller de actuaci\u00f3n en cine de terror, presentaciones de libros, retrospectiva de Demian Rugna, y una muestra del ilustrador Flavio Greco Paglia para celebrar los 10 a\u00f1os en los que ha realizado el p\u00f3ster del festival. Tambi\u00e9n se proyectar\u00e1n cl\u00e1sicos en 16mm y 35mm.<\/p>\n\n\n\n<div style=\"height:15px\" aria-hidden=\"true\" class=\"wp-block-spacer\"><\/div>\n\n\n\n<h3 class=\"wp-block-heading\">Novedades<\/h3>\n\n\n\n<p>Entre las Novedades, varios platos fuertes: como el pre-estreno en Argentina de Viernes Negro, la nueva pel\u00edcula de Eli Roth que se proyectar\u00e1 en el marco de una funci\u00f3n especial el viernes 1 de diciembre; la tercera parte de la saga de Don Lee, The Roundup: No Way Out, una gema cargada de acci\u00f3n directo desde Corea; la \u00e9pica de fantas\u00eda con monstruos milenarios y poderosos semidioses, venida de China Creation of The Gods I: Kingdom of Storms; o la delirante Samurai Ninja Onimanji de Yoshihiro Nishimura, el art\u00edfice de Tokyo Gore Police. Tambi\u00e9n podemos destacar The Primevals, una pel\u00edcula que se desarroll\u00f3 por sesenta a\u00f1os y pudo ser finalizada gracias al crowfounding de sus fan\u00e1ticos; y Un siniestro cuento de navidad (The mean one) con una versi\u00f3n bizarra y asesina del Grinch interpretada por David Howard Thornton, el mism\u00edsimo Art the Clown de Terrifier.<\/p>\n\n\n\n<div style=\"height:15px\" aria-hidden=\"true\" class=\"wp-block-spacer\"><\/div>\n\n\n\n<figure class=\"wp-block-image size-full\"><img loading=\"lazy\" decoding=\"async\" width=\"677\" height=\"381\" data-attachment-id=\"17979\" data-permalink=\"https:\/\/www.comuna13online.com.ar\/?attachment_id=17979\" data-orig-file=\"https:\/\/www.comuna13online.com.ar\/wp-content\/uploads\/2023\/11\/20231122a_02.jpg\" data-orig-size=\"677,381\" data-comments-opened=\"0\" data-image-meta=\"{&quot;aperture&quot;:&quot;0&quot;,&quot;credit&quot;:&quot;&quot;,&quot;camera&quot;:&quot;&quot;,&quot;caption&quot;:&quot;&quot;,&quot;created_timestamp&quot;:&quot;0&quot;,&quot;copyright&quot;:&quot;&quot;,&quot;focal_length&quot;:&quot;0&quot;,&quot;iso&quot;:&quot;0&quot;,&quot;shutter_speed&quot;:&quot;0&quot;,&quot;title&quot;:&quot;&quot;,&quot;orientation&quot;:&quot;0&quot;}\" data-image-title=\"20231122a_02\" data-image-description=\"\" data-image-caption=\"\" data-large-file=\"https:\/\/www.comuna13online.com.ar\/wp-content\/uploads\/2023\/11\/20231122a_02.jpg\" src=\"https:\/\/www.comuna13online.com.ar\/wp-content\/uploads\/2023\/11\/20231122a_02.jpg\" alt=\"\" class=\"wp-image-17979\"\/><figcaption class=\"wp-element-caption\"><sup>Viernes Negro de Eli Roth<\/sup><\/figcaption><\/figure>\n\n\n\n<div style=\"height:15px\" aria-hidden=\"true\" class=\"wp-block-spacer\"><\/div>\n\n\n\n<p>Y si a eso le agregamos las pel\u00edculas de Panorama Bizarro, o la selecci\u00f3n oriental de Invasi\u00f3n Jap\u00f3n, m\u00e1s las gemas en f\u00edlmico de Cineclub La Cripta (Las Aventuras del Capit\u00e1n Am\u00e9rica y La raz\u00f3n del mal), el bloque de \u201cReaparecidos\u201d -con pel\u00edculas que fueron estrenadas este a\u00f1o en cines comerciales-, y las charlas y retrospectivas c\u00f3mo la de Demian Rugna, posicionan a esta nueva edici\u00f3n del BARS como una de las mejores hasta la fecha.<\/p>\n\n\n\n<p><strong>Buenos Aires Rojo Sangre<\/strong>&nbsp;es el m\u00e1s antiguo festival de cine fant\u00e1stico de Latinoam\u00e9rica. Con un recorrido de dos d\u00e9cadas, el&nbsp;<strong>BARS<\/strong>&nbsp;es un espacio de encuentro y exhibici\u00f3n de cine fant\u00e1stico de todo el mundo y un punto de resistencia para los creadores argentinos de cine de g\u00e9nero. Nacido en el a\u00f1o 2000 como una muestra de cine independiente y, desde 2004, con el formato de festival competitivo, el&nbsp;<strong>BARS<\/strong>&nbsp;es una cita imprescindible para los amantes del g\u00e9nero y para el p\u00fablico que quiere entrar en contacto con un cine que no se ve en otros festivales.<\/p>\n\n\n\n<p>El poster de esta edici\u00f3n del BARS tiene una ilustraci\u00f3n de Flavio Greco Paglia y dise\u00f1o gr\u00e1fico de H\u00e9ctor Ca\u00f1as. Para acompa\u00f1ar su lanzamiento, y dado que esta es la d\u00e9cima edici\u00f3n consecutiva que contar\u00e1 con una creaci\u00f3n del talentoso Greco Paglia se realizar\u00e1 una muestra de sus 10 trabajos que ser\u00e1 exhibida en el Centro Cultural General San Mart\u00edn durante todo el festival.<\/p>\n\n\n\n<div style=\"height:15px\" aria-hidden=\"true\" class=\"wp-block-spacer\"><\/div>\n\n\n\n<figure class=\"wp-block-image size-full\"><img loading=\"lazy\" decoding=\"async\" width=\"678\" height=\"1017\" data-attachment-id=\"17977\" data-permalink=\"https:\/\/www.comuna13online.com.ar\/?attachment_id=17977\" data-orig-file=\"https:\/\/www.comuna13online.com.ar\/wp-content\/uploads\/2023\/11\/20231122a_04.jpg\" data-orig-size=\"678,1017\" data-comments-opened=\"0\" data-image-meta=\"{&quot;aperture&quot;:&quot;0&quot;,&quot;credit&quot;:&quot;&quot;,&quot;camera&quot;:&quot;&quot;,&quot;caption&quot;:&quot;&quot;,&quot;created_timestamp&quot;:&quot;0&quot;,&quot;copyright&quot;:&quot;&quot;,&quot;focal_length&quot;:&quot;0&quot;,&quot;iso&quot;:&quot;0&quot;,&quot;shutter_speed&quot;:&quot;0&quot;,&quot;title&quot;:&quot;&quot;,&quot;orientation&quot;:&quot;0&quot;}\" data-image-title=\"20231122a_04\" data-image-description=\"\" data-image-caption=\"\" data-large-file=\"https:\/\/www.comuna13online.com.ar\/wp-content\/uploads\/2023\/11\/20231122a_04.jpg\" src=\"https:\/\/www.comuna13online.com.ar\/wp-content\/uploads\/2023\/11\/20231122a_04.jpg\" alt=\"\" class=\"wp-image-17977\"\/><\/figure>\n\n\n\n<div style=\"height:15px\" aria-hidden=\"true\" class=\"wp-block-spacer\"><\/div>\n\n\n\n<h3 class=\"wp-block-heading\">Competencias<\/h3>\n\n\n\n<p>Entre las propuestas m\u00e1s destacadas de la\u00a0<strong>Competencia Internacional\u00a0<\/strong>encontramos: la extenuante La mesita del comedor, directo desde Espa\u00f1a; la segunda parte de la \u00e9pica animada de Ayar Blasco, Lava 2: El nuevo show de Narciso; la extra\u00f1a e hipn\u00f3tica Daughter of the Sun; la mezcla de ciencia ficci\u00f3n y erotismo que proponen los directores Nicanor Loreti y Gabriel Grieco en Mar.IA y una rareza desde Turqu\u00eda: The Funeral, una oscura f\u00e1bula entre un cuidador y una mujer demon\u00edaca que no est\u00e1 viva ni muerta.<\/p>\n\n\n\n<p>En&nbsp;<strong>Competencia Iberoamericana:<\/strong>&nbsp;el documental sobre el cine de terror argentino desde sus inicios Otra pel\u00edcula maldita dirigido por Alberto Fasce y Mario Varela; la cautivante animaci\u00f3n colombiana\/brasilera La otra forma; el humor negro y pi\u00f1as patadas de Os reviento desde Espa\u00f1a; y la sexualmente extra\u00f1a Eros Thanatos, directo desde Chile.<\/p>\n\n\n\n<p>Nuevamente, y dada la cantidad grande de material que recibimos, tendremos una&nbsp;<strong>Competencia Argentina<\/strong>&nbsp;con el regreso de Pablo Par\u00e9s a la comedia bizarra con Marisa y Gomoso; la querible y luminosa Lavander\u00eda Nancy Sport; Dark Tales, una propuesta coral y epis\u00f3dica con im\u00e1genes desconcertantes; y las coproducciones The Caregiver y Ghost Project, que vuelven a unir lazos entre Estados Unidos y nuestro pa\u00eds.<\/p>\n\n\n\n<p>Entre los<strong>&nbsp;Documentales<\/strong>&nbsp;encontramos rarezas como Isla Alien, una cr\u00f3nica sobre un caso relevante de avistamiento ufol\u00f3gico que se termina convirtiendo en un registro documental sobre la dictadura de Pinochet; o Life After de NeverEnding Story, una carta de amor sobre ese cl\u00e1sico llamado La historia sin fin con la participaci\u00f3n de todos sus responsables.<\/p>\n\n\n\n<div style=\"height:15px\" aria-hidden=\"true\" class=\"wp-block-spacer\"><\/div>\n\n\n\n<h3 class=\"wp-block-heading\">Programaci\u00f3n<\/h3>\n\n\n\n<div style=\"height:15px\" aria-hidden=\"true\" class=\"wp-block-spacer\"><\/div>\n\n\n\n<figure class=\"wp-block-image size-full\"><img loading=\"lazy\" decoding=\"async\" width=\"678\" height=\"452\" data-attachment-id=\"17976\" data-permalink=\"https:\/\/www.comuna13online.com.ar\/?attachment_id=17976\" data-orig-file=\"https:\/\/www.comuna13online.com.ar\/wp-content\/uploads\/2023\/11\/20231122a_03.jpg\" data-orig-size=\"678,452\" data-comments-opened=\"0\" data-image-meta=\"{&quot;aperture&quot;:&quot;0&quot;,&quot;credit&quot;:&quot;&quot;,&quot;camera&quot;:&quot;&quot;,&quot;caption&quot;:&quot;&quot;,&quot;created_timestamp&quot;:&quot;0&quot;,&quot;copyright&quot;:&quot;&quot;,&quot;focal_length&quot;:&quot;0&quot;,&quot;iso&quot;:&quot;0&quot;,&quot;shutter_speed&quot;:&quot;0&quot;,&quot;title&quot;:&quot;&quot;,&quot;orientation&quot;:&quot;0&quot;}\" data-image-title=\"20231122a_03\" data-image-description=\"\" data-image-caption=\"\" data-large-file=\"https:\/\/www.comuna13online.com.ar\/wp-content\/uploads\/2023\/11\/20231122a_03.jpg\" src=\"https:\/\/www.comuna13online.com.ar\/wp-content\/uploads\/2023\/11\/20231122a_03.jpg\" alt=\"\" class=\"wp-image-17976\" srcset=\"https:\/\/www.comuna13online.com.ar\/wp-content\/uploads\/2023\/11\/20231122a_03.jpg 678w, https:\/\/www.comuna13online.com.ar\/wp-content\/uploads\/2023\/11\/20231122a_03-272x182.jpg 272w\" sizes=\"auto, (max-width: 678px) 100vw, 678px\" \/><\/figure>\n\n\n\n<p><a href=\"https:\/\/rojosangre.quintadimension.com\/2.0\/wp-content\/themes\/bars2013\/resources\/bars2023\/bars2023_programme.jpg\" data-type=\"link\" data-id=\"https:\/\/rojosangre.quintadimension.com\/2.0\/wp-content\/themes\/bars2013\/resources\/bars2023\/bars2023_programme.jpg\" target=\"_blank\" rel=\"noreferrer noopener\"><strong>Descargar programaci\u00f3n<\/strong><\/a><\/p>\n\n\n\n<p>Encontra toda la informaci\u00f3n en\u00a0<a rel=\"noreferrer noopener\" href=\"https:\/\/rojosangre.quintadimension.com\/2.0\/\" target=\"_blank\">festivalrojosangre.com.ar<\/a><\/p>\n","protected":false},"excerpt":{"rendered":"<div class=\"mh-excerpt\">Del 23 de noviembre al 3 de diciembre llega una nueva edici\u00f3n del Festival Internacional de cine de terror, fant\u00e1stico y bizarro Buenos Aires Rojo Sangre, conoce toda la programaci\u00f3n. <a class=\"mh-excerpt-more\" href=\"https:\/\/www.comuna13online.com.ar\/?p=17975\" title=\"Buenos Aires Rojo Sangre en el Multiplex Belgrano\">[&#8230;]<\/a><\/div>\n","protected":false},"author":1,"featured_media":17980,"comment_status":"closed","ping_status":"closed","sticky":false,"template":"","format":"standard","meta":{"_uag_custom_page_level_css":"","_jetpack_memberships_contains_paid_content":false,"footnotes":"","jetpack_publicize_message":"","jetpack_publicize_feature_enabled":true,"jetpack_social_post_already_shared":true,"jetpack_social_options":{"image_generator_settings":{"template":"highway","default_image_id":0,"font":"","enabled":false},"version":2}},"categories":[151],"tags":[60,153,250,296,71],"class_list":{"0":"post-17975","1":"post","2":"type-post","3":"status-publish","4":"format-standard","5":"has-post-thumbnail","7":"category-festivales","8":"tag-cultura","9":"tag-festivales","10":"tag-h2","11":"tag-h3","12":"tag-tiempo-libre"},"jetpack_publicize_connections":[],"jetpack_featured_media_url":"https:\/\/www.comuna13online.com.ar\/wp-content\/uploads\/2023\/11\/20231122a_id.jpg","uagb_featured_image_src":{"full":["https:\/\/www.comuna13online.com.ar\/wp-content\/uploads\/2023\/11\/20231122a_id.jpg",678,381,false],"thumbnail":["https:\/\/www.comuna13online.com.ar\/wp-content\/uploads\/2023\/11\/20231122a_id.jpg",128,72,false],"medium":["https:\/\/www.comuna13online.com.ar\/wp-content\/uploads\/2023\/11\/20231122a_id.jpg",678,381,false],"medium_large":["https:\/\/www.comuna13online.com.ar\/wp-content\/uploads\/2023\/11\/20231122a_id.jpg",678,381,false],"large":["https:\/\/www.comuna13online.com.ar\/wp-content\/uploads\/2023\/11\/20231122a_id.jpg",678,381,false],"1536x1536":["https:\/\/www.comuna13online.com.ar\/wp-content\/uploads\/2023\/11\/20231122a_id.jpg",678,381,false],"2048x2048":["https:\/\/www.comuna13online.com.ar\/wp-content\/uploads\/2023\/11\/20231122a_id.jpg",678,381,false],"mh-magazine-slider":["https:\/\/www.comuna13online.com.ar\/wp-content\/uploads\/2023\/11\/20231122a_id.jpg",678,381,false],"mh-magazine-content":["https:\/\/www.comuna13online.com.ar\/wp-content\/uploads\/2023\/11\/20231122a_id.jpg",678,381,false],"mh-magazine-large":["https:\/\/www.comuna13online.com.ar\/wp-content\/uploads\/2023\/11\/20231122a_id.jpg",678,381,false],"mh-magazine-medium":["https:\/\/www.comuna13online.com.ar\/wp-content\/uploads\/2023\/11\/20231122a_id-326x245.jpg",326,245,true],"mh-magazine-small":["https:\/\/www.comuna13online.com.ar\/wp-content\/uploads\/2023\/11\/20231122a_id-80x60.jpg",80,60,true],"sow-carousel-default":["https:\/\/www.comuna13online.com.ar\/wp-content\/uploads\/2023\/11\/20231122a_id-272x182.jpg",272,182,true]},"uagb_author_info":{"display_name":"Comuna13","author_link":"https:\/\/www.comuna13online.com.ar\/?author=1"},"uagb_comment_info":0,"uagb_excerpt":"Del 23 de noviembre al 3 de diciembre llega una nueva edici\u00f3n del Festival Internacional de cine de terror, fant\u00e1stico y bizarro Buenos Aires Rojo Sangre, conoce toda la programaci\u00f3n. [...]","jetpack_sharing_enabled":true,"_links":{"self":[{"href":"https:\/\/www.comuna13online.com.ar\/index.php?rest_route=\/wp\/v2\/posts\/17975","targetHints":{"allow":["GET"]}}],"collection":[{"href":"https:\/\/www.comuna13online.com.ar\/index.php?rest_route=\/wp\/v2\/posts"}],"about":[{"href":"https:\/\/www.comuna13online.com.ar\/index.php?rest_route=\/wp\/v2\/types\/post"}],"author":[{"embeddable":true,"href":"https:\/\/www.comuna13online.com.ar\/index.php?rest_route=\/wp\/v2\/users\/1"}],"replies":[{"embeddable":true,"href":"https:\/\/www.comuna13online.com.ar\/index.php?rest_route=%2Fwp%2Fv2%2Fcomments&post=17975"}],"version-history":[{"count":0,"href":"https:\/\/www.comuna13online.com.ar\/index.php?rest_route=\/wp\/v2\/posts\/17975\/revisions"}],"wp:featuredmedia":[{"embeddable":true,"href":"https:\/\/www.comuna13online.com.ar\/index.php?rest_route=\/wp\/v2\/media\/17980"}],"wp:attachment":[{"href":"https:\/\/www.comuna13online.com.ar\/index.php?rest_route=%2Fwp%2Fv2%2Fmedia&parent=17975"}],"wp:term":[{"taxonomy":"category","embeddable":true,"href":"https:\/\/www.comuna13online.com.ar\/index.php?rest_route=%2Fwp%2Fv2%2Fcategories&post=17975"},{"taxonomy":"post_tag","embeddable":true,"href":"https:\/\/www.comuna13online.com.ar\/index.php?rest_route=%2Fwp%2Fv2%2Ftags&post=17975"}],"curies":[{"name":"wp","href":"https:\/\/api.w.org\/{rel}","templated":true}]}}