{"id":1786,"date":"2018-06-22T19:24:10","date_gmt":"2018-06-22T22:24:10","guid":{"rendered":"http:\/\/www.comuna13online.com.ar\/?p=1786"},"modified":"2018-06-27T11:14:06","modified_gmt":"2018-06-27T14:14:06","slug":"la-legislatura-coloco-una-placa-en-homenaje-a-soda-stereo-pero-debio-retirarla-por-mal-escrita","status":"publish","type":"post","link":"https:\/\/www.comuna13online.com.ar\/?p=1786","title":{"rendered":"La Legislatura coloc\u00f3 una placa en homenaje a Soda Stereo, pero debi\u00f3 retirarla por mal escrita"},"content":{"rendered":"<p><strong>Esta ma\u00f1ana se realiz\u00f3 un acto frente a la casa de Charly Alberti en el barrio de Belgrano donde naci\u00f3 la emblem\u00e1tica banda, la placa fue retirada por estar incorrecta.<\/strong><\/p>\n<p><img loading=\"lazy\" decoding=\"async\" data-attachment-id=\"1790\" data-permalink=\"https:\/\/www.comuna13online.com.ar\/?attachment_id=1790\" data-orig-file=\"https:\/\/www.comuna13online.com.ar\/wp-content\/uploads\/2018\/06\/20180622b2.jpg\" data-orig-size=\"678,381\" data-comments-opened=\"0\" data-image-meta=\"{&quot;aperture&quot;:&quot;0&quot;,&quot;credit&quot;:&quot;&quot;,&quot;camera&quot;:&quot;&quot;,&quot;caption&quot;:&quot;&quot;,&quot;created_timestamp&quot;:&quot;0&quot;,&quot;copyright&quot;:&quot;&quot;,&quot;focal_length&quot;:&quot;0&quot;,&quot;iso&quot;:&quot;0&quot;,&quot;shutter_speed&quot;:&quot;0&quot;,&quot;title&quot;:&quot;&quot;,&quot;orientation&quot;:&quot;0&quot;}\" data-image-title=\"20180622b2\" data-image-description=\"\" data-image-caption=\"\" data-large-file=\"https:\/\/www.comuna13online.com.ar\/wp-content\/uploads\/2018\/06\/20180622b2.jpg\" class=\"alignnone size-full wp-image-1790\" src=\"http:\/\/www.comuna13online.com.ar\/wp-content\/uploads\/2018\/06\/20180622b2.jpg\" alt=\"\" width=\"678\" height=\"381\" \/><\/p>\n<p>La Legislatura de la Ciudad de Buenos Aires ten\u00eda previsto homenajear a la legendaria banda Soda Stereo que integraron Gustavo Cerati, Zeta Bosio y\u00a0 Charly Alberti, el acto consist\u00eda en instalar una placa en la casa que perteneci\u00f3 al Alberti al momento de la creaci\u00f3n de la banda, donde su garage fue utilizado como sala de ensayo en esos momentos.<\/p>\n<p>La vivienda est\u00e1 ubicada\u00a0\u00a0en la intersecci\u00f3n de las calles Victorino de la Plaza y Almirante Sixto Barilari en el barrio Belgrano,\u00a0\u201cEsquina Soda Estereo. Aqu\u00ed naci\u00f3 la banda \u00edcono del rock nacional y latinoamericano\u201d, se lee en la placa realizada por la Legislatura Porte\u00f1a, pero el error tallado en el m\u00e1rmol el hasta vergonzoso, ya que el nombre del tr\u00edo no es Soda <strong>Est\u00e9reo<\/strong>, sino <strong>Stereo<\/strong>.<\/p>\n<p>El equ\u00edvoco causo sorpresa y hasta algunas risas, Charly Alberti y Zeta Bosio quienes estuvieron presentes durante el acto no hicieron reclamos por el hecho, hasta contaron una an\u00e9cdota de cuando se intentaba dar a conocer el nombre en sus primeros pasos,\u00a0 el primer graffiti se pint\u00f3 en una pared de Avenida Las Heras y Rep\u00fablica de la India y se cometi\u00f3 la misma equivocaci\u00f3n.<\/p>\n<p><img loading=\"lazy\" decoding=\"async\" data-attachment-id=\"1789\" data-permalink=\"https:\/\/www.comuna13online.com.ar\/?attachment_id=1789\" data-orig-file=\"https:\/\/www.comuna13online.com.ar\/wp-content\/uploads\/2018\/06\/20180622b1.jpg\" data-orig-size=\"678,381\" data-comments-opened=\"0\" data-image-meta=\"{&quot;aperture&quot;:&quot;0&quot;,&quot;credit&quot;:&quot;&quot;,&quot;camera&quot;:&quot;&quot;,&quot;caption&quot;:&quot;&quot;,&quot;created_timestamp&quot;:&quot;0&quot;,&quot;copyright&quot;:&quot;&quot;,&quot;focal_length&quot;:&quot;0&quot;,&quot;iso&quot;:&quot;0&quot;,&quot;shutter_speed&quot;:&quot;0&quot;,&quot;title&quot;:&quot;&quot;,&quot;orientation&quot;:&quot;0&quot;}\" data-image-title=\"20180622b1\" data-image-description=\"\" data-image-caption=\"\" data-large-file=\"https:\/\/www.comuna13online.com.ar\/wp-content\/uploads\/2018\/06\/20180622b1.jpg\" class=\"alignnone size-full wp-image-1789\" src=\"http:\/\/www.comuna13online.com.ar\/wp-content\/uploads\/2018\/06\/20180622b1.jpg\" alt=\"\" width=\"678\" height=\"381\" \/><\/p>\n<p>Los diputados Daniel del Sol y Cristina Garc\u00eda de Aurteneche aseguraron\u00a0que la placa ser\u00e1 cambiada en los pr\u00f3ximos d\u00edas y as\u00ed arreglar el error, en tanto que la Legislatura hizo un pedido de disculpas a trav\u00e9s de su cuenta oficial de Twitter.<\/p>\n<div align=\"center\">\n<blockquote class=\"twitter-tweet\" data-lang=\"es\">\n<p dir=\"ltr\" lang=\"es\">Lamentamos el error en la producci\u00f3n de la placa homenaje a Soda Stereo descubierta este viernes. La pieza ser\u00e1 reemplazada a la brevedad<\/p>\n<p>\u2014 Legislatura CABA (@LegisCABA) <a href=\"https:\/\/twitter.com\/LegisCABA\/status\/1010237971797331968?ref_src=twsrc%5Etfw\">22 de junio de 2018<\/a><\/p><\/blockquote>\n<p><script async src=\"https:\/\/platform.twitter.com\/widgets.js\" charset=\"utf-8\"><\/script><\/p>\n<\/div>\n<blockquote><p>Y Adem\u00e1s\u00a0envi\u00f3 un comunicado de prensa en la que se deslig\u00f3 del error culpando a la empresa encargada del armado de la placa.<br \/>\n\u00abDesde la Legislatura de la Ciudad queremos agradecerle a Charly Alberti, Zeta Bosio y Laura Cerati, hermana de Gustavo, por acompa\u00f1arnos en el homenaje de este mediod\u00eda en la casa donde naci\u00f3 la banda, en Victorino de la Plaza y Barilari\u00bb, detalla el escrito.<br \/>\n\u00abA su vez, les pedimos disculpas a los fan\u00e1ticos por el error involuntario y ajeno a la Legislatura en la placa que descubrimos, que ser\u00e1 solucionado a la brevedad para que podamos disfrutar del merecido reconocimiento\u00bb.<br \/>\n\u00abAdem\u00e1s, queremos aclarar que el texto del proyecto aprobado en 2017 estaba correctamente escrito\u00bb, finaliza el comunicado junto pedido con el texto que deb\u00eda ir escrito en la placa.<\/p><\/blockquote>\n<p style=\"text-align: center;\"><img loading=\"lazy\" decoding=\"async\" data-attachment-id=\"1787\" data-permalink=\"https:\/\/www.comuna13online.com.ar\/?attachment_id=1787\" data-orig-file=\"https:\/\/www.comuna13online.com.ar\/wp-content\/uploads\/2018\/06\/20180622b3.jpg\" data-orig-size=\"678,381\" data-comments-opened=\"0\" data-image-meta=\"{&quot;aperture&quot;:&quot;0&quot;,&quot;credit&quot;:&quot;&quot;,&quot;camera&quot;:&quot;&quot;,&quot;caption&quot;:&quot;&quot;,&quot;created_timestamp&quot;:&quot;0&quot;,&quot;copyright&quot;:&quot;&quot;,&quot;focal_length&quot;:&quot;0&quot;,&quot;iso&quot;:&quot;0&quot;,&quot;shutter_speed&quot;:&quot;0&quot;,&quot;title&quot;:&quot;&quot;,&quot;orientation&quot;:&quot;0&quot;}\" data-image-title=\"20180622b3\" data-image-description=\"\" data-image-caption=\"\" data-large-file=\"https:\/\/www.comuna13online.com.ar\/wp-content\/uploads\/2018\/06\/20180622b3.jpg\" class=\"aligncenter wp-image-1787 size-full\" src=\"http:\/\/www.comuna13online.com.ar\/wp-content\/uploads\/2018\/06\/20180622b3.jpg\" alt=\"\" width=\"678\" height=\"381\" \/><span style=\"color: #999999;\">Laura Cerati, Chary Alberti y Zeta Bosio<\/span><\/p>\n<p>&nbsp;<\/p>\n<p style=\"text-align: right;\"><span style=\"color: #999999;\">Fotos: Adri\u00e1n Esc\u00e1ndar \/ Teleshow<\/span><\/p>\n","protected":false},"excerpt":{"rendered":"<div class=\"mh-excerpt\">Esta ma\u00f1ana se realiz\u00f3 un acto frente a la casa de Charly Alberti en el barrio de Belgrano donde naci\u00f3 la emblem\u00e1tica banda, la placa fue retirada por estar incorrecta. <a class=\"mh-excerpt-more\" href=\"https:\/\/www.comuna13online.com.ar\/?p=1786\" title=\"La Legislatura coloc\u00f3 una placa en homenaje a Soda Stereo, pero debi\u00f3 retirarla por mal escrita\">[&#8230;]<\/a><\/div>\n","protected":false},"author":1,"featured_media":1788,"comment_status":"closed","ping_status":"closed","sticky":false,"template":"","format":"standard","meta":{"_uag_custom_page_level_css":"","_jetpack_memberships_contains_paid_content":false,"footnotes":"","jetpack_publicize_message":"","jetpack_publicize_feature_enabled":true,"jetpack_social_post_already_shared":true,"jetpack_social_options":{"image_generator_settings":{"template":"highway","default_image_id":0,"font":"","enabled":false},"version":2}},"categories":[145],"tags":[19,7,146],"class_list":{"0":"post-1786","1":"post","2":"type-post","3":"status-publish","4":"format-standard","5":"has-post-thumbnail","7":"category-reconocimiento","8":"tag-comuna-13","9":"tag-legislatura","10":"tag-reconocimiento"},"jetpack_publicize_connections":[],"jetpack_featured_media_url":"https:\/\/www.comuna13online.com.ar\/wp-content\/uploads\/2018\/06\/20180622b.jpg","uagb_featured_image_src":{"full":["https:\/\/www.comuna13online.com.ar\/wp-content\/uploads\/2018\/06\/20180622b.jpg",1030,438,false],"thumbnail":["https:\/\/www.comuna13online.com.ar\/wp-content\/uploads\/2018\/06\/20180622b-150x150.jpg",96,96,true],"medium":["https:\/\/www.comuna13online.com.ar\/wp-content\/uploads\/2018\/06\/20180622b-678x288.jpg",678,288,true],"medium_large":["https:\/\/www.comuna13online.com.ar\/wp-content\/uploads\/2018\/06\/20180622b-768x327.jpg",768,327,true],"large":["https:\/\/www.comuna13online.com.ar\/wp-content\/uploads\/2018\/06\/20180622b.jpg",1030,438,false],"1536x1536":["https:\/\/www.comuna13online.com.ar\/wp-content\/uploads\/2018\/06\/20180622b.jpg",1030,438,false],"2048x2048":["https:\/\/www.comuna13online.com.ar\/wp-content\/uploads\/2018\/06\/20180622b.jpg",1030,438,false],"mh-magazine-slider":["https:\/\/www.comuna13online.com.ar\/wp-content\/uploads\/2018\/06\/20180622b.jpg",1030,438,false],"mh-magazine-content":["https:\/\/www.comuna13online.com.ar\/wp-content\/uploads\/2018\/06\/20180622b-678x381.jpg",678,381,true],"mh-magazine-large":["https:\/\/www.comuna13online.com.ar\/wp-content\/uploads\/2018\/06\/20180622b-678x438.jpg",678,438,true],"mh-magazine-medium":["https:\/\/www.comuna13online.com.ar\/wp-content\/uploads\/2018\/06\/20180622b-326x245.jpg",326,245,true],"mh-magazine-small":["https:\/\/www.comuna13online.com.ar\/wp-content\/uploads\/2018\/06\/20180622b-80x60.jpg",80,60,true],"sow-carousel-default":["https:\/\/www.comuna13online.com.ar\/wp-content\/uploads\/2018\/06\/20180622b-272x182.jpg",272,182,true]},"uagb_author_info":{"display_name":"Comuna13","author_link":"https:\/\/www.comuna13online.com.ar\/?author=1"},"uagb_comment_info":0,"uagb_excerpt":"Esta ma\u00f1ana se realiz\u00f3 un acto frente a la casa de Charly Alberti en el barrio de Belgrano donde naci\u00f3 la emblem\u00e1tica banda, la placa fue retirada por estar incorrecta. [...]","jetpack_sharing_enabled":true,"_links":{"self":[{"href":"https:\/\/www.comuna13online.com.ar\/index.php?rest_route=\/wp\/v2\/posts\/1786","targetHints":{"allow":["GET"]}}],"collection":[{"href":"https:\/\/www.comuna13online.com.ar\/index.php?rest_route=\/wp\/v2\/posts"}],"about":[{"href":"https:\/\/www.comuna13online.com.ar\/index.php?rest_route=\/wp\/v2\/types\/post"}],"author":[{"embeddable":true,"href":"https:\/\/www.comuna13online.com.ar\/index.php?rest_route=\/wp\/v2\/users\/1"}],"replies":[{"embeddable":true,"href":"https:\/\/www.comuna13online.com.ar\/index.php?rest_route=%2Fwp%2Fv2%2Fcomments&post=1786"}],"version-history":[{"count":0,"href":"https:\/\/www.comuna13online.com.ar\/index.php?rest_route=\/wp\/v2\/posts\/1786\/revisions"}],"wp:featuredmedia":[{"embeddable":true,"href":"https:\/\/www.comuna13online.com.ar\/index.php?rest_route=\/wp\/v2\/media\/1788"}],"wp:attachment":[{"href":"https:\/\/www.comuna13online.com.ar\/index.php?rest_route=%2Fwp%2Fv2%2Fmedia&parent=1786"}],"wp:term":[{"taxonomy":"category","embeddable":true,"href":"https:\/\/www.comuna13online.com.ar\/index.php?rest_route=%2Fwp%2Fv2%2Fcategories&post=1786"},{"taxonomy":"post_tag","embeddable":true,"href":"https:\/\/www.comuna13online.com.ar\/index.php?rest_route=%2Fwp%2Fv2%2Ftags&post=1786"}],"curies":[{"name":"wp","href":"https:\/\/api.w.org\/{rel}","templated":true}]}}