{"id":17790,"date":"2023-10-11T07:51:00","date_gmt":"2023-10-11T10:51:00","guid":{"rendered":"https:\/\/www.comuna13online.com.ar\/?p=17790"},"modified":"2023-10-10T20:01:02","modified_gmt":"2023-10-10T23:01:02","slug":"la-10-edicion-del-festival-asterisco-es-de-interes-para-la-ciudad","status":"publish","type":"post","link":"https:\/\/www.comuna13online.com.ar\/?p=17790","title":{"rendered":"La 10\u00b0 edici\u00f3n del Festival Asterisco es de Inter\u00e9s para la Ciudad"},"content":{"rendered":"\n<p><strong>La Legislatura de la Ciudad destac\u00f3 a la iniciativa que tiene el fin de propiciar un evento cultural acorde a un contexto de avanzada en materia de g\u00e9neros y diversidades.<\/strong><\/p>\n\n\n\n<figure class=\"wp-block-image size-full\"><img loading=\"lazy\" decoding=\"async\" width=\"678\" height=\"381\" data-attachment-id=\"17791\" data-permalink=\"https:\/\/www.comuna13online.com.ar\/?attachment_id=17791\" data-orig-file=\"https:\/\/www.comuna13online.com.ar\/wp-content\/uploads\/2023\/10\/20231011a_id.jpg\" data-orig-size=\"678,381\" data-comments-opened=\"0\" data-image-meta=\"{&quot;aperture&quot;:&quot;0&quot;,&quot;credit&quot;:&quot;&quot;,&quot;camera&quot;:&quot;&quot;,&quot;caption&quot;:&quot;&quot;,&quot;created_timestamp&quot;:&quot;0&quot;,&quot;copyright&quot;:&quot;&quot;,&quot;focal_length&quot;:&quot;0&quot;,&quot;iso&quot;:&quot;0&quot;,&quot;shutter_speed&quot;:&quot;0&quot;,&quot;title&quot;:&quot;&quot;,&quot;orientation&quot;:&quot;0&quot;}\" data-image-title=\"20231011a_id\" data-image-description=\"\" data-image-caption=\"\" data-large-file=\"https:\/\/www.comuna13online.com.ar\/wp-content\/uploads\/2023\/10\/20231011a_id.jpg\" src=\"https:\/\/www.comuna13online.com.ar\/wp-content\/uploads\/2023\/10\/20231011a_id.jpg\" alt=\"\" class=\"wp-image-17791\"\/><\/figure>\n\n\n\n<div style=\"height:15px\" aria-hidden=\"true\" class=\"wp-block-spacer\"><\/div>\n\n\n\n<p>Por medio de un proyecto presentado por la legisladora Luc\u00eda C\u00e1mpora, Frente de Todos, el Cuerpo Legislativo de la Ciudad declar\u00f3 de Inter\u00e9s para la promoci\u00f3n de los derechos de las mujeres y diversidades a la 10\u00b0 edici\u00f3n del Festival Asterisco, que se realizar\u00e1 del 25 de octubre al 5 de noviembre de este a\u00f1o. El acto se llev\u00f3 a cabo en el sal\u00f3n Presidente Alfons\u00edn y cont\u00f3 con la presencia de la diputada y autora del proyecto, Luc\u00eda C\u00e1mpora y el actual director de Asterisco, Diego Trerotola.<\/p>\n\n\n\n<p><em>\u201cFelicitarlos y agradecerles por permitirnos ser parte a trav\u00e9s de este reconocimiento, pero sobre todo asistir a un festival que entendemos que es un grito de defensa y conquista de derechos. Y que hace de esta sociedad una mejor\u201d<\/em>, destac\u00f3 <strong>Luc\u00eda C\u00e1mpora<\/strong> en el inicio de las alocuciones.<\/p>\n\n\n\n<p>Finalmente, <strong>Diego Trerotola <\/strong>agradeci\u00f3 a la diputada por el reconocimiento y manifest\u00f3: <em>\u201cEl Festival Asterisco tiene diez a\u00f1os y me parece ins\u00f3lito porque no hay ning\u00fan evento LGBTIQ+ que cumpla diez a\u00f1os en general y que hayan sostenido su lucha todo ese tiempo\u201d<\/em>. Y resalt\u00f3 la conquista de derechos a trav\u00e9s de leyes importantes como la Ley de Identidad de G\u00e9nero y la Ley de Matrimonio Igualitario: <em>\u201cEse cambio cultural es algo que sentimos desde Asterisco\u201d<\/em>.<\/p>\n\n\n\n<p>Asterisco es un Festival Internacional de Cine LGBTIQ+ que nace en el a\u00f1o 2014 con el fin de propiciar un evento cultural acorde a un contexto de avanzada en materia de g\u00e9neros y diversidades tal como la sanci\u00f3n de la Ley de Matrimonio Igualitario (Ley N\u00b0 26618) y la Ley de Identidad de G\u00e9nero (N\u00b0 26.743).<\/p>\n\n\n\n<p>Este espacio se propone celebrar, a trav\u00e9s de la difusi\u00f3n de producciones audiovisuales, las diversas y m\u00faltiples maneras de ser, amar y estar en el mundo; de relacionarse y formar familias, de convivir en equidad y respetar las diferencias. Adem\u00e1s, uno de sus objetivos principales es garantizar el acceso a las pel\u00edculas, funciones y actividades, con funciones gratuitas o a un muy bajo costo en todas sus ediciones presenciales.<\/p>\n","protected":false},"excerpt":{"rendered":"<div class=\"mh-excerpt\">La Legislatura de la Ciudad destac\u00f3 a la iniciativa que tiene el fin de propiciar un evento cultural acorde a un contexto de avanzada en materia de g\u00e9neros y diversidades. <a class=\"mh-excerpt-more\" href=\"https:\/\/www.comuna13online.com.ar\/?p=17790\" title=\"La 10\u00b0 edici\u00f3n del Festival Asterisco es de Inter\u00e9s para la Ciudad\">[&#8230;]<\/a><\/div>\n","protected":false},"author":1,"featured_media":17791,"comment_status":"closed","ping_status":"closed","sticky":false,"template":"","format":"standard","meta":{"_uag_custom_page_level_css":"","_jetpack_memberships_contains_paid_content":false,"footnotes":"","jetpack_publicize_message":"","jetpack_publicize_feature_enabled":true,"jetpack_social_post_already_shared":true,"jetpack_social_options":{"image_generator_settings":{"template":"highway","default_image_id":0,"font":"","enabled":false},"version":2}},"categories":[145],"tags":[250,296,7,146],"class_list":{"0":"post-17790","1":"post","2":"type-post","3":"status-publish","4":"format-standard","5":"has-post-thumbnail","7":"category-reconocimiento","8":"tag-h2","9":"tag-h3","10":"tag-legislatura","11":"tag-reconocimiento"},"jetpack_publicize_connections":[],"jetpack_featured_media_url":"https:\/\/www.comuna13online.com.ar\/wp-content\/uploads\/2023\/10\/20231011a_id.jpg","uagb_featured_image_src":{"full":["https:\/\/www.comuna13online.com.ar\/wp-content\/uploads\/2023\/10\/20231011a_id.jpg",678,381,false],"thumbnail":["https:\/\/www.comuna13online.com.ar\/wp-content\/uploads\/2023\/10\/20231011a_id.jpg",128,72,false],"medium":["https:\/\/www.comuna13online.com.ar\/wp-content\/uploads\/2023\/10\/20231011a_id.jpg",678,381,false],"medium_large":["https:\/\/www.comuna13online.com.ar\/wp-content\/uploads\/2023\/10\/20231011a_id.jpg",678,381,false],"large":["https:\/\/www.comuna13online.com.ar\/wp-content\/uploads\/2023\/10\/20231011a_id.jpg",678,381,false],"1536x1536":["https:\/\/www.comuna13online.com.ar\/wp-content\/uploads\/2023\/10\/20231011a_id.jpg",678,381,false],"2048x2048":["https:\/\/www.comuna13online.com.ar\/wp-content\/uploads\/2023\/10\/20231011a_id.jpg",678,381,false],"mh-magazine-slider":["https:\/\/www.comuna13online.com.ar\/wp-content\/uploads\/2023\/10\/20231011a_id.jpg",678,381,false],"mh-magazine-content":["https:\/\/www.comuna13online.com.ar\/wp-content\/uploads\/2023\/10\/20231011a_id.jpg",678,381,false],"mh-magazine-large":["https:\/\/www.comuna13online.com.ar\/wp-content\/uploads\/2023\/10\/20231011a_id.jpg",678,381,false],"mh-magazine-medium":["https:\/\/www.comuna13online.com.ar\/wp-content\/uploads\/2023\/10\/20231011a_id-326x245.jpg",326,245,true],"mh-magazine-small":["https:\/\/www.comuna13online.com.ar\/wp-content\/uploads\/2023\/10\/20231011a_id-80x60.jpg",80,60,true],"sow-carousel-default":["https:\/\/www.comuna13online.com.ar\/wp-content\/uploads\/2023\/10\/20231011a_id-272x182.jpg",272,182,true]},"uagb_author_info":{"display_name":"Comuna13","author_link":"https:\/\/www.comuna13online.com.ar\/?author=1"},"uagb_comment_info":0,"uagb_excerpt":"La Legislatura de la Ciudad destac\u00f3 a la iniciativa que tiene el fin de propiciar un evento cultural acorde a un contexto de avanzada en materia de g\u00e9neros y diversidades. [...]","jetpack_sharing_enabled":true,"_links":{"self":[{"href":"https:\/\/www.comuna13online.com.ar\/index.php?rest_route=\/wp\/v2\/posts\/17790","targetHints":{"allow":["GET"]}}],"collection":[{"href":"https:\/\/www.comuna13online.com.ar\/index.php?rest_route=\/wp\/v2\/posts"}],"about":[{"href":"https:\/\/www.comuna13online.com.ar\/index.php?rest_route=\/wp\/v2\/types\/post"}],"author":[{"embeddable":true,"href":"https:\/\/www.comuna13online.com.ar\/index.php?rest_route=\/wp\/v2\/users\/1"}],"replies":[{"embeddable":true,"href":"https:\/\/www.comuna13online.com.ar\/index.php?rest_route=%2Fwp%2Fv2%2Fcomments&post=17790"}],"version-history":[{"count":0,"href":"https:\/\/www.comuna13online.com.ar\/index.php?rest_route=\/wp\/v2\/posts\/17790\/revisions"}],"wp:featuredmedia":[{"embeddable":true,"href":"https:\/\/www.comuna13online.com.ar\/index.php?rest_route=\/wp\/v2\/media\/17791"}],"wp:attachment":[{"href":"https:\/\/www.comuna13online.com.ar\/index.php?rest_route=%2Fwp%2Fv2%2Fmedia&parent=17790"}],"wp:term":[{"taxonomy":"category","embeddable":true,"href":"https:\/\/www.comuna13online.com.ar\/index.php?rest_route=%2Fwp%2Fv2%2Fcategories&post=17790"},{"taxonomy":"post_tag","embeddable":true,"href":"https:\/\/www.comuna13online.com.ar\/index.php?rest_route=%2Fwp%2Fv2%2Ftags&post=17790"}],"curies":[{"name":"wp","href":"https:\/\/api.w.org\/{rel}","templated":true}]}}