{"id":17767,"date":"2023-10-02T06:58:00","date_gmt":"2023-10-02T09:58:00","guid":{"rendered":"https:\/\/www.comuna13online.com.ar\/?p=17767"},"modified":"2023-10-02T19:22:58","modified_gmt":"2023-10-02T22:22:58","slug":"actividades-del-gobierno-porteno-en-el-mes-de-la-rcp","status":"publish","type":"post","link":"https:\/\/www.comuna13online.com.ar\/?p=17767","title":{"rendered":"Actividades del Gobierno porte\u00f1o en el mes de la RCP"},"content":{"rendered":"\n<p><strong>Durante todo octubre, el Ministerio de Justicia y Seguridad porte\u00f1o propiciar\u00e1 diferentes instancias de capacitaci\u00f3n sobre las maniobras de reanimaci\u00f3n cardiopulmonar y la importancia de esta t\u00e9cnica para salvar vidas.<\/strong><\/p>\n\n\n\n<figure class=\"wp-block-image size-full\"><img loading=\"lazy\" decoding=\"async\" width=\"678\" height=\"452\" data-attachment-id=\"14826\" data-permalink=\"https:\/\/www.comuna13online.com.ar\/?attachment_id=14826\" data-orig-file=\"https:\/\/www.comuna13online.com.ar\/wp-content\/uploads\/2022\/02\/20220217a_01.jpg\" data-orig-size=\"678,452\" data-comments-opened=\"0\" data-image-meta=\"{&quot;aperture&quot;:&quot;0&quot;,&quot;credit&quot;:&quot;&quot;,&quot;camera&quot;:&quot;&quot;,&quot;caption&quot;:&quot;&quot;,&quot;created_timestamp&quot;:&quot;0&quot;,&quot;copyright&quot;:&quot;&quot;,&quot;focal_length&quot;:&quot;0&quot;,&quot;iso&quot;:&quot;0&quot;,&quot;shutter_speed&quot;:&quot;0&quot;,&quot;title&quot;:&quot;&quot;,&quot;orientation&quot;:&quot;0&quot;}\" data-image-title=\"20220217a_01\" data-image-description=\"\" data-image-caption=\"\" data-large-file=\"https:\/\/www.comuna13online.com.ar\/wp-content\/uploads\/2022\/02\/20220217a_01.jpg\" src=\"http:\/\/www.comuna13online.com.ar\/wp-content\/uploads\/2022\/02\/20220217a_01.jpg\" alt=\"\" class=\"wp-image-14826\" srcset=\"https:\/\/www.comuna13online.com.ar\/wp-content\/uploads\/2022\/02\/20220217a_01.jpg 678w, https:\/\/www.comuna13online.com.ar\/wp-content\/uploads\/2022\/02\/20220217a_01-272x182.jpg 272w\" sizes=\"auto, (max-width: 678px) 100vw, 678px\" \/><\/figure>\n\n\n\n<div style=\"height:20px\" aria-hidden=\"true\" class=\"wp-block-spacer\"><\/div>\n\n\n\n<p>La Ciudad de Buenos Aires se prepara para conmemorar el D\u00eda Mundial de la Reanimaci\u00f3n Cardiopulmonar (RCP) el pr\u00f3ximo 16 de octubre de 2023 con una serie de actividades que destacan la importancia de esta t\u00e9cnica para salvar vidas. Durante todo el mes de octubre, el Ministerio de Justicia y Seguridad propiciar\u00e1, a lo largo de la Ciudad, diferentes instancias de capacitaci\u00f3n en maniobras de RCP a la comunidad.<\/p>\n\n\n\n<p>Estas actividades son una oportunidad invaluable que nos permite marcar la diferencia a la hora de enfrentarnos a una situaci\u00f3n de emergencia. Pudiendo, de este modo, generar en la comunidad una mayor seguridad y preparaci\u00f3n para actuar en momentos cruciales.<\/p>\n\n\n\n<div style=\"height:20px\" aria-hidden=\"true\" class=\"wp-block-spacer\"><\/div>\n\n\n\n<h4 class=\"wp-block-heading\">Capacitaciones en Esquinas de la Ciudad<\/h4>\n\n\n\n<p>En diversas esquinas de la Ciudad de Buenos Aires, el personal de la Direcci\u00f3n General de Defensa Civil estar\u00e1 ense\u00f1ando maniobras de RCP a las personas que pasen por estas ubicaciones. Las fechas programadas son el 3, 18 y 27 de octubre a las 14 hs, en las intersecciones de Pueyrred\u00f3n y Las Heras (Comuna 2), Virrey V\u00e9rtiz y Juramento (Comuna 13), y Santa Fe y Juan B. Justo (Comuna 14) respectivamente. La actividad tendr\u00e1 una duraci\u00f3n m\u00e1xima de 60 minutos y consiste en que las personas que pasen por la zona, dirigidas por el personal id\u00f3neo de Defensa Civil, efect\u00faen pr\u00e1cticas de maniobras de RCP por tiempo y con confirmaci\u00f3n de su buena realizaci\u00f3n.<\/p>\n\n\n\n<h4 class=\"wp-block-heading\">RCP en Espacios Verdes<\/h4>\n\n\n\n<p>En la Reserva Ecol\u00f3gica Costanera Sur, el personal de la Direcci\u00f3n General de Defensa Civil explicar\u00e1 las maniobras de RCP a los visitantes interesados. La fecha programada es el 5 de octubre a las 16 hs y luego, de 10 a 14 hs los d\u00edas 10, 17, 24 y 31 de octubre. La actividad tendr\u00e1 una duraci\u00f3n m\u00e1xima de 60 minutos y consiste en que las personas que pasen por la zona dirigidas por el personal id\u00f3neo de Defensa Civil efect\u00faen pr\u00e1cticas de maniobras de RCP por tiempo y con confirmaci\u00f3n de su buena realizaci\u00f3n<\/p>\n\n\n\n<h4 class=\"wp-block-heading\">RCP en Barrios de la Ciudad<\/h4>\n\n\n\n<p>El 11 de octubre a las 10.30 hs, en el Barrio 20 de Villa Lugano en la Plaza Marie Curie, Juana Moro y Albari\u00f1o (frente a edificio Cesac 18), se llevar\u00e1 a cabo una capacitaci\u00f3n en RCP dirigida a los vecinos del barrio. La jornada comenzar\u00e1 con una exposici\u00f3n te\u00f3rica a cargo de los capacitadores, seguida de la pr\u00e1ctica correspondiente. Esta actividad est\u00e1 organizada en colaboraci\u00f3n con el Instituto de Vivienda de la Ciudad (IVC).<\/p>\n\n\n\n<h4 class=\"wp-block-heading\">Jornada Masiva de RCP<\/h4>\n\n\n\n<p>El evento m\u00e1s destacado del mes se celebrar\u00e1 el 28 de octubre de 12 hs a 18 hs en el Parque Tres de Febrero, espec\u00edficamente en la intersecci\u00f3n de las calles Av. Iraola entre Av. Infanta Isabel y Av. Sarmiento, en el sector estaci\u00f3n saludable Rosedal. Esta jornada masiva tiene como objetivo capacitar entre 50 y 60 personas simult\u00e1neamente en las t\u00e9cnicas de RCP. Comenzar\u00e1 con una breve charla informativa, seguida de la pr\u00e1ctica supervisada por instructores.<\/p>\n\n\n\n<h4 class=\"wp-block-heading\">RCP en Colegios<\/h4>\n\n\n\n<p>El 9 de octubre a las 14 hs, se brindar\u00e1 capacitaci\u00f3n en RCP en el Jard\u00edn Oliden, , el 11 a las 9 hs en el Instituto Sagrada Familia de Lugano, el 19 de 10 a 12 hs en la Escuela Normal Superior N\u00b04 de 8, el 20 de 10 a 12.30 en el Jard\u00edn Cosa de Chicos, el 23 a las 14 y a las 16 hs en el Colegio Nicol\u00e1s Avellaneda, el 24 de 10 a 12 hs en el Instituto Marie Manoogian, ese mismo d\u00eda a las 10 hs en el Colegio Manuel Belgrano, el 25 a las 18 hs en la Escuela N\u00b017 de 9 \u201cBlas Parera\u201d, el 26 de 10 a 12 hs en la Escuela Normal Superior N\u00b04 de 8, el 30 de 10 a 12 hs en el Instituto Nuestra Se\u00f1ora de la Misericordia y el 31 a las 9 y a las 11 hs en el Colegio Nicol\u00e1s Avellaneda.<\/p>\n\n\n\n<p>Los cursos se dictar\u00e1n a grupos de hasta 50 alumnos de 4\u00b0 a 7\u00b0 grado de nivel primario y nivel secundario completo en colegios p\u00fablicos y privados de la Ciudad de Buenos Aires. Esta actividad se llevar\u00e1 a cabo en colaboraci\u00f3n con los establecimientos educativos y comenzar\u00e1 con una exposici\u00f3n te\u00f3rica seguida de la pr\u00e1ctica correspondiente.<\/p>\n","protected":false},"excerpt":{"rendered":"<div class=\"mh-excerpt\">Durante todo octubre, el Ministerio de Justicia y Seguridad porte\u00f1o propiciar\u00e1 diferentes instancias de capacitaci\u00f3n sobre las maniobras de reanimaci\u00f3n cardiopulmonar y la importancia de esta t\u00e9cnica para salvar vidas. <a class=\"mh-excerpt-more\" href=\"https:\/\/www.comuna13online.com.ar\/?p=17767\" title=\"Actividades del Gobierno porte\u00f1o en el mes de la RCP\">[&#8230;]<\/a><\/div>\n","protected":false},"author":1,"featured_media":14827,"comment_status":"closed","ping_status":"closed","sticky":false,"template":"","format":"standard","meta":{"_uag_custom_page_level_css":"","_jetpack_memberships_contains_paid_content":false,"footnotes":"","jetpack_publicize_message":"","jetpack_publicize_feature_enabled":true,"jetpack_social_post_already_shared":true,"jetpack_social_options":{"image_generator_settings":{"template":"highway","default_image_id":0,"font":"","enabled":false},"version":2}},"categories":[9],"tags":[252,250,296,45],"class_list":{"0":"post-17767","1":"post","2":"type-post","3":"status-publish","4":"format-standard","5":"has-post-thumbnail","7":"category-ciudad","8":"tag-emergencias","9":"tag-h2","10":"tag-h3","11":"tag-salud"},"jetpack_publicize_connections":[],"jetpack_featured_media_url":"https:\/\/www.comuna13online.com.ar\/wp-content\/uploads\/2022\/02\/20220217a_id.jpg","uagb_featured_image_src":{"full":["https:\/\/www.comuna13online.com.ar\/wp-content\/uploads\/2022\/02\/20220217a_id.jpg",678,452,false],"thumbnail":["https:\/\/www.comuna13online.com.ar\/wp-content\/uploads\/2022\/02\/20220217a_id.jpg",128,85,false],"medium":["https:\/\/www.comuna13online.com.ar\/wp-content\/uploads\/2022\/02\/20220217a_id.jpg",678,452,false],"medium_large":["https:\/\/www.comuna13online.com.ar\/wp-content\/uploads\/2022\/02\/20220217a_id.jpg",678,452,false],"large":["https:\/\/www.comuna13online.com.ar\/wp-content\/uploads\/2022\/02\/20220217a_id.jpg",678,452,false],"1536x1536":["https:\/\/www.comuna13online.com.ar\/wp-content\/uploads\/2022\/02\/20220217a_id.jpg",678,452,false],"2048x2048":["https:\/\/www.comuna13online.com.ar\/wp-content\/uploads\/2022\/02\/20220217a_id.jpg",678,452,false],"mh-magazine-slider":["https:\/\/www.comuna13online.com.ar\/wp-content\/uploads\/2022\/02\/20220217a_id-678x438.jpg",678,438,true],"mh-magazine-content":["https:\/\/www.comuna13online.com.ar\/wp-content\/uploads\/2022\/02\/20220217a_id-678x381.jpg",678,381,true],"mh-magazine-large":["https:\/\/www.comuna13online.com.ar\/wp-content\/uploads\/2022\/02\/20220217a_id.jpg",678,452,false],"mh-magazine-medium":["https:\/\/www.comuna13online.com.ar\/wp-content\/uploads\/2022\/02\/20220217a_id-326x245.jpg",326,245,true],"mh-magazine-small":["https:\/\/www.comuna13online.com.ar\/wp-content\/uploads\/2022\/02\/20220217a_id-80x60.jpg",80,60,true],"sow-carousel-default":["https:\/\/www.comuna13online.com.ar\/wp-content\/uploads\/2022\/02\/20220217a_id-272x182.jpg",272,182,true]},"uagb_author_info":{"display_name":"Comuna13","author_link":"https:\/\/www.comuna13online.com.ar\/?author=1"},"uagb_comment_info":0,"uagb_excerpt":"Durante todo octubre, el Ministerio de Justicia y Seguridad porte\u00f1o propiciar\u00e1 diferentes instancias de capacitaci\u00f3n sobre las maniobras de reanimaci\u00f3n cardiopulmonar y la importancia de esta t\u00e9cnica para salvar vidas. [...]","jetpack_sharing_enabled":true,"_links":{"self":[{"href":"https:\/\/www.comuna13online.com.ar\/index.php?rest_route=\/wp\/v2\/posts\/17767","targetHints":{"allow":["GET"]}}],"collection":[{"href":"https:\/\/www.comuna13online.com.ar\/index.php?rest_route=\/wp\/v2\/posts"}],"about":[{"href":"https:\/\/www.comuna13online.com.ar\/index.php?rest_route=\/wp\/v2\/types\/post"}],"author":[{"embeddable":true,"href":"https:\/\/www.comuna13online.com.ar\/index.php?rest_route=\/wp\/v2\/users\/1"}],"replies":[{"embeddable":true,"href":"https:\/\/www.comuna13online.com.ar\/index.php?rest_route=%2Fwp%2Fv2%2Fcomments&post=17767"}],"version-history":[{"count":0,"href":"https:\/\/www.comuna13online.com.ar\/index.php?rest_route=\/wp\/v2\/posts\/17767\/revisions"}],"wp:featuredmedia":[{"embeddable":true,"href":"https:\/\/www.comuna13online.com.ar\/index.php?rest_route=\/wp\/v2\/media\/14827"}],"wp:attachment":[{"href":"https:\/\/www.comuna13online.com.ar\/index.php?rest_route=%2Fwp%2Fv2%2Fmedia&parent=17767"}],"wp:term":[{"taxonomy":"category","embeddable":true,"href":"https:\/\/www.comuna13online.com.ar\/index.php?rest_route=%2Fwp%2Fv2%2Fcategories&post=17767"},{"taxonomy":"post_tag","embeddable":true,"href":"https:\/\/www.comuna13online.com.ar\/index.php?rest_route=%2Fwp%2Fv2%2Ftags&post=17767"}],"curies":[{"name":"wp","href":"https:\/\/api.w.org\/{rel}","templated":true}]}}