{"id":17740,"date":"2023-09-27T19:31:50","date_gmt":"2023-09-27T22:31:50","guid":{"rendered":"https:\/\/www.comuna13online.com.ar\/?p=17740"},"modified":"2023-09-27T19:34:42","modified_gmt":"2023-09-27T22:34:42","slug":"campana-de-donacion-de-sangre-en-river","status":"publish","type":"post","link":"https:\/\/www.comuna13online.com.ar\/?p=17740","title":{"rendered":"Campa\u00f1a de donaci\u00f3n de sangre en River"},"content":{"rendered":"\n<p><strong>En el marco del D\u00eda Internacional del Hincha de River, este jueves 28 de septiembre de 2023, el club llevar\u00e1 a cabo esta iniciativa en el Sal\u00f3n de Usos M\u00faltiples.<\/strong><\/p>\n\n\n\n<div style=\"height:5px\" aria-hidden=\"true\" class=\"wp-block-spacer\"><\/div>\n\n\n\n<figure class=\"wp-block-image size-full\"><img loading=\"lazy\" decoding=\"async\" width=\"678\" height=\"381\" data-attachment-id=\"17744\" data-permalink=\"https:\/\/www.comuna13online.com.ar\/?attachment_id=17744\" data-orig-file=\"https:\/\/www.comuna13online.com.ar\/wp-content\/uploads\/2023\/09\/20230927c_id.jpg\" data-orig-size=\"678,381\" data-comments-opened=\"0\" data-image-meta=\"{&quot;aperture&quot;:&quot;0&quot;,&quot;credit&quot;:&quot;&quot;,&quot;camera&quot;:&quot;&quot;,&quot;caption&quot;:&quot;&quot;,&quot;created_timestamp&quot;:&quot;0&quot;,&quot;copyright&quot;:&quot;&quot;,&quot;focal_length&quot;:&quot;0&quot;,&quot;iso&quot;:&quot;0&quot;,&quot;shutter_speed&quot;:&quot;0&quot;,&quot;title&quot;:&quot;&quot;,&quot;orientation&quot;:&quot;0&quot;}\" data-image-title=\"20230927c_id\" data-image-description=\"\" data-image-caption=\"\" data-large-file=\"https:\/\/www.comuna13online.com.ar\/wp-content\/uploads\/2023\/09\/20230927c_id.jpg\" src=\"https:\/\/www.comuna13online.com.ar\/wp-content\/uploads\/2023\/09\/20230927c_id.jpg\" alt=\"\" class=\"wp-image-17744\"\/><\/figure>\n\n\n\n<div style=\"height:15px\" aria-hidden=\"true\" class=\"wp-block-spacer\"><\/div>\n\n\n\n<p>Al igual que el a\u00f1o pasado, en donde hubo r\u00e9cord de donantes, River vuelve a abrir sus puertas para que los hinchas se acerquen. Es importante destacar que los interesados deber\u00e1n anotarse previamente <strong><em><a rel=\"noreferrer noopener\" href=\"https:\/\/v2.soloturnos.com\/agenda\/hemocentro1\" data-type=\"link\" data-id=\"https:\/\/v2.soloturnos.com\/agenda\/hemocentro1\" target=\"_blank\">aqu\u00ed<\/a><\/em><\/strong> y cumplir una serie de requisitos:<\/p>\n\n\n\n<p>  \u25aa  Llevar DNI.<br>  \u25aa  Tener entre 16 y 65 a\u00f1os.<br>  \u25aa  Pesar m\u00e1s de 50 kg.<br>  \u25aa  2 meses desde la \u00faltima donaci\u00f3n.<br>  \u25aa  6 meses desde el \u00faltimo tatuaje.<br>  \u25aa  Dormir m\u00e1s de 6 horas.<br>  \u25aa  Desayunar y\/o almorzar.<br>  \u25aa  Tener buen estado general de salud.<br>  \u25aa  \u00a1\u00a1Tener muchas ganas de salvar vidas!!<\/p>\n\n\n\n<p><strong><em><a href=\"https:\/\/v2.soloturnos.com\/agenda\/hemocentro1\" data-type=\"link\" data-id=\"https:\/\/v2.soloturnos.com\/agenda\/hemocentro1\" target=\"_blank\" rel=\"noreferrer noopener\">Inscribirse aqu\u00ed<\/a><\/em><\/strong><\/p>\n\n\n\n<p>Fecha: jueves 28 de septiembre.<br>Horario: de 9 a 15.<br>Lugar: SUM.<\/p>\n\n\n\n<p>El ingreso ser\u00e1 por Figueroa Alcorta y S\u00e1enz Valiente y deber\u00e1n presentar DNI para poder ingresar al SUM.<\/p>\n\n\n\n<div style=\"height:20px\" aria-hidden=\"true\" class=\"wp-block-spacer\"><\/div>\n<div align=\"center\">\n<blockquote class=\"twitter-tweet\"><p lang=\"es\" dir=\"ltr\">\u00a1Compart\u00ed la pasi\u00f3n que corre por tus venas. Don\u00e1 sangre, don\u00e1 vida!<br><br>Te invitamos a participar el Jueves 28\/9 de 9 a 15hs, en el SUM de los Quinchos Internos del club.<br>Para eso, debes anotarte previamente a trav\u00e9s de este link:<a href=\"https:\/\/t.co\/s8kVoxX2ox\">https:\/\/t.co\/s8kVoxX2ox<\/a> <a href=\"https:\/\/t.co\/e3DkUI252H\">pic.twitter.com\/e3DkUI252H<\/a><\/p>&mdash; Fundaci\u00f3n River (@FundacionRiver) <a href=\"https:\/\/twitter.com\/FundacionRiver\/status\/1707092237824238049?ref_src=twsrc%5Etfw\">September 27, 2023<\/a><\/blockquote> <script async src=\"https:\/\/platform.twitter.com\/widgets.js\" charset=\"utf-8\"><\/script>\n<\/div>\n<div style=\"height:20px\" aria-hidden=\"true\" class=\"wp-block-spacer\"><\/div>\n\n\n\n<p><strong>Transporte cercano: <\/strong><br><em>Colectivos: 28, 34, 37, 42, 57, 107, 152, 160 y 166<\/em>.<br><em>Trenes: Ciudad Universitaria (Belgrano Norte).<\/em><\/p>\n\n\n\n<p><strong>Sab\u00edas que pod\u00e9s donar si\u2026<br><\/strong><em>Te hiciste un tatuaje o piercing y pasaron 6 meses.<\/em><br><em>Tuviste Hepatitis A antes de los 12 a\u00f1os.<\/em><br><em>Tuviste COVID, pod\u00e9s donar despu\u00e9s de 30 d\u00edas de haber recibido el resultado negativo.<\/em><br><em>Te vacunaste, pod\u00e9s donar despu\u00e9s de las 72 horas.<\/em><\/p>\n","protected":false},"excerpt":{"rendered":"<div class=\"mh-excerpt\">En el marco del D\u00eda Internacional del Hincha de River, este jueves 28 de septiembre de 2023, el club llevar\u00e1 a cabo esta iniciativa en el Sal\u00f3n de Usos M\u00faltiples. <a class=\"mh-excerpt-more\" href=\"https:\/\/www.comuna13online.com.ar\/?p=17740\" title=\"Campa\u00f1a de donaci\u00f3n de sangre en River\">[&#8230;]<\/a><\/div>\n","protected":false},"author":1,"featured_media":17744,"comment_status":"closed","ping_status":"closed","sticky":false,"template":"","format":"standard","meta":{"_uag_custom_page_level_css":"","_jetpack_memberships_contains_paid_content":false,"footnotes":"","jetpack_publicize_message":"","jetpack_publicize_feature_enabled":true,"jetpack_social_post_already_shared":true,"jetpack_social_options":{"image_generator_settings":{"template":"highway","default_image_id":0,"font":"","enabled":false},"version":2}},"categories":[197],"tags":[19,116,250,296,90],"class_list":{"0":"post-17740","1":"post","2":"type-post","3":"status-publish","4":"format-standard","5":"has-post-thumbnail","7":"category-solidaridad","8":"tag-comuna-13","9":"tag-donacion-de-sangre","10":"tag-h2","11":"tag-h3","12":"tag-solidaridad"},"jetpack_publicize_connections":[],"jetpack_featured_media_url":"https:\/\/www.comuna13online.com.ar\/wp-content\/uploads\/2023\/09\/20230927c_id.jpg","uagb_featured_image_src":{"full":["https:\/\/www.comuna13online.com.ar\/wp-content\/uploads\/2023\/09\/20230927c_id.jpg",678,381,false],"thumbnail":["https:\/\/www.comuna13online.com.ar\/wp-content\/uploads\/2023\/09\/20230927c_id.jpg",128,72,false],"medium":["https:\/\/www.comuna13online.com.ar\/wp-content\/uploads\/2023\/09\/20230927c_id.jpg",678,381,false],"medium_large":["https:\/\/www.comuna13online.com.ar\/wp-content\/uploads\/2023\/09\/20230927c_id.jpg",678,381,false],"large":["https:\/\/www.comuna13online.com.ar\/wp-content\/uploads\/2023\/09\/20230927c_id.jpg",678,381,false],"1536x1536":["https:\/\/www.comuna13online.com.ar\/wp-content\/uploads\/2023\/09\/20230927c_id.jpg",678,381,false],"2048x2048":["https:\/\/www.comuna13online.com.ar\/wp-content\/uploads\/2023\/09\/20230927c_id.jpg",678,381,false],"mh-magazine-slider":["https:\/\/www.comuna13online.com.ar\/wp-content\/uploads\/2023\/09\/20230927c_id.jpg",678,381,false],"mh-magazine-content":["https:\/\/www.comuna13online.com.ar\/wp-content\/uploads\/2023\/09\/20230927c_id.jpg",678,381,false],"mh-magazine-large":["https:\/\/www.comuna13online.com.ar\/wp-content\/uploads\/2023\/09\/20230927c_id.jpg",678,381,false],"mh-magazine-medium":["https:\/\/www.comuna13online.com.ar\/wp-content\/uploads\/2023\/09\/20230927c_id-326x245.jpg",326,245,true],"mh-magazine-small":["https:\/\/www.comuna13online.com.ar\/wp-content\/uploads\/2023\/09\/20230927c_id-80x60.jpg",80,60,true],"sow-carousel-default":["https:\/\/www.comuna13online.com.ar\/wp-content\/uploads\/2023\/09\/20230927c_id-272x182.jpg",272,182,true]},"uagb_author_info":{"display_name":"Comuna13","author_link":"https:\/\/www.comuna13online.com.ar\/?author=1"},"uagb_comment_info":0,"uagb_excerpt":"En el marco del D\u00eda Internacional del Hincha de River, este jueves 28 de septiembre de 2023, el club llevar\u00e1 a cabo esta iniciativa en el Sal\u00f3n de Usos M\u00faltiples. [...]","jetpack_sharing_enabled":true,"_links":{"self":[{"href":"https:\/\/www.comuna13online.com.ar\/index.php?rest_route=\/wp\/v2\/posts\/17740","targetHints":{"allow":["GET"]}}],"collection":[{"href":"https:\/\/www.comuna13online.com.ar\/index.php?rest_route=\/wp\/v2\/posts"}],"about":[{"href":"https:\/\/www.comuna13online.com.ar\/index.php?rest_route=\/wp\/v2\/types\/post"}],"author":[{"embeddable":true,"href":"https:\/\/www.comuna13online.com.ar\/index.php?rest_route=\/wp\/v2\/users\/1"}],"replies":[{"embeddable":true,"href":"https:\/\/www.comuna13online.com.ar\/index.php?rest_route=%2Fwp%2Fv2%2Fcomments&post=17740"}],"version-history":[{"count":0,"href":"https:\/\/www.comuna13online.com.ar\/index.php?rest_route=\/wp\/v2\/posts\/17740\/revisions"}],"wp:featuredmedia":[{"embeddable":true,"href":"https:\/\/www.comuna13online.com.ar\/index.php?rest_route=\/wp\/v2\/media\/17744"}],"wp:attachment":[{"href":"https:\/\/www.comuna13online.com.ar\/index.php?rest_route=%2Fwp%2Fv2%2Fmedia&parent=17740"}],"wp:term":[{"taxonomy":"category","embeddable":true,"href":"https:\/\/www.comuna13online.com.ar\/index.php?rest_route=%2Fwp%2Fv2%2Fcategories&post=17740"},{"taxonomy":"post_tag","embeddable":true,"href":"https:\/\/www.comuna13online.com.ar\/index.php?rest_route=%2Fwp%2Fv2%2Ftags&post=17740"}],"curies":[{"name":"wp","href":"https:\/\/api.w.org\/{rel}","templated":true}]}}