{"id":17643,"date":"2023-09-14T21:21:00","date_gmt":"2023-09-15T00:21:00","guid":{"rendered":"https:\/\/www.comuna13online.com.ar\/?p=17643"},"modified":"2023-09-18T09:35:45","modified_gmt":"2023-09-18T12:35:45","slug":"cortes-de-calles-en-nunez-durante-el-fin-de-semana","status":"publish","type":"post","link":"https:\/\/www.comuna13online.com.ar\/?p=17643","title":{"rendered":"Cortes de calles en N\u00fanez durante el fin de semana"},"content":{"rendered":"\n<p><strong>La Secretar\u00eda de Transporte y Obras P\u00fablicas de la Ciudad informo las cortes de tr\u00e1nsito que se realizar\u00e1n el s\u00e1bado 16  y domingo 17 de septiembre por dos eventos deportivos.<\/strong><\/p>\n\n\n\n<div style=\"height:20px\" aria-hidden=\"true\" class=\"wp-block-spacer\"><\/div>\n\n\n\n<p>Ironman Argentina realizar\u00e1 en los Lagos de Palermo el Triathlon 5150, mientras que en el Buenos Aires Lawn Tennis Club se desarrollar\u00e1 el encuentro por la Copa Davis entre Argentina y Lituania. A continuaci\u00f3n se detallan los cortes de tr\u00e1nsito que se realizar\u00e1n entre el s\u00e1bado 16 y domingo 17 de septiembre.<\/p>\n\n\n\n<h3 class=\"wp-block-heading\">Ironman<\/h3>\n\n\n\n<p><strong>Domingo 17 de septiembre desde las 3.30 hasta las 12 horas estimativamente:<\/strong><\/p>\n\n\n\n<p>\u25fe  Cortes totales de las siguientes salidas e ingreso a Lugones:<\/p>\n\n\n\n<p>    \u25fd  Salida de Udaondo.<br>    \u25fd  Salida e ingreso de Pampa.<br><strong>    \u25fd<\/strong>  Salida e ingreso de Omb\u00faes.<br>    \u25fd  Salida e ingreso de Dorrego.<br>    \u25fd  Salida de Sarmiento.<\/p>\n\n\n\n<p><strong>\u25fe<\/strong>  La subida de Salguero hacia Illia banda A quedar\u00e1 habilitada.<\/p>\n\n\n\n<div style=\"height:15px\" aria-hidden=\"true\" class=\"wp-block-spacer\"><\/div>\n\n\n\n<p><strong>Desde el jueves 14 de septiembre a las 8 h hasta el domingo 17 de septiembre a las 15 horas:<\/strong><\/p>\n\n\n\n<p>    \u25fd  Corte total en av. De Los Omb\u00faes entre Andr\u00e9s Bello y avenida Ernesto Tornquist, sin afectar esta \u00faltima.<\/p>\n\n\n\n<p>    \u25fd  Corte total en Andr\u00e9s Bello entre av. De Los Omb\u00faes e Int. Bunge, sin afectar esta \u00faltima.<\/p>\n\n\n\n<div style=\"height:15px\" aria-hidden=\"true\" class=\"wp-block-spacer\"><\/div>\n\n\n\n<p><strong>Domingo 17 de septiembre de 15 h a 18.30 horas:<\/strong><\/p>\n\n\n\n<p>    \u25fd  Corte total en Andr\u00e9s Bello entre av. De Los Omb\u00faes e Int. Bunge, sin afectar bocacalles.<\/p>\n\n\n\n<div style=\"height:20px\" aria-hidden=\"true\" class=\"wp-block-spacer\"><\/div>\n<div align=\"center\">\n<blockquote class=\"twitter-tweet\"><p lang=\"es\" dir=\"ltr\">\u26a0\ufe0f Corte de calles en N\u00fa\u00f1ez y alrededores \ud83d\udea7 Los d\u00edas 16 y 17 septiembre, la circulaci\u00f3n en la zona estar\u00e1 limitada por eventos deportivos. Te contamos que calles estar\u00e1n afectadas \ud83d\udc47 <a href=\"https:\/\/t.co\/vyXx1SQNDU\">pic.twitter.com\/vyXx1SQNDU<\/a><\/p>&mdash; Buenos Aires Ciudad (@gcba) <a href=\"https:\/\/twitter.com\/gcba\/status\/1703062515872346381?ref_src=twsrc%5Etfw\">September 16, 2023<\/a><\/blockquote> <script async src=\"https:\/\/platform.twitter.com\/widgets.js\" charset=\"utf-8\"><\/script>\n<\/div>\n<div style=\"height:20px\" aria-hidden=\"true\" class=\"wp-block-spacer\"><\/div>\n\n\n\n<h3 class=\"wp-block-heading\">Copa Davis Argentina &#8211; Lituania<\/h3>\n\n\n\n<p>\u25fd  <strong>Corte total en Agust\u00edn M\u00e9ndez entre Int. Pinedo y av. Valent\u00edn Alsina, sin afectar bocacalles.<\/strong> Desde el mi\u00e9rcoles 13 a las 00 hasta el lunes 18 a las 18 horas.<\/p>\n\n\n\n<p>\u25fd  <strong>Corte total (sentido este) en av. Valent\u00edn Alsina entre av. Olleros y Agust\u00edn M\u00e9ndez.<\/strong> Desde el s\u00e1bado 16 a las 00 hasta el domingo 17 de septiembre a las 23.59 horas.<\/p>\n\n\n\n<p>\u25fd  <strong>Corte total (sentido noreste) en av. Olleros entre av. Valent\u00edn Alsina y av. Del Libertador, sin afectar esta \u00faltima.<\/strong> Domingo 17 de septiembre de 0 a 23.59 horas.<\/p>\n\n\n\n<p>\u25fd  <strong>Corte total en av. Ernesto Tornquist entre av. De Los Omb\u00faes y av. Valent\u00edn Alsina, sin afectar esta \u00faltima.<\/strong> Domingo 17 de septiembre de 12 a 23.59 horas.<\/p>\n\n\n\n<p>\u25fd  <strong>Corte total en av. De Los Omb\u00faes entre Andres Bello y av. Valent\u00edn Alsina, sin afectar Andr\u00e9s Bello.<\/strong> Domingo 17 de septiembre de 15 a 23.59 horas.<\/p>\n\n\n\n<p><\/p>\n\n\n\n<h3 class=\"wp-block-heading\">Recorrido de ciclismo<\/h3>\n\n\n\n<p>Domingo 17 de septiembre de 7 h a 11 horas<\/p>\n\n\n\n<p>Cortes totales, moment\u00e1neos y sucesivos desde av. De Los Omb\u00faes entre Andr\u00e9s Bello y av. Ernesto Tornquist, por av. De Los Omb\u00faes, av. Pres. Figueroa Alcorta, La Pampa, av. Leopoldo Lugones (sentido sureste), hasta Jeronimo Salguero, retomando av. Leopoldo Lugones (sentido sureste), hasta Puente Labruna, retomando avenida Leopoldo Lugones (sentido sureste), bajando en La Pampa, av. Pres. Figueroa Alcorta, hasta av. De Los Omb\u00faes, repitiendo el circuito una dos veces m\u00e1s, finalizando en avenida De Los Omb\u00faes entre Andr\u00e9s Bello y av. Ernesto Tornquist.<\/p>\n\n\n\n<h3 class=\"wp-block-heading\">Recorrido running<\/h3>\n\n\n\n<p>Domingo 17 de septiembre de 8 h a 12 horas<\/p>\n\n\n\n<p>Cortes totales, moment\u00e1neos y sucesivos desde av. De Los Omb\u00faes entre Andr\u00e9s Bello y avenida Ernesto Tornquist, por av. De Los Omb\u00faes, avenida Pres. Figueroa Alcorta, La Pampa, avenida Leopoldo Lugones, av. Leopoldo Lugones (sentido sureste), hasta Puente Labruna, retomando av. Leopoldo Lugones (sentido sureste), bajando en La Pampa, av. Pres. Figueroa Alcorta, hasta av. De Los Omb\u00faes, repitiendo el circuito dos veces m\u00e1s, finalizando en av. De Los Omb\u00faes entre Andr\u00e9s Bello y av. Ernesto Tornquist.<\/p>\n\n\n\n<p><\/p>\n","protected":false},"excerpt":{"rendered":"<div class=\"mh-excerpt\">La Secretar\u00eda de Transporte y Obras P\u00fablicas de la Ciudad informo las cortes de tr\u00e1nsito que se realizar\u00e1n el s\u00e1bado 16 y domingo 17 de septiembre por dos eventos deportivos. <a class=\"mh-excerpt-more\" href=\"https:\/\/www.comuna13online.com.ar\/?p=17643\" title=\"Cortes de calles en N\u00fanez durante el fin de semana\">[&#8230;]<\/a><\/div>\n","protected":false},"author":1,"featured_media":17647,"comment_status":"closed","ping_status":"closed","sticky":false,"template":"","format":"standard","meta":{"_uag_custom_page_level_css":"","_jetpack_memberships_contains_paid_content":false,"footnotes":"","jetpack_publicize_message":"","jetpack_publicize_feature_enabled":false,"jetpack_social_post_already_shared":false,"jetpack_social_options":{"image_generator_settings":{"template":"highway","default_image_id":0,"font":"","enabled":false},"version":2}},"categories":[53],"tags":[19,250,296,54],"class_list":{"0":"post-17643","1":"post","2":"type-post","3":"status-publish","4":"format-standard","5":"has-post-thumbnail","7":"category-transito","8":"tag-comuna-13","9":"tag-h2","10":"tag-h3","11":"tag-transito"},"jetpack_publicize_connections":[],"jetpack_featured_media_url":"https:\/\/www.comuna13online.com.ar\/wp-content\/uploads\/2023\/09\/20230914b_id.jpg","uagb_featured_image_src":{"full":["https:\/\/www.comuna13online.com.ar\/wp-content\/uploads\/2023\/09\/20230914b_id.jpg",678,381,false],"thumbnail":["https:\/\/www.comuna13online.com.ar\/wp-content\/uploads\/2023\/09\/20230914b_id.jpg",128,72,false],"medium":["https:\/\/www.comuna13online.com.ar\/wp-content\/uploads\/2023\/09\/20230914b_id.jpg",678,381,false],"medium_large":["https:\/\/www.comuna13online.com.ar\/wp-content\/uploads\/2023\/09\/20230914b_id.jpg",678,381,false],"large":["https:\/\/www.comuna13online.com.ar\/wp-content\/uploads\/2023\/09\/20230914b_id.jpg",678,381,false],"1536x1536":["https:\/\/www.comuna13online.com.ar\/wp-content\/uploads\/2023\/09\/20230914b_id.jpg",678,381,false],"2048x2048":["https:\/\/www.comuna13online.com.ar\/wp-content\/uploads\/2023\/09\/20230914b_id.jpg",678,381,false],"mh-magazine-slider":["https:\/\/www.comuna13online.com.ar\/wp-content\/uploads\/2023\/09\/20230914b_id.jpg",678,381,false],"mh-magazine-content":["https:\/\/www.comuna13online.com.ar\/wp-content\/uploads\/2023\/09\/20230914b_id.jpg",678,381,false],"mh-magazine-large":["https:\/\/www.comuna13online.com.ar\/wp-content\/uploads\/2023\/09\/20230914b_id.jpg",678,381,false],"mh-magazine-medium":["https:\/\/www.comuna13online.com.ar\/wp-content\/uploads\/2023\/09\/20230914b_id-326x245.jpg",326,245,true],"mh-magazine-small":["https:\/\/www.comuna13online.com.ar\/wp-content\/uploads\/2023\/09\/20230914b_id-80x60.jpg",80,60,true],"sow-carousel-default":["https:\/\/www.comuna13online.com.ar\/wp-content\/uploads\/2023\/09\/20230914b_id-272x182.jpg",272,182,true]},"uagb_author_info":{"display_name":"Comuna13","author_link":"https:\/\/www.comuna13online.com.ar\/?author=1"},"uagb_comment_info":0,"uagb_excerpt":"La Secretar\u00eda de Transporte y Obras P\u00fablicas de la Ciudad informo las cortes de tr\u00e1nsito que se realizar\u00e1n el s\u00e1bado 16 y domingo 17 de septiembre por dos eventos deportivos. [...]","jetpack_sharing_enabled":true,"_links":{"self":[{"href":"https:\/\/www.comuna13online.com.ar\/index.php?rest_route=\/wp\/v2\/posts\/17643","targetHints":{"allow":["GET"]}}],"collection":[{"href":"https:\/\/www.comuna13online.com.ar\/index.php?rest_route=\/wp\/v2\/posts"}],"about":[{"href":"https:\/\/www.comuna13online.com.ar\/index.php?rest_route=\/wp\/v2\/types\/post"}],"author":[{"embeddable":true,"href":"https:\/\/www.comuna13online.com.ar\/index.php?rest_route=\/wp\/v2\/users\/1"}],"replies":[{"embeddable":true,"href":"https:\/\/www.comuna13online.com.ar\/index.php?rest_route=%2Fwp%2Fv2%2Fcomments&post=17643"}],"version-history":[{"count":0,"href":"https:\/\/www.comuna13online.com.ar\/index.php?rest_route=\/wp\/v2\/posts\/17643\/revisions"}],"wp:featuredmedia":[{"embeddable":true,"href":"https:\/\/www.comuna13online.com.ar\/index.php?rest_route=\/wp\/v2\/media\/17647"}],"wp:attachment":[{"href":"https:\/\/www.comuna13online.com.ar\/index.php?rest_route=%2Fwp%2Fv2%2Fmedia&parent=17643"}],"wp:term":[{"taxonomy":"category","embeddable":true,"href":"https:\/\/www.comuna13online.com.ar\/index.php?rest_route=%2Fwp%2Fv2%2Fcategories&post=17643"},{"taxonomy":"post_tag","embeddable":true,"href":"https:\/\/www.comuna13online.com.ar\/index.php?rest_route=%2Fwp%2Fv2%2Ftags&post=17643"}],"curies":[{"name":"wp","href":"https:\/\/api.w.org\/{rel}","templated":true}]}}