{"id":1713,"date":"2018-06-13T18:19:21","date_gmt":"2018-06-13T21:19:21","guid":{"rendered":"http:\/\/www.comuna13online.com.ar\/?p=1713"},"modified":"2018-06-13T18:19:21","modified_gmt":"2018-06-13T21:19:21","slug":"reconocimiento-de-la-legislatura-para-rodrigo-de-la-serna-y-su-banda-el-yotivenco","status":"publish","type":"post","link":"https:\/\/www.comuna13online.com.ar\/?p=1713","title":{"rendered":"Reconocimiento de la Legislatura para Rodrigo de la Serna y su banda El Yotivenco"},"content":{"rendered":"<p><strong>Los integrantes del cuarteto que interpreta m\u00fasica con ra\u00edces criollas fueron distinguidos como Personalidades Destacadas de la Ciudad de Buenos Aires, por su aporte de a\u00f1os a la cultura popular.<\/strong><\/p>\n<p><img loading=\"lazy\" decoding=\"async\" data-attachment-id=\"1718\" data-permalink=\"https:\/\/www.comuna13online.com.ar\/?attachment_id=1718\" data-orig-file=\"https:\/\/www.comuna13online.com.ar\/wp-content\/uploads\/2018\/06\/20180613a2.jpg\" data-orig-size=\"678,452\" data-comments-opened=\"0\" data-image-meta=\"{&quot;aperture&quot;:&quot;0&quot;,&quot;credit&quot;:&quot;&quot;,&quot;camera&quot;:&quot;&quot;,&quot;caption&quot;:&quot;&quot;,&quot;created_timestamp&quot;:&quot;0&quot;,&quot;copyright&quot;:&quot;&quot;,&quot;focal_length&quot;:&quot;0&quot;,&quot;iso&quot;:&quot;0&quot;,&quot;shutter_speed&quot;:&quot;0&quot;,&quot;title&quot;:&quot;&quot;,&quot;orientation&quot;:&quot;0&quot;}\" data-image-title=\"20180613a2\" data-image-description=\"\" data-image-caption=\"\" data-large-file=\"https:\/\/www.comuna13online.com.ar\/wp-content\/uploads\/2018\/06\/20180613a2-657x438.jpg\" class=\"alignnone size-full wp-image-1718\" src=\"http:\/\/www.comuna13online.com.ar\/wp-content\/uploads\/2018\/06\/20180613a2.jpg\" alt=\"\" width=\"678\" height=\"452\" srcset=\"https:\/\/www.comuna13online.com.ar\/wp-content\/uploads\/2018\/06\/20180613a2.jpg 678w, https:\/\/www.comuna13online.com.ar\/wp-content\/uploads\/2018\/06\/20180613a2-657x438.jpg 657w, https:\/\/www.comuna13online.com.ar\/wp-content\/uploads\/2018\/06\/20180613a2-272x182.jpg 272w\" sizes=\"auto, (max-width: 678px) 100vw, 678px\" \/><\/p>\n<p><strong>El Yotivenco<\/strong>, juego de palabras con conventillo, tiene como cantante a <strong>Rodrigo de la Serna<\/strong>, junto a <strong>Juan D\u00edaz Hermelo, Blas Alberti y Fabio Bramuglia<\/strong>. El cuarteto, que se form\u00f3 en el 2005, est\u00e1 integrado por tres guitarras y un guitarr\u00f3n, con <strong>Rodrigo de la Serna<\/strong> en la voz.<\/p>\n<p>Por iniciativa de la diputada <strong>Lorena Pokoik<\/strong> (Unidad Ciudadana), los integrantes del cuarteto fueron nombrados <strong>\u201cPersonalidades Destacadas de la Cultura\u201d,<\/strong> en un acto que se realiz\u00f3 en la Legislatura de la Ciudad Aut\u00f3noma de Buenos Aires.<\/p>\n<p><strong>El Yotivenco<\/strong> es una propuesta musical que plantea recorrer un camino hacia lo m\u00e1s profundo de las ra\u00edces musicales criollas. En su repertorio cuenta con tangos, milongas, murga, chamarritas, gatos cuyanos, rasguidos dobles y candombe.<\/p>\n<p><em>\u201cYa son muchos a\u00f1os que se form\u00f3 este hermoso grupo y es un honor reconocerlos por el aporte que realizan a la cultura\u201d<\/em>, expres\u00f3 <strong>Pokoik<\/strong> en sus palabras de bienvenida. La diputada tambi\u00e9n remarc\u00f3 que <em>\u201ces un grupo que reivindica las ra\u00edces; que no se form\u00f3 en la idea del \u00e9xito. Hoy llenan teatros pero tocan en rincones de nuestra patria y eso habla del compromiso y la sensibilidad social\u201d.<\/em><\/p>\n<p>Posteriormente fue el turno de los homenajeados, quienes agradecieron la distinci\u00f3n de la Legislatura, pero en particular a sus maestros de m\u00fasica y al acompa\u00f1amiento de sus familias. <em>\u201cEstoy francamente emocionado. Fueron muchos a\u00f1os de amor entre hombres, entre seres humanos. <strong>El Yotivenco<\/strong> es un colectivo cultural que abarca a mucha gente\u201d<\/em>, sostuvo <strong>Rodrigo de la Serna.<\/strong><\/p>\n<p><img loading=\"lazy\" decoding=\"async\" data-attachment-id=\"1717\" data-permalink=\"https:\/\/www.comuna13online.com.ar\/?attachment_id=1717\" data-orig-file=\"https:\/\/www.comuna13online.com.ar\/wp-content\/uploads\/2018\/06\/20180613a1.jpg\" data-orig-size=\"678,452\" data-comments-opened=\"0\" data-image-meta=\"{&quot;aperture&quot;:&quot;0&quot;,&quot;credit&quot;:&quot;&quot;,&quot;camera&quot;:&quot;&quot;,&quot;caption&quot;:&quot;&quot;,&quot;created_timestamp&quot;:&quot;0&quot;,&quot;copyright&quot;:&quot;&quot;,&quot;focal_length&quot;:&quot;0&quot;,&quot;iso&quot;:&quot;0&quot;,&quot;shutter_speed&quot;:&quot;0&quot;,&quot;title&quot;:&quot;&quot;,&quot;orientation&quot;:&quot;0&quot;}\" data-image-title=\"20180613a1\" data-image-description=\"\" data-image-caption=\"\" data-large-file=\"https:\/\/www.comuna13online.com.ar\/wp-content\/uploads\/2018\/06\/20180613a1-657x438.jpg\" class=\"alignnone size-full wp-image-1717\" src=\"http:\/\/www.comuna13online.com.ar\/wp-content\/uploads\/2018\/06\/20180613a1.jpg\" alt=\"\" width=\"678\" height=\"452\" srcset=\"https:\/\/www.comuna13online.com.ar\/wp-content\/uploads\/2018\/06\/20180613a1.jpg 678w, https:\/\/www.comuna13online.com.ar\/wp-content\/uploads\/2018\/06\/20180613a1-657x438.jpg 657w, https:\/\/www.comuna13online.com.ar\/wp-content\/uploads\/2018\/06\/20180613a1-272x182.jpg 272w\" sizes=\"auto, (max-width: 678px) 100vw, 678px\" \/><\/p>\n<p>Los integrantes del cuarteto, luego de recibir el diploma que los certifica como <strong>Personalidades Destacadas de la Cultura<\/strong> porte\u00f1a, tocaron parte del repertorio que tienen previsto interpretar en la pr\u00f3xima presentaci\u00f3n de la banda, que ser\u00e1 el 15 de junio en el Teatro \u00d3pera.<\/p>\n","protected":false},"excerpt":{"rendered":"<div class=\"mh-excerpt\">Los integrantes del cuarteto que interpreta m\u00fasica con ra\u00edces criollas fueron distinguidos como Personalidades Destacadas de la Ciudad de Buenos Aires, por su aporte de a\u00f1os a la cultura popular. <a class=\"mh-excerpt-more\" href=\"https:\/\/www.comuna13online.com.ar\/?p=1713\" title=\"Reconocimiento de la Legislatura para Rodrigo de la Serna y su banda El Yotivenco\">[&#8230;]<\/a><\/div>\n","protected":false},"author":1,"featured_media":1716,"comment_status":"closed","ping_status":"closed","sticky":false,"template":"","format":"standard","meta":{"_uag_custom_page_level_css":"","_jetpack_memberships_contains_paid_content":false,"footnotes":"","jetpack_publicize_message":"","jetpack_publicize_feature_enabled":true,"jetpack_social_post_already_shared":true,"jetpack_social_options":{"image_generator_settings":{"template":"highway","default_image_id":0,"font":"","enabled":false},"version":2}},"categories":[145],"tags":[60,7,147,146],"class_list":{"0":"post-1713","1":"post","2":"type-post","3":"status-publish","4":"format-standard","5":"has-post-thumbnail","7":"category-reconocimiento","8":"tag-cultura","9":"tag-legislatura","10":"tag-personalidad-destacada","11":"tag-reconocimiento"},"jetpack_publicize_connections":[],"jetpack_featured_media_url":"https:\/\/www.comuna13online.com.ar\/wp-content\/uploads\/2018\/06\/20180613a.jpg","uagb_featured_image_src":{"full":["https:\/\/www.comuna13online.com.ar\/wp-content\/uploads\/2018\/06\/20180613a.jpg",1030,438,false],"thumbnail":["https:\/\/www.comuna13online.com.ar\/wp-content\/uploads\/2018\/06\/20180613a-150x150.jpg",96,96,true],"medium":["https:\/\/www.comuna13online.com.ar\/wp-content\/uploads\/2018\/06\/20180613a-678x288.jpg",678,288,true],"medium_large":["https:\/\/www.comuna13online.com.ar\/wp-content\/uploads\/2018\/06\/20180613a-768x327.jpg",768,327,true],"large":["https:\/\/www.comuna13online.com.ar\/wp-content\/uploads\/2018\/06\/20180613a.jpg",1030,438,false],"1536x1536":["https:\/\/www.comuna13online.com.ar\/wp-content\/uploads\/2018\/06\/20180613a.jpg",1030,438,false],"2048x2048":["https:\/\/www.comuna13online.com.ar\/wp-content\/uploads\/2018\/06\/20180613a.jpg",1030,438,false],"mh-magazine-slider":["https:\/\/www.comuna13online.com.ar\/wp-content\/uploads\/2018\/06\/20180613a.jpg",1030,438,false],"mh-magazine-content":["https:\/\/www.comuna13online.com.ar\/wp-content\/uploads\/2018\/06\/20180613a-678x381.jpg",678,381,true],"mh-magazine-large":["https:\/\/www.comuna13online.com.ar\/wp-content\/uploads\/2018\/06\/20180613a-678x438.jpg",678,438,true],"mh-magazine-medium":["https:\/\/www.comuna13online.com.ar\/wp-content\/uploads\/2018\/06\/20180613a-326x245.jpg",326,245,true],"mh-magazine-small":["https:\/\/www.comuna13online.com.ar\/wp-content\/uploads\/2018\/06\/20180613a-80x60.jpg",80,60,true],"sow-carousel-default":["https:\/\/www.comuna13online.com.ar\/wp-content\/uploads\/2018\/06\/20180613a-272x182.jpg",272,182,true]},"uagb_author_info":{"display_name":"Comuna13","author_link":"https:\/\/www.comuna13online.com.ar\/?author=1"},"uagb_comment_info":0,"uagb_excerpt":"Los integrantes del cuarteto que interpreta m\u00fasica con ra\u00edces criollas fueron distinguidos como Personalidades Destacadas de la Ciudad de Buenos Aires, por su aporte de a\u00f1os a la cultura popular. [...]","jetpack_sharing_enabled":true,"_links":{"self":[{"href":"https:\/\/www.comuna13online.com.ar\/index.php?rest_route=\/wp\/v2\/posts\/1713","targetHints":{"allow":["GET"]}}],"collection":[{"href":"https:\/\/www.comuna13online.com.ar\/index.php?rest_route=\/wp\/v2\/posts"}],"about":[{"href":"https:\/\/www.comuna13online.com.ar\/index.php?rest_route=\/wp\/v2\/types\/post"}],"author":[{"embeddable":true,"href":"https:\/\/www.comuna13online.com.ar\/index.php?rest_route=\/wp\/v2\/users\/1"}],"replies":[{"embeddable":true,"href":"https:\/\/www.comuna13online.com.ar\/index.php?rest_route=%2Fwp%2Fv2%2Fcomments&post=1713"}],"version-history":[{"count":0,"href":"https:\/\/www.comuna13online.com.ar\/index.php?rest_route=\/wp\/v2\/posts\/1713\/revisions"}],"wp:featuredmedia":[{"embeddable":true,"href":"https:\/\/www.comuna13online.com.ar\/index.php?rest_route=\/wp\/v2\/media\/1716"}],"wp:attachment":[{"href":"https:\/\/www.comuna13online.com.ar\/index.php?rest_route=%2Fwp%2Fv2%2Fmedia&parent=1713"}],"wp:term":[{"taxonomy":"category","embeddable":true,"href":"https:\/\/www.comuna13online.com.ar\/index.php?rest_route=%2Fwp%2Fv2%2Fcategories&post=1713"},{"taxonomy":"post_tag","embeddable":true,"href":"https:\/\/www.comuna13online.com.ar\/index.php?rest_route=%2Fwp%2Fv2%2Ftags&post=1713"}],"curies":[{"name":"wp","href":"https:\/\/api.w.org\/{rel}","templated":true}]}}