{"id":17047,"date":"2023-04-21T15:16:57","date_gmt":"2023-04-21T18:16:57","guid":{"rendered":"http:\/\/www.comuna13online.com.ar\/?p=17047"},"modified":"2023-04-21T15:17:07","modified_gmt":"2023-04-21T18:17:07","slug":"betiana-blum-declarada-como-personalidad-destacada-en-la-ciudad","status":"publish","type":"post","link":"https:\/\/www.comuna13online.com.ar\/?p=17047","title":{"rendered":"Betiana Blum declarada como Personalidad Destacada en la Ciudad"},"content":{"rendered":"\n<p><strong>Por iniciativa del legislador Diego Weck, se reconoci\u00f3 a la actriz por su extensa trayectoria profesional. En el acto de distinci\u00f3n participaron legisladores y figuras del mundo de la far\u00e1ndula.<\/strong><\/p>\n\n\n\n<figure class=\"wp-block-image size-full\"><img loading=\"lazy\" decoding=\"async\" width=\"678\" height=\"452\" data-attachment-id=\"17048\" data-permalink=\"https:\/\/www.comuna13online.com.ar\/?attachment_id=17048\" data-orig-file=\"https:\/\/www.comuna13online.com.ar\/wp-content\/uploads\/2023\/04\/20230421b_01.jpg\" data-orig-size=\"678,452\" data-comments-opened=\"0\" data-image-meta=\"{&quot;aperture&quot;:&quot;0&quot;,&quot;credit&quot;:&quot;&quot;,&quot;camera&quot;:&quot;&quot;,&quot;caption&quot;:&quot;&quot;,&quot;created_timestamp&quot;:&quot;0&quot;,&quot;copyright&quot;:&quot;&quot;,&quot;focal_length&quot;:&quot;0&quot;,&quot;iso&quot;:&quot;0&quot;,&quot;shutter_speed&quot;:&quot;0&quot;,&quot;title&quot;:&quot;&quot;,&quot;orientation&quot;:&quot;0&quot;}\" data-image-title=\"20230421b_01\" data-image-description=\"\" data-image-caption=\"\" data-large-file=\"https:\/\/www.comuna13online.com.ar\/wp-content\/uploads\/2023\/04\/20230421b_01.jpg\" src=\"http:\/\/www.comuna13online.com.ar\/wp-content\/uploads\/2023\/04\/20230421b_01.jpg\" alt=\"\" class=\"wp-image-17048\" srcset=\"https:\/\/www.comuna13online.com.ar\/wp-content\/uploads\/2023\/04\/20230421b_01.jpg 678w, https:\/\/www.comuna13online.com.ar\/wp-content\/uploads\/2023\/04\/20230421b_01-272x182.jpg 272w\" sizes=\"auto, (max-width: 678px) 100vw, 678px\" \/><\/figure>\n\n\n\n<div style=\"height:20px\" aria-hidden=\"true\" class=\"wp-block-spacer\"><\/div>\n\n\n\n<p>Como una forma de reconocer su carrera profesional, la Legislatura de la Ciudad Aut\u00f3noma de Buenos Aires declar\u00f3 c\u00f3mo \u201cpersonalidad destacada en el \u00e1mbito de la cultura\u201d a la actriz Betiana Blum.<\/p>\n\n\n\n<p>El acto se llev\u00f3 a cabo en el Sal\u00f3n Dorado y cont\u00f3 con la presencia del diputado de la Uni\u00f3n C\u00edvica Radical \u2013 Evoluci\u00f3n (UCR-Ev) y autor de la iniciativa,&nbsp;<strong>Diego Weck<\/strong>; el director&nbsp;<strong>Marcos Carnevale<\/strong>; el empresario teatral&nbsp;<strong>Carlos Rottemberg<\/strong>; y los actores&nbsp;<strong>Facundo Arana<\/strong>&nbsp;y&nbsp;<strong>Sergio Surraco<\/strong>.<\/p>\n\n\n\n<p>El primero en tomar la palabra fue Weck, quien asegur\u00f3 que \u201cel rol de los actores es muy importante en esta sociedad y el de Betiana ha sido fundamental en los a\u00f1os democr\u00e1ticos\u201d y aprovech\u00f3 la ocasi\u00f3n para precisar que Blum <em><strong>\u201ces una de las representantes m\u00e1s importantes. Es un ejemplo de vida y de trayectoria para las generaciones futuras\u201d<\/strong><\/em>.<\/p>\n\n\n\n<p>Minutos m\u00e1s tarde, la actriz rememor\u00f3 sus comienzos en la actuaci\u00f3n: <strong><em>\u201cel origen de que est\u00e9 parada aqu\u00ed es el amor que desde ni\u00f1a tuve por la palabra y por el verbo\u201d<\/em><\/strong>. A la vez que reconoci\u00f3 que tiene <em>\u201cun gran amor por la profesi\u00f3n y me di cuenta en el transcurso de la vida. La mayor cantidad de tiempo de mi vida se la dediqu\u00e9 a la profesi\u00f3n y no me arrepiento\u201d<\/em>.<\/p>\n\n\n\n<p>Por su parte, Carnevale distingui\u00f3 la vocaci\u00f3n, el talento y el \u201c<em>deseo irrefrenable<\/em>\u201d de vivir de la actriz. En tanto que Rottemberg puntualiz\u00f3 en su talento e inteligencia, <em>\u201cque son dos cualidades que corren por cuerdas separadas y ella tiene las dos y que la hace moverse a trav\u00e9s de una trayectoria extensa sin demasiados rodeos<\/em>\u201d.<\/p>\n\n\n\n<div style=\"height:15px\" aria-hidden=\"true\" class=\"wp-block-spacer\"><\/div>\n\n\n\n<figure class=\"wp-block-image size-full\"><img loading=\"lazy\" decoding=\"async\" width=\"678\" height=\"452\" data-attachment-id=\"17049\" data-permalink=\"https:\/\/www.comuna13online.com.ar\/?attachment_id=17049\" data-orig-file=\"https:\/\/www.comuna13online.com.ar\/wp-content\/uploads\/2023\/04\/20230421b_02.jpg\" data-orig-size=\"678,452\" data-comments-opened=\"0\" data-image-meta=\"{&quot;aperture&quot;:&quot;0&quot;,&quot;credit&quot;:&quot;&quot;,&quot;camera&quot;:&quot;&quot;,&quot;caption&quot;:&quot;&quot;,&quot;created_timestamp&quot;:&quot;0&quot;,&quot;copyright&quot;:&quot;&quot;,&quot;focal_length&quot;:&quot;0&quot;,&quot;iso&quot;:&quot;0&quot;,&quot;shutter_speed&quot;:&quot;0&quot;,&quot;title&quot;:&quot;&quot;,&quot;orientation&quot;:&quot;0&quot;}\" data-image-title=\"20230421b_02\" data-image-description=\"\" data-image-caption=\"\" data-large-file=\"https:\/\/www.comuna13online.com.ar\/wp-content\/uploads\/2023\/04\/20230421b_02.jpg\" src=\"http:\/\/www.comuna13online.com.ar\/wp-content\/uploads\/2023\/04\/20230421b_02.jpg\" alt=\"\" class=\"wp-image-17049\" srcset=\"https:\/\/www.comuna13online.com.ar\/wp-content\/uploads\/2023\/04\/20230421b_02.jpg 678w, https:\/\/www.comuna13online.com.ar\/wp-content\/uploads\/2023\/04\/20230421b_02-272x182.jpg 272w\" sizes=\"auto, (max-width: 678px) 100vw, 678px\" \/><\/figure>\n\n\n\n<div style=\"height:15px\" aria-hidden=\"true\" class=\"wp-block-spacer\"><\/div>\n\n\n\n<p>Por \u00faltimo, Arana record\u00f3 sus inicios en la actuaci\u00f3n y la influencia de Blum: <em>\u201cLa oportunidad vino directamente de tu mano. Nunca me voy a olvidar la pasi\u00f3n, la dedicaci\u00f3n, el esmero, el amor, la paz y la seguridad que me diste tanto a mi como a cada una de esas almas que quer\u00edamos ir con la actuaci\u00f3n\u201d<\/em>.<\/p>\n\n\n\n<p>Mientras que Surraco concluy\u00f3: <em>\u201cEs una gran persona que me ense\u00f1\u00f3 muchas cosas de la vida. No solo a decir bien un texto, sino a ense\u00f1arte con cada vivencia y en c\u00f3mo ella en su profesi\u00f3n trataba al otro o generaba una alegr\u00eda en el p\u00fablico\u201d<\/em>.<\/p>\n\n\n\n<p>Cabe recordar que Betiana Blum es una de las actrices m\u00e1s emblem\u00e1ticas del pa\u00eds, con m\u00e1s de treinta pel\u00edculas en su haber. Debut\u00f3 en 1964 en Sombras en el cielo y de esta manera comenzaba un camino de \u00e9xitos ininterrumpidos. \u201cNuestra Galleguita\u201d, trasmitida por Canal 9, fue el primer personaje con continuidad en televisi\u00f3n.<\/p>\n\n\n\n<p>En 1985 interpret\u00f3 a la inolvidable Nora Musicardi en \u201cEsperando la Carroza\u201d, un cl\u00e1sico inolvidable para todos. Considerada como una de las pel\u00edculas m\u00e1s recordadas tanto sus personajes como muchos di\u00e1logos que son conocidos de memoria.<\/p>\n\n\n\n<p>Su filmograf\u00eda da cuenta de una versatilidad asombrosa con pel\u00edculas como\u201cBodas de cristal\u201d, \u201cUn mundo de amor\u201d, \u201cLos Irrompibles\u201d, \u201cBajo bandera\u201d, \u201cAtrapadas\u201d, \u201cEsa maldita costilla\u201d y \u201cDe eso no se habla\u201d. En cinco d\u00e9cadas de ciclos televisivos fue variando entre unitarios, novelas y series, los cuales dieron cuenta de la infinidad de personajes interpretados a lo largo de toda su trayectoria.<\/p>\n","protected":false},"excerpt":{"rendered":"<div class=\"mh-excerpt\">Por iniciativa del legislador Diego Weck, se reconoci\u00f3 a la actriz por su extensa trayectoria profesional. En el acto de distinci\u00f3n participaron legisladores y figuras del mundo de la far\u00e1ndula. <a class=\"mh-excerpt-more\" href=\"https:\/\/www.comuna13online.com.ar\/?p=17047\" title=\"Betiana Blum declarada como Personalidad Destacada en la Ciudad\">[&#8230;]<\/a><\/div>\n","protected":false},"author":1,"featured_media":17050,"comment_status":"closed","ping_status":"closed","sticky":false,"template":"","format":"standard","meta":{"_uag_custom_page_level_css":"","_jetpack_memberships_contains_paid_content":false,"footnotes":"","jetpack_publicize_message":"","jetpack_publicize_feature_enabled":true,"jetpack_social_post_already_shared":true,"jetpack_social_options":{"image_generator_settings":{"template":"highway","default_image_id":0,"font":"","enabled":false},"version":2}},"categories":[145],"tags":[250,296,7,147,146],"class_list":{"0":"post-17047","1":"post","2":"type-post","3":"status-publish","4":"format-standard","5":"has-post-thumbnail","7":"category-reconocimiento","8":"tag-h2","9":"tag-h3","10":"tag-legislatura","11":"tag-personalidad-destacada","12":"tag-reconocimiento"},"jetpack_publicize_connections":[],"jetpack_featured_media_url":"https:\/\/www.comuna13online.com.ar\/wp-content\/uploads\/2023\/04\/20230421b_id.jpg","uagb_featured_image_src":{"full":["https:\/\/www.comuna13online.com.ar\/wp-content\/uploads\/2023\/04\/20230421b_id.jpg",678,452,false],"thumbnail":["https:\/\/www.comuna13online.com.ar\/wp-content\/uploads\/2023\/04\/20230421b_id.jpg",128,85,false],"medium":["https:\/\/www.comuna13online.com.ar\/wp-content\/uploads\/2023\/04\/20230421b_id.jpg",678,452,false],"medium_large":["https:\/\/www.comuna13online.com.ar\/wp-content\/uploads\/2023\/04\/20230421b_id.jpg",678,452,false],"large":["https:\/\/www.comuna13online.com.ar\/wp-content\/uploads\/2023\/04\/20230421b_id.jpg",678,452,false],"1536x1536":["https:\/\/www.comuna13online.com.ar\/wp-content\/uploads\/2023\/04\/20230421b_id.jpg",678,452,false],"2048x2048":["https:\/\/www.comuna13online.com.ar\/wp-content\/uploads\/2023\/04\/20230421b_id.jpg",678,452,false],"mh-magazine-slider":["https:\/\/www.comuna13online.com.ar\/wp-content\/uploads\/2023\/04\/20230421b_id-678x438.jpg",678,438,true],"mh-magazine-content":["https:\/\/www.comuna13online.com.ar\/wp-content\/uploads\/2023\/04\/20230421b_id-678x381.jpg",678,381,true],"mh-magazine-large":["https:\/\/www.comuna13online.com.ar\/wp-content\/uploads\/2023\/04\/20230421b_id.jpg",678,452,false],"mh-magazine-medium":["https:\/\/www.comuna13online.com.ar\/wp-content\/uploads\/2023\/04\/20230421b_id-326x245.jpg",326,245,true],"mh-magazine-small":["https:\/\/www.comuna13online.com.ar\/wp-content\/uploads\/2023\/04\/20230421b_id-80x60.jpg",80,60,true],"sow-carousel-default":["https:\/\/www.comuna13online.com.ar\/wp-content\/uploads\/2023\/04\/20230421b_id-272x182.jpg",272,182,true]},"uagb_author_info":{"display_name":"Comuna13","author_link":"https:\/\/www.comuna13online.com.ar\/?author=1"},"uagb_comment_info":0,"uagb_excerpt":"Por iniciativa del legislador Diego Weck, se reconoci\u00f3 a la actriz por su extensa trayectoria profesional. En el acto de distinci\u00f3n participaron legisladores y figuras del mundo de la far\u00e1ndula. [...]","jetpack_sharing_enabled":true,"_links":{"self":[{"href":"https:\/\/www.comuna13online.com.ar\/index.php?rest_route=\/wp\/v2\/posts\/17047","targetHints":{"allow":["GET"]}}],"collection":[{"href":"https:\/\/www.comuna13online.com.ar\/index.php?rest_route=\/wp\/v2\/posts"}],"about":[{"href":"https:\/\/www.comuna13online.com.ar\/index.php?rest_route=\/wp\/v2\/types\/post"}],"author":[{"embeddable":true,"href":"https:\/\/www.comuna13online.com.ar\/index.php?rest_route=\/wp\/v2\/users\/1"}],"replies":[{"embeddable":true,"href":"https:\/\/www.comuna13online.com.ar\/index.php?rest_route=%2Fwp%2Fv2%2Fcomments&post=17047"}],"version-history":[{"count":0,"href":"https:\/\/www.comuna13online.com.ar\/index.php?rest_route=\/wp\/v2\/posts\/17047\/revisions"}],"wp:featuredmedia":[{"embeddable":true,"href":"https:\/\/www.comuna13online.com.ar\/index.php?rest_route=\/wp\/v2\/media\/17050"}],"wp:attachment":[{"href":"https:\/\/www.comuna13online.com.ar\/index.php?rest_route=%2Fwp%2Fv2%2Fmedia&parent=17047"}],"wp:term":[{"taxonomy":"category","embeddable":true,"href":"https:\/\/www.comuna13online.com.ar\/index.php?rest_route=%2Fwp%2Fv2%2Fcategories&post=17047"},{"taxonomy":"post_tag","embeddable":true,"href":"https:\/\/www.comuna13online.com.ar\/index.php?rest_route=%2Fwp%2Fv2%2Ftags&post=17047"}],"curies":[{"name":"wp","href":"https:\/\/api.w.org\/{rel}","templated":true}]}}