{"id":17029,"date":"2023-04-20T06:03:00","date_gmt":"2023-04-20T09:03:00","guid":{"rendered":"http:\/\/www.comuna13online.com.ar\/?p=17029"},"modified":"2023-04-20T12:07:41","modified_gmt":"2023-04-20T15:07:41","slug":"que-se-puede-hacer-con-las-pilas-usadas","status":"publish","type":"post","link":"https:\/\/www.comuna13online.com.ar\/?p=17029","title":{"rendered":"Qu\u00e9 se puede hacer con las pilas usadas"},"content":{"rendered":"\n<p><strong>Las pilas en desuso son residuos s\u00f3lidos que por sus caracter\u00edsticas deben ser gestionados de manera especial del resto de la basura, la Ciudad cuenta con los Puntos Verdes M\u00f3viles para desechar estos residuos.<\/strong><\/p>\n\n\n\n<figure class=\"wp-block-image size-full\"><img loading=\"lazy\" decoding=\"async\" width=\"678\" height=\"446\" data-attachment-id=\"17031\" data-permalink=\"https:\/\/www.comuna13online.com.ar\/?attachment_id=17031\" data-orig-file=\"https:\/\/www.comuna13online.com.ar\/wp-content\/uploads\/2023\/04\/20230420a_01.jpg\" data-orig-size=\"678,446\" data-comments-opened=\"0\" data-image-meta=\"{&quot;aperture&quot;:&quot;0&quot;,&quot;credit&quot;:&quot;&quot;,&quot;camera&quot;:&quot;&quot;,&quot;caption&quot;:&quot;&quot;,&quot;created_timestamp&quot;:&quot;0&quot;,&quot;copyright&quot;:&quot;&quot;,&quot;focal_length&quot;:&quot;0&quot;,&quot;iso&quot;:&quot;0&quot;,&quot;shutter_speed&quot;:&quot;0&quot;,&quot;title&quot;:&quot;&quot;,&quot;orientation&quot;:&quot;0&quot;}\" data-image-title=\"20230420a_01\" data-image-description=\"\" data-image-caption=\"\" data-large-file=\"https:\/\/www.comuna13online.com.ar\/wp-content\/uploads\/2023\/04\/20230420a_01.jpg\" src=\"http:\/\/www.comuna13online.com.ar\/wp-content\/uploads\/2023\/04\/20230420a_01.jpg\" alt=\"\" class=\"wp-image-17031\"\/><\/figure>\n\n\n\n<div style=\"height:20px\" aria-hidden=\"true\" class=\"wp-block-spacer\"><\/div>\n\n\n\n<p>En la vida cotidiana se utilizan todo tipo de aparatos y dispositivos electr\u00f3nicos port\u00e1tiles que se alimentan de pilas o bater\u00edas compuestas de materiales t\u00f3xicos y requieren de un tratamiento especial para que no afecten al medioambiente y a la salud.<\/p>\n\n\n\n<p>S\u00ed, las pilas contienen elementos qu\u00edmicos y materiales t\u00f3xicos como mercurio, cadmio, plomo, zinc, manganeso, que no solo pueden afectar el medioambiente sino tambi\u00e9n a nuestra salud. Por eso, debemos tomarnos el trabajo de descartarlas correctamente.<\/p>\n\n\n\n<div style=\"height:10px\" aria-hidden=\"true\" class=\"wp-block-spacer\"><\/div>\n\n\n\n<h4 class=\"wp-block-heading\">Qu\u00e9 hacer con las pilas usadas<\/h4>\n\n\n\n<p>Las pilas en desuso son gestionadas bajo el principio de \u201cResponsabilidad Extendida del Productor\u201d incorporado por la Ley 5.991 se determina que <strong>\u201ctodas persona f\u00edsica o jur\u00eddica que produzca, importe, distribuya y\/o comercialice pilas ser\u00e1 responsable de su gesti\u00f3n en la etapa de post consumo del ciclo de vida del producto\u201d<\/strong>.<\/p>\n\n\n\n<p>Los importadores de pilas, deben presentar el plan de gesti\u00f3n ambiental de manera individual o colectivo en Tr\u00e1mites a distancia, en tanto que los que comercializan pilas en la Ciudad, las mismas solo deben ser provistas por importadores que cumplan con la Ley.<\/p>\n\n\n\n<div style=\"height:10px\" aria-hidden=\"true\" class=\"wp-block-spacer\"><\/div>\n\n\n\n<h4 class=\"wp-block-heading\">D\u00f3nde las llevamos<\/h4>\n\n\n\n<p>En la Ciudad de Buenos Aires existen los Puntos Verdes M\u00f3viles, son camionetas que recorren los barrios con el objetivo de acercar a los vecinos la posibilidad de llevar residuos electr\u00f3nicos, aparatos el\u00e9ctricos y electr\u00f3nicos, aceite vegetal usado, pilas y cartuchos de tinta y t\u00f3ners.<\/p>\n\n\n\n<p>El recorrido de los Puntos Verdes M\u00f3viles es itinerante y cambia mensualmente para poder abarcar todas las Comunas de la Ciudad.<\/p>\n\n\n\n<p><strong>\u00bfQu\u00e9 pilas aceptan?<\/strong>&nbsp;Las pilas recargables, de geomatr\u00eda cil\u00edndiricas, prism\u00e1ticas 9v y pilas bot\u00f3n. \u00bfC\u00f3mo deb\u00e9s entregarlas? Sueltas -no en botellas\/bidones, sin contenido de agua, sin arena- y no hay problema si est\u00e1n o no deterioradas.<\/p>\n\n\n\n<p><strong>EN LA COMUNA 13<\/strong><\/p>\n\n\n\n<p><strong>Durante abril los Puntos Verdes M\u00f3viles estar\u00e1n ubicados:<\/strong><\/p>\n\n\n\n<ul class=\"wp-block-list\">\n<li><strong>Mi\u00e9rcoles<\/strong>: FIAB Plaza Mafalda &#8211; Conde 200 entre Santos Dumont y Concepci\u00f3n Arenal&nbsp;<em>(10 a 14hs)<\/em>.&nbsp;<\/li>\n<\/ul>\n\n\n\n<ul class=\"wp-block-list\">\n<li><strong>S\u00e1bados:<\/strong> FIAB Plaza F\u00e9lix Lima &#8211; Arcos y Ramallo.&nbsp;<em>(10 a 14 hs)<\/em>.<\/li>\n<\/ul>\n\n\n\n<ul class=\"wp-block-list\">\n<li><strong>Domingos<\/strong>: FIAB Plaza Balcarce &#8211; Manzanares 2300 entre Av. Cabildo y Vuelta de Obligado <em>(10 a 14hs)<\/em>.<\/li>\n<\/ul>\n\n\n\n<p class=\"has-text-align-center\"><a rel=\"noreferrer noopener\" href=\"https:\/\/buenosaires.gob.ar\/puntos-verdes-moviles\/cronograma-de-puntos-verdes-moviles\" target=\"_blank\"><strong>Cronograma completo de Puntos Verdes M\u00f3viles<\/strong><\/a><\/p>\n\n\n\n<div style=\"height:20px\" aria-hidden=\"true\" class=\"wp-block-spacer\"><\/div>\n\n\n\n<p><strong>Tambi\u00e9n se pueden llevar a los siguientes puntos de recepci\u00f3n privados de nuestra Comuna:<\/strong><\/p>\n\n\n\n<ul class=\"wp-block-list\">\n<li>AXION &#8211; Av. Libertador 7112. Lunes a Domingo de 8 a 18 hs.<\/li>\n\n\n\n<li>AXION &#8211; Monroe 3078. Lunes a Domingo de 8 a 18 hs.<\/li>\n\n\n\n<li>AXION &#8211; Los Incas 3550. Lunes a Domingo de 8 a 18 hs.<\/li>\n\n\n\n<li>AXION &#8211; Cabildo 695. Lunes a Domingo de 8 a 18 hs.<\/li>\n\n\n\n<li>DR. AHORRO &#8211; Juramento 2477. Lunes a S\u00e1bado de 8 a 21 hs.<\/li>\n\n\n\n<li>DR. AHORRO &#8211; Cabildo 2363. Lunes a S\u00e1bado de 8 a 21 hs.<\/li>\n\n\n\n<li>DR. AHORRO &#8211; Cabildo 2917. Lunes a S\u00e1bado de 8 a 21 hs.<\/li>\n\n\n\n<li>DR. AHORRO &#8211; Cabildo 4859. Lunes a S\u00e1bado de 8 a 21 hs.<\/li>\n<\/ul>\n\n\n\n<p><\/p>\n","protected":false},"excerpt":{"rendered":"<div class=\"mh-excerpt\">Las pilas en desuso son residuos s\u00f3lidos que por sus caracter\u00edsticas deben ser gestionados de manera especial del resto de la basura, la Ciudad cuenta con los Puntos Verdes M\u00f3viles <a class=\"mh-excerpt-more\" href=\"https:\/\/www.comuna13online.com.ar\/?p=17029\" title=\"Qu\u00e9 se puede hacer con las pilas usadas\">[&#8230;]<\/a><\/div>\n","protected":false},"author":1,"featured_media":17032,"comment_status":"closed","ping_status":"closed","sticky":false,"template":"","format":"standard","meta":{"_uag_custom_page_level_css":"","_jetpack_memberships_contains_paid_content":false,"footnotes":"","jetpack_publicize_message":"","jetpack_publicize_feature_enabled":true,"jetpack_social_post_already_shared":true,"jetpack_social_options":{"image_generator_settings":{"template":"highway","default_image_id":0,"font":"","enabled":false},"version":2}},"categories":[22],"tags":[38,250,296,37],"class_list":{"0":"post-17029","1":"post","2":"type-post","3":"status-publish","4":"format-standard","5":"has-post-thumbnail","7":"category-medio-ambiente","8":"tag-basura","9":"tag-h2","10":"tag-h3","11":"tag-medio-ambiente"},"jetpack_publicize_connections":[],"jetpack_featured_media_url":"https:\/\/www.comuna13online.com.ar\/wp-content\/uploads\/2023\/04\/20230420a_id.jpg","uagb_featured_image_src":{"full":["https:\/\/www.comuna13online.com.ar\/wp-content\/uploads\/2023\/04\/20230420a_id.jpg",678,452,false],"thumbnail":["https:\/\/www.comuna13online.com.ar\/wp-content\/uploads\/2023\/04\/20230420a_id.jpg",128,85,false],"medium":["https:\/\/www.comuna13online.com.ar\/wp-content\/uploads\/2023\/04\/20230420a_id.jpg",678,452,false],"medium_large":["https:\/\/www.comuna13online.com.ar\/wp-content\/uploads\/2023\/04\/20230420a_id.jpg",678,452,false],"large":["https:\/\/www.comuna13online.com.ar\/wp-content\/uploads\/2023\/04\/20230420a_id.jpg",678,452,false],"1536x1536":["https:\/\/www.comuna13online.com.ar\/wp-content\/uploads\/2023\/04\/20230420a_id.jpg",678,452,false],"2048x2048":["https:\/\/www.comuna13online.com.ar\/wp-content\/uploads\/2023\/04\/20230420a_id.jpg",678,452,false],"mh-magazine-slider":["https:\/\/www.comuna13online.com.ar\/wp-content\/uploads\/2023\/04\/20230420a_id-678x438.jpg",678,438,true],"mh-magazine-content":["https:\/\/www.comuna13online.com.ar\/wp-content\/uploads\/2023\/04\/20230420a_id-678x381.jpg",678,381,true],"mh-magazine-large":["https:\/\/www.comuna13online.com.ar\/wp-content\/uploads\/2023\/04\/20230420a_id.jpg",678,452,false],"mh-magazine-medium":["https:\/\/www.comuna13online.com.ar\/wp-content\/uploads\/2023\/04\/20230420a_id-326x245.jpg",326,245,true],"mh-magazine-small":["https:\/\/www.comuna13online.com.ar\/wp-content\/uploads\/2023\/04\/20230420a_id-80x60.jpg",80,60,true],"sow-carousel-default":["https:\/\/www.comuna13online.com.ar\/wp-content\/uploads\/2023\/04\/20230420a_id-272x182.jpg",272,182,true]},"uagb_author_info":{"display_name":"Comuna13","author_link":"https:\/\/www.comuna13online.com.ar\/?author=1"},"uagb_comment_info":0,"uagb_excerpt":"Las pilas en desuso son residuos s\u00f3lidos que por sus caracter\u00edsticas deben ser gestionados de manera especial del resto de la basura, la Ciudad cuenta con los Puntos Verdes M\u00f3viles [...]","jetpack_sharing_enabled":true,"_links":{"self":[{"href":"https:\/\/www.comuna13online.com.ar\/index.php?rest_route=\/wp\/v2\/posts\/17029","targetHints":{"allow":["GET"]}}],"collection":[{"href":"https:\/\/www.comuna13online.com.ar\/index.php?rest_route=\/wp\/v2\/posts"}],"about":[{"href":"https:\/\/www.comuna13online.com.ar\/index.php?rest_route=\/wp\/v2\/types\/post"}],"author":[{"embeddable":true,"href":"https:\/\/www.comuna13online.com.ar\/index.php?rest_route=\/wp\/v2\/users\/1"}],"replies":[{"embeddable":true,"href":"https:\/\/www.comuna13online.com.ar\/index.php?rest_route=%2Fwp%2Fv2%2Fcomments&post=17029"}],"version-history":[{"count":0,"href":"https:\/\/www.comuna13online.com.ar\/index.php?rest_route=\/wp\/v2\/posts\/17029\/revisions"}],"wp:featuredmedia":[{"embeddable":true,"href":"https:\/\/www.comuna13online.com.ar\/index.php?rest_route=\/wp\/v2\/media\/17032"}],"wp:attachment":[{"href":"https:\/\/www.comuna13online.com.ar\/index.php?rest_route=%2Fwp%2Fv2%2Fmedia&parent=17029"}],"wp:term":[{"taxonomy":"category","embeddable":true,"href":"https:\/\/www.comuna13online.com.ar\/index.php?rest_route=%2Fwp%2Fv2%2Fcategories&post=17029"},{"taxonomy":"post_tag","embeddable":true,"href":"https:\/\/www.comuna13online.com.ar\/index.php?rest_route=%2Fwp%2Fv2%2Ftags&post=17029"}],"curies":[{"name":"wp","href":"https:\/\/api.w.org\/{rel}","templated":true}]}}