{"id":17002,"date":"2023-04-17T14:49:31","date_gmt":"2023-04-17T17:49:31","guid":{"rendered":"http:\/\/www.comuna13online.com.ar\/?p=17002"},"modified":"2023-04-17T14:49:38","modified_gmt":"2023-04-17T17:49:38","slug":"goya-los-disparates-hermetismo-subversion-y-fantasia-en-el-museo-larreta","status":"publish","type":"post","link":"https:\/\/www.comuna13online.com.ar\/?p=17002","title":{"rendered":"Goya. Los disparates. Hermetismo, subversi\u00f3n y fantas\u00eda en el Museo Larreta"},"content":{"rendered":"\n<p><strong>Muestra una serie de grabados realizados por Francisco de Goya entre 1816 y 1823 poco antes de abandonar Espa\u00f1a, La serie permaneci\u00f3 in\u00e9dita hasta 1864. Inauguraci\u00f3n 20 de abril, 18hs.<\/strong><\/p>\n\n\n\n<div style=\"height:15px\" aria-hidden=\"true\" class=\"wp-block-spacer\"><\/div>\n\n\n\n<figure class=\"wp-block-image size-full\"><img loading=\"lazy\" decoding=\"async\" width=\"678\" height=\"452\" data-attachment-id=\"17004\" data-permalink=\"https:\/\/www.comuna13online.com.ar\/?attachment_id=17004\" data-orig-file=\"https:\/\/www.comuna13online.com.ar\/wp-content\/uploads\/2023\/04\/20230417a_01.jpg\" data-orig-size=\"678,452\" data-comments-opened=\"0\" data-image-meta=\"{&quot;aperture&quot;:&quot;0&quot;,&quot;credit&quot;:&quot;&quot;,&quot;camera&quot;:&quot;&quot;,&quot;caption&quot;:&quot;&quot;,&quot;created_timestamp&quot;:&quot;0&quot;,&quot;copyright&quot;:&quot;&quot;,&quot;focal_length&quot;:&quot;0&quot;,&quot;iso&quot;:&quot;0&quot;,&quot;shutter_speed&quot;:&quot;0&quot;,&quot;title&quot;:&quot;&quot;,&quot;orientation&quot;:&quot;0&quot;}\" data-image-title=\"20230417a_01\" data-image-description=\"\" data-image-caption=\"\" data-large-file=\"https:\/\/www.comuna13online.com.ar\/wp-content\/uploads\/2023\/04\/20230417a_01.jpg\" src=\"http:\/\/www.comuna13online.com.ar\/wp-content\/uploads\/2023\/04\/20230417a_01.jpg\" alt=\"\" class=\"wp-image-17004\" srcset=\"https:\/\/www.comuna13online.com.ar\/wp-content\/uploads\/2023\/04\/20230417a_01.jpg 678w, https:\/\/www.comuna13online.com.ar\/wp-content\/uploads\/2023\/04\/20230417a_01-272x182.jpg 272w\" sizes=\"auto, (max-width: 678px) 100vw, 678px\" \/><\/figure>\n\n\n\n<div style=\"height:20px\" aria-hidden=\"true\" class=\"wp-block-spacer\"><\/div>\n\n\n\n<p><strong>Francisco de Goya y Lucientes ( 1746-1828)<\/strong>, es sin duda, uno de los grandes maestros del arte universal. Figura clave de la Modernidad, adem\u00e1s de pinturas, realiz\u00f3 una extensa obra grabada que retrata\u00a0 a la sociedad de su \u00e9poca bajo una mirada cr\u00edtica que a\u00fan hoy conserva vigencia. <strong>Los<em> Disparates,<\/em><\/strong><em> <\/em>la \u00faltima serie de grabados de Goya se presenta como la primera muestra del a\u00f1o 2023 en el Museo de Arte Espa\u00f1ol Enrique Larreta.<\/p>\n\n\n\n<p>Muestra la serie de veintid\u00f3s grabados realizados al aguatinta y aguafuerte, con retoques de punta seca y bru\u00f1idor, realizada entre los a\u00f1os 1816 y 1823. La serie de los Disparates permaneci\u00f3 in\u00e9dita hasta 1864, a\u00f1o en que la Real Academia de Bellas Artes de San Fernando publica dieciocho grabados que, en 1877, se ver\u00edan aumentados a veintid\u00f3s tras la aparici\u00f3n de cuatro l\u00e1minas publicadas en la revista L&#8217;Art, procedentes de las planchas que obraban en poder de Eugenio Lucas.<\/p>\n\n\n\n<div style=\"height:20px\" aria-hidden=\"true\" class=\"wp-block-spacer\"><\/div>\n<div align=\"center\">\n<blockquote class=\"twitter-tweet\"><p lang=\"es\" dir=\"ltr\"><a href=\"https:\/\/twitter.com\/hashtag\/DiaMundialDelArte?src=hash&amp;ref_src=twsrc%5Etfw\">#DiaMundialDelArte<\/a> <br>Mir\u00e1 lo que se viene en el Larreta ?? <a href=\"https:\/\/t.co\/lLxpfWMUQl\">pic.twitter.com\/lLxpfWMUQl<\/a><\/p>&mdash; Museo Larreta (@MuseoLarreta) <a href=\"https:\/\/twitter.com\/MuseoLarreta\/status\/1647322147243671553?ref_src=twsrc%5Etfw\">April 15, 2023<\/a><\/blockquote> <script async src=\"https:\/\/platform.twitter.com\/widgets.js\" charset=\"utf-8\"><\/script>\n<\/div>\n<div style=\"height:20px\" aria-hidden=\"true\" class=\"wp-block-spacer\"><\/div>\n\n\n\n<p>Reconocida como la serie m\u00e1s compleja de su obra, su<strong> hermetismo<\/strong> se refuerza en el car\u00e1cter inconcluso y la ausencia de comentarios descriptivos. Algunas interpretaciones la vinculan al mundo de los sue\u00f1os, otras con el carnaval, fiesta que se caracteriza por la <strong>subversi\u00f3n<\/strong><em> <\/em>de aquello que representa \u201cel orden establecido\u201d. Son escenas inquietantes, plenas de<strong> fantas\u00eda <\/strong>donde todo resulta il\u00f3gico y sorprendente.<\/p>\n\n\n\n<p><strong>Goya <\/strong>realiza una cr\u00edtica sagaz sobre algunos aspectos del comportamiento humano y sus instituciones; mirada que a\u00fan hoy pareciera gozar de una gran contemporaneidad. Tal vez estas im\u00e1genes nos remiten a ciertos<em> <\/em><strong>disparates<\/strong> del presente.<\/p>\n\n\n\n<p>La exhibici\u00f3n cuenta adem\u00e1s con una serie de estampas previas y otras muy poco difundidas\u00a0conocidas como estampas primitivas o sueltas, y un par de trajes goyescos provenientes del acervo del museo.\u00a0<\/p>\n\n\n\n<p>El visitante tendr\u00e1 la oportunidad de indagar sobre el alcance y vigencia del significado de <em>Disparates, <\/em>palabra espa\u00f1ola que familiarmente sirve para designar desatino,<em> locura o absurdo<\/em>, a trav\u00e9s de preguntas disparadoras que entrelazan\u00a0 el momento de su creaci\u00f3n y su injerencia en la actualidad.<\/p>\n\n\n\n<p><\/p>\n","protected":false},"excerpt":{"rendered":"<div class=\"mh-excerpt\">Muestra una serie de grabados realizados por Francisco de Goya entre 1816 y 1823 poco antes de abandonar Espa\u00f1a, La serie permaneci\u00f3 in\u00e9dita hasta 1864. Inauguraci\u00f3n 20 de abril, 18hs. <a class=\"mh-excerpt-more\" href=\"https:\/\/www.comuna13online.com.ar\/?p=17002\" title=\"Goya. Los disparates. Hermetismo, subversi\u00f3n y fantas\u00eda en el Museo Larreta\">[&#8230;]<\/a><\/div>\n","protected":false},"author":1,"featured_media":17003,"comment_status":"closed","ping_status":"closed","sticky":false,"template":"","format":"standard","meta":{"_uag_custom_page_level_css":"","_jetpack_memberships_contains_paid_content":false,"footnotes":"","jetpack_publicize_message":"","jetpack_publicize_feature_enabled":true,"jetpack_social_post_already_shared":false,"jetpack_social_options":{"image_generator_settings":{"template":"highway","default_image_id":0,"font":"","enabled":false},"version":2}},"categories":[242],"tags":[155,19,111,250,296,77],"class_list":{"0":"post-17002","1":"post","2":"type-post","3":"status-publish","4":"format-standard","5":"has-post-thumbnail","7":"category-muestra","8":"tag-arte","9":"tag-comuna-13","10":"tag-exhibicion","11":"tag-h2","12":"tag-h3","13":"tag-museo-larreta"},"jetpack_publicize_connections":[],"jetpack_featured_media_url":"https:\/\/www.comuna13online.com.ar\/wp-content\/uploads\/2023\/04\/20230417a_id.jpg","uagb_featured_image_src":{"full":["https:\/\/www.comuna13online.com.ar\/wp-content\/uploads\/2023\/04\/20230417a_id.jpg",678,452,false],"thumbnail":["https:\/\/www.comuna13online.com.ar\/wp-content\/uploads\/2023\/04\/20230417a_id.jpg",128,85,false],"medium":["https:\/\/www.comuna13online.com.ar\/wp-content\/uploads\/2023\/04\/20230417a_id.jpg",678,452,false],"medium_large":["https:\/\/www.comuna13online.com.ar\/wp-content\/uploads\/2023\/04\/20230417a_id.jpg",678,452,false],"large":["https:\/\/www.comuna13online.com.ar\/wp-content\/uploads\/2023\/04\/20230417a_id.jpg",678,452,false],"1536x1536":["https:\/\/www.comuna13online.com.ar\/wp-content\/uploads\/2023\/04\/20230417a_id.jpg",678,452,false],"2048x2048":["https:\/\/www.comuna13online.com.ar\/wp-content\/uploads\/2023\/04\/20230417a_id.jpg",678,452,false],"mh-magazine-slider":["https:\/\/www.comuna13online.com.ar\/wp-content\/uploads\/2023\/04\/20230417a_id-678x438.jpg",678,438,true],"mh-magazine-content":["https:\/\/www.comuna13online.com.ar\/wp-content\/uploads\/2023\/04\/20230417a_id-678x381.jpg",678,381,true],"mh-magazine-large":["https:\/\/www.comuna13online.com.ar\/wp-content\/uploads\/2023\/04\/20230417a_id.jpg",678,452,false],"mh-magazine-medium":["https:\/\/www.comuna13online.com.ar\/wp-content\/uploads\/2023\/04\/20230417a_id-326x245.jpg",326,245,true],"mh-magazine-small":["https:\/\/www.comuna13online.com.ar\/wp-content\/uploads\/2023\/04\/20230417a_id-80x60.jpg",80,60,true],"sow-carousel-default":["https:\/\/www.comuna13online.com.ar\/wp-content\/uploads\/2023\/04\/20230417a_id-272x182.jpg",272,182,true]},"uagb_author_info":{"display_name":"Comuna13","author_link":"https:\/\/www.comuna13online.com.ar\/?author=1"},"uagb_comment_info":0,"uagb_excerpt":"Muestra una serie de grabados realizados por Francisco de Goya entre 1816 y 1823 poco antes de abandonar Espa\u00f1a, La serie permaneci\u00f3 in\u00e9dita hasta 1864. Inauguraci\u00f3n 20 de abril, 18hs. [...]","jetpack_sharing_enabled":true,"_links":{"self":[{"href":"https:\/\/www.comuna13online.com.ar\/index.php?rest_route=\/wp\/v2\/posts\/17002","targetHints":{"allow":["GET"]}}],"collection":[{"href":"https:\/\/www.comuna13online.com.ar\/index.php?rest_route=\/wp\/v2\/posts"}],"about":[{"href":"https:\/\/www.comuna13online.com.ar\/index.php?rest_route=\/wp\/v2\/types\/post"}],"author":[{"embeddable":true,"href":"https:\/\/www.comuna13online.com.ar\/index.php?rest_route=\/wp\/v2\/users\/1"}],"replies":[{"embeddable":true,"href":"https:\/\/www.comuna13online.com.ar\/index.php?rest_route=%2Fwp%2Fv2%2Fcomments&post=17002"}],"version-history":[{"count":0,"href":"https:\/\/www.comuna13online.com.ar\/index.php?rest_route=\/wp\/v2\/posts\/17002\/revisions"}],"wp:featuredmedia":[{"embeddable":true,"href":"https:\/\/www.comuna13online.com.ar\/index.php?rest_route=\/wp\/v2\/media\/17003"}],"wp:attachment":[{"href":"https:\/\/www.comuna13online.com.ar\/index.php?rest_route=%2Fwp%2Fv2%2Fmedia&parent=17002"}],"wp:term":[{"taxonomy":"category","embeddable":true,"href":"https:\/\/www.comuna13online.com.ar\/index.php?rest_route=%2Fwp%2Fv2%2Fcategories&post=17002"},{"taxonomy":"post_tag","embeddable":true,"href":"https:\/\/www.comuna13online.com.ar\/index.php?rest_route=%2Fwp%2Fv2%2Ftags&post=17002"}],"curies":[{"name":"wp","href":"https:\/\/api.w.org\/{rel}","templated":true}]}}