{"id":16995,"date":"2023-04-14T04:25:00","date_gmt":"2023-04-14T07:25:00","guid":{"rendered":"http:\/\/www.comuna13online.com.ar\/?p=16995"},"modified":"2023-04-14T16:37:39","modified_gmt":"2023-04-14T19:37:39","slug":"declaro-como-personalidad-destacada-a-sergio-marchi","status":"publish","type":"post","link":"https:\/\/www.comuna13online.com.ar\/?p=16995","title":{"rendered":"Declar\u00f3 como Personalidad Destacada a Sergio Marchi"},"content":{"rendered":"\n<p><strong>El cuerpo legislativo de la Ciudad declararon como Personalidad Destacada en el \u00e1mbito de la Cultura al periodista y escritor de Rock Sergio Marchi, qui\u00e9n cumple 40 a\u00f1os de trayectoria.<\/strong><\/p>\n\n\n\n<div style=\"height:10px\" aria-hidden=\"true\" class=\"wp-block-spacer\"><\/div>\n\n\n\n<figure class=\"wp-block-image size-full is-resized\"><img loading=\"lazy\" decoding=\"async\" data-attachment-id=\"16996\" data-permalink=\"https:\/\/www.comuna13online.com.ar\/?attachment_id=16996\" data-orig-file=\"https:\/\/www.comuna13online.com.ar\/wp-content\/uploads\/2023\/04\/20230414b_01.jpg\" data-orig-size=\"678,452\" data-comments-opened=\"0\" data-image-meta=\"{&quot;aperture&quot;:&quot;0&quot;,&quot;credit&quot;:&quot;&quot;,&quot;camera&quot;:&quot;&quot;,&quot;caption&quot;:&quot;&quot;,&quot;created_timestamp&quot;:&quot;0&quot;,&quot;copyright&quot;:&quot;&quot;,&quot;focal_length&quot;:&quot;0&quot;,&quot;iso&quot;:&quot;0&quot;,&quot;shutter_speed&quot;:&quot;0&quot;,&quot;title&quot;:&quot;&quot;,&quot;orientation&quot;:&quot;0&quot;}\" data-image-title=\"20230414b_01\" data-image-description=\"\" data-image-caption=\"\" data-large-file=\"https:\/\/www.comuna13online.com.ar\/wp-content\/uploads\/2023\/04\/20230414b_01.jpg\" src=\"http:\/\/www.comuna13online.com.ar\/wp-content\/uploads\/2023\/04\/20230414b_01.jpg\" alt=\"\" class=\"wp-image-16996\" width=\"677\" height=\"451\" srcset=\"https:\/\/www.comuna13online.com.ar\/wp-content\/uploads\/2023\/04\/20230414b_01.jpg 678w, https:\/\/www.comuna13online.com.ar\/wp-content\/uploads\/2023\/04\/20230414b_01-272x182.jpg 272w\" sizes=\"auto, (max-width: 677px) 100vw, 677px\" \/><figcaption class=\"wp-element-caption\"><sup><kbd>Sergio Marchi junto a Charly Garc\u00eda, en 1997 public\u00f3 \"No digas nada, una vida de Charly Garc\u00eda\".<\/kbd><\/sup><\/figcaption><\/figure>\n\n\n\n<div style=\"height:20px\" aria-hidden=\"true\" class=\"wp-block-spacer\"><\/div>\n\n\n\n<p>El acto se llev\u00f3 a cabo dentro del\u00a0Sal\u00f3n Montevideo\u00a0y cont\u00f3 con la presencia del\u00a0legislador y autor del proyecto Roy Cortina, el periodista Alfredo Rosso\u00a0y el homenajeado.\u00a0Adem\u00e1s,\u00a0el m\u00fasico Richard Coleman brind\u00f3 un show musical y varios artistas saludaron a Marchi a trav\u00e9s de un video.<\/p>\n\n\n\n<p>En el comienzo de las alocuciones, Cortina destac\u00f3 la importancia de tomar contacto con los actores de la cultura, escucharlos y conocer la forma de trabajar y las necesidades que tiene la cultura en la Ciudad.<\/p>\n\n\n\n<p>A su vez mencion\u00f3 a Marchi como <em>\u201cel hombre que m\u00e1s sabe de nuestro rock nacional\u201d<\/em>. Y agreg\u00f3: <em>\u201cSergio es uno de los escritores m\u00e1s importantes de referencia sobre el tema, con sus libros y biograf\u00edas supo emocionarnos y meternos de lleno en este mundo incre\u00edble del rock y sus artistas\u201d<\/em>.<\/p>\n\n\n\n<p>Por su parte, Marchi agradeci\u00f3 al diputado Cortina y a toda la Legislatura. <em>\u201cEstoy muy contento por la distinci\u00f3n. Mi vida laboral comenz\u00f3 muy cerca de ac\u00e1\u201d, mencion\u00f3 el periodista al momento de recordar sus inicios. Y puntualiz\u00f3: \u201cAprend\u00ed mucho escuchando discos y a m\u00ed me educ\u00f3 el rock and roll\u201d<\/em>.<\/p>\n\n\n\n<p>Finalmente Rosso rememor\u00f3 c\u00f3mo conoci\u00f3 a Marchi y el periodismo de rock en el pa\u00eds. Y resalt\u00f3: <em>\u201cCompartimos redacciones, recitales, festivales de aqu\u00ed y de afuera. As\u00ed aprend\u00ed a admirar a Sergio Marchi, a sus ganas de conocer m\u00e1s, de investigar, de adentrarse en los sujetos y objetos de sus notas y ese hambre de saber y curiosidad y su disciplina envidiable\u201d<\/em>.<\/p>\n\n\n\n<p>Sergio Marchi es uno de los grandes divulgadores de nuestro rock nacional. Sus innumerables art\u00edculos y biograf\u00edas han sido fuente de consulta permanente para diferentes medios de comunicaci\u00f3n especializados, debido a sus conocimientos no solo de nuestra m\u00fasica sino tambi\u00e9n del rock latino.<br>Entre sus obras se destacan la biograf\u00eda de Charly Garc\u00eda, \u201cNo digas nada\u201d; \u201cPappo: El Hombre Suburbano\u201d y \u00abSpinetta: Ruido de Magia\u00bb. Otro de sus \u00e9xitos es \u00abRoom service\u00bb, donde recopila todas las historias escandalosas del rock de nuestro pa\u00eds.<\/p>\n","protected":false},"excerpt":{"rendered":"<div class=\"mh-excerpt\">El cuerpo legislativo de la Ciudad declararon como Personalidad Destacada en el \u00e1mbito de la Cultura al periodista y escritor de Rock Sergio Marchi, qui\u00e9n cumple 40 a\u00f1os de trayectoria. <a class=\"mh-excerpt-more\" href=\"https:\/\/www.comuna13online.com.ar\/?p=16995\" title=\"Declar\u00f3 como Personalidad Destacada a Sergio Marchi\">[&#8230;]<\/a><\/div>\n","protected":false},"author":1,"featured_media":16997,"comment_status":"closed","ping_status":"closed","sticky":false,"template":"","format":"standard","meta":{"_uag_custom_page_level_css":"","_jetpack_memberships_contains_paid_content":false,"footnotes":"","jetpack_publicize_message":"","jetpack_publicize_feature_enabled":true,"jetpack_social_post_already_shared":false,"jetpack_social_options":{"image_generator_settings":{"template":"highway","default_image_id":0,"font":"","enabled":false},"version":2}},"categories":[145],"tags":[250,296,7,147,146],"class_list":{"0":"post-16995","1":"post","2":"type-post","3":"status-publish","4":"format-standard","5":"has-post-thumbnail","7":"category-reconocimiento","8":"tag-h2","9":"tag-h3","10":"tag-legislatura","11":"tag-personalidad-destacada","12":"tag-reconocimiento"},"jetpack_publicize_connections":[],"jetpack_featured_media_url":"https:\/\/www.comuna13online.com.ar\/wp-content\/uploads\/2023\/04\/20230414b_id.jpg","uagb_featured_image_src":{"full":["https:\/\/www.comuna13online.com.ar\/wp-content\/uploads\/2023\/04\/20230414b_id.jpg",678,452,false],"thumbnail":["https:\/\/www.comuna13online.com.ar\/wp-content\/uploads\/2023\/04\/20230414b_id.jpg",128,85,false],"medium":["https:\/\/www.comuna13online.com.ar\/wp-content\/uploads\/2023\/04\/20230414b_id.jpg",678,452,false],"medium_large":["https:\/\/www.comuna13online.com.ar\/wp-content\/uploads\/2023\/04\/20230414b_id.jpg",678,452,false],"large":["https:\/\/www.comuna13online.com.ar\/wp-content\/uploads\/2023\/04\/20230414b_id.jpg",678,452,false],"1536x1536":["https:\/\/www.comuna13online.com.ar\/wp-content\/uploads\/2023\/04\/20230414b_id.jpg",678,452,false],"2048x2048":["https:\/\/www.comuna13online.com.ar\/wp-content\/uploads\/2023\/04\/20230414b_id.jpg",678,452,false],"mh-magazine-slider":["https:\/\/www.comuna13online.com.ar\/wp-content\/uploads\/2023\/04\/20230414b_id-678x438.jpg",678,438,true],"mh-magazine-content":["https:\/\/www.comuna13online.com.ar\/wp-content\/uploads\/2023\/04\/20230414b_id-678x381.jpg",678,381,true],"mh-magazine-large":["https:\/\/www.comuna13online.com.ar\/wp-content\/uploads\/2023\/04\/20230414b_id.jpg",678,452,false],"mh-magazine-medium":["https:\/\/www.comuna13online.com.ar\/wp-content\/uploads\/2023\/04\/20230414b_id-326x245.jpg",326,245,true],"mh-magazine-small":["https:\/\/www.comuna13online.com.ar\/wp-content\/uploads\/2023\/04\/20230414b_id-80x60.jpg",80,60,true],"sow-carousel-default":["https:\/\/www.comuna13online.com.ar\/wp-content\/uploads\/2023\/04\/20230414b_id-272x182.jpg",272,182,true]},"uagb_author_info":{"display_name":"Comuna13","author_link":"https:\/\/www.comuna13online.com.ar\/?author=1"},"uagb_comment_info":0,"uagb_excerpt":"El cuerpo legislativo de la Ciudad declararon como Personalidad Destacada en el \u00e1mbito de la Cultura al periodista y escritor de Rock Sergio Marchi, qui\u00e9n cumple 40 a\u00f1os de trayectoria. [...]","jetpack_sharing_enabled":true,"_links":{"self":[{"href":"https:\/\/www.comuna13online.com.ar\/index.php?rest_route=\/wp\/v2\/posts\/16995","targetHints":{"allow":["GET"]}}],"collection":[{"href":"https:\/\/www.comuna13online.com.ar\/index.php?rest_route=\/wp\/v2\/posts"}],"about":[{"href":"https:\/\/www.comuna13online.com.ar\/index.php?rest_route=\/wp\/v2\/types\/post"}],"author":[{"embeddable":true,"href":"https:\/\/www.comuna13online.com.ar\/index.php?rest_route=\/wp\/v2\/users\/1"}],"replies":[{"embeddable":true,"href":"https:\/\/www.comuna13online.com.ar\/index.php?rest_route=%2Fwp%2Fv2%2Fcomments&post=16995"}],"version-history":[{"count":0,"href":"https:\/\/www.comuna13online.com.ar\/index.php?rest_route=\/wp\/v2\/posts\/16995\/revisions"}],"wp:featuredmedia":[{"embeddable":true,"href":"https:\/\/www.comuna13online.com.ar\/index.php?rest_route=\/wp\/v2\/media\/16997"}],"wp:attachment":[{"href":"https:\/\/www.comuna13online.com.ar\/index.php?rest_route=%2Fwp%2Fv2%2Fmedia&parent=16995"}],"wp:term":[{"taxonomy":"category","embeddable":true,"href":"https:\/\/www.comuna13online.com.ar\/index.php?rest_route=%2Fwp%2Fv2%2Fcategories&post=16995"},{"taxonomy":"post_tag","embeddable":true,"href":"https:\/\/www.comuna13online.com.ar\/index.php?rest_route=%2Fwp%2Fv2%2Ftags&post=16995"}],"curies":[{"name":"wp","href":"https:\/\/api.w.org\/{rel}","templated":true}]}}