{"id":16968,"date":"2023-04-10T14:57:52","date_gmt":"2023-04-10T17:57:52","guid":{"rendered":"http:\/\/www.comuna13online.com.ar\/?p=16968"},"modified":"2023-04-11T15:30:26","modified_gmt":"2023-04-11T18:30:26","slug":"llega-una-nueva-edicion-de-la-semana-de-los-centros-comerciales-abiertos-a-la-comuna-13","status":"publish","type":"post","link":"https:\/\/www.comuna13online.com.ar\/?p=16968","title":{"rendered":"Llega una nueva edici\u00f3n de la Semana de los Centros Comerciales Abiertos a la Comuna 13"},"content":{"rendered":"\n<p><strong>Del 11 al 14 de abril se desarrollar\u00e1 la 5ta edici\u00f3n de la Semana de los Centros Comerciales en Colegiales, tiene como objetivo potenciar las ventas de\u00a0los comercios locales.<\/strong><\/p>\n\n\n\n<div style=\"height:10px\" aria-hidden=\"true\" class=\"wp-block-spacer\"><\/div>\n\n\n\n<figure class=\"wp-block-image size-full\"><img loading=\"lazy\" decoding=\"async\" width=\"678\" height=\"452\" data-attachment-id=\"14983\" data-permalink=\"https:\/\/www.comuna13online.com.ar\/?attachment_id=14983\" data-orig-file=\"https:\/\/www.comuna13online.com.ar\/wp-content\/uploads\/2022\/03\/20220307a_01.jpg\" data-orig-size=\"678,452\" data-comments-opened=\"0\" data-image-meta=\"{&quot;aperture&quot;:&quot;0&quot;,&quot;credit&quot;:&quot;&quot;,&quot;camera&quot;:&quot;&quot;,&quot;caption&quot;:&quot;&quot;,&quot;created_timestamp&quot;:&quot;0&quot;,&quot;copyright&quot;:&quot;&quot;,&quot;focal_length&quot;:&quot;0&quot;,&quot;iso&quot;:&quot;0&quot;,&quot;shutter_speed&quot;:&quot;0&quot;,&quot;title&quot;:&quot;&quot;,&quot;orientation&quot;:&quot;0&quot;}\" data-image-title=\"20220307a_01\" data-image-description=\"\" data-image-caption=\"\" data-large-file=\"https:\/\/www.comuna13online.com.ar\/wp-content\/uploads\/2022\/03\/20220307a_01.jpg\" src=\"http:\/\/www.comuna13online.com.ar\/wp-content\/uploads\/2022\/03\/20220307a_01.jpg\" alt=\"\" class=\"wp-image-14983\" srcset=\"https:\/\/www.comuna13online.com.ar\/wp-content\/uploads\/2022\/03\/20220307a_01.jpg 678w, https:\/\/www.comuna13online.com.ar\/wp-content\/uploads\/2022\/03\/20220307a_01-272x182.jpg 272w\" sizes=\"auto, (max-width: 678px) 100vw, 678px\" \/><\/figure>\n\n\n\n<div style=\"height:20px\" aria-hidden=\"true\" class=\"wp-block-spacer\"><\/div>\n\n\n\n<p>Bajo el lema \u201c<strong>Quiero a mi barrio, compro en mi barrio<\/strong>\u201d, el\u00a0Ministerio de Desarrollo Econ\u00f3mico y Producci\u00f3n\u00a0de la Ciudad de Buenos Aires junto a los comerciantes de Colegiales se llevar\u00e1 adelante una nueva edici\u00f3n de la Semana de los Centros Comerciales Abiertos (CCA). Del 11 al 14 de abril sobre la avenida Elcano entre Conde y Zapiola. La iniciativa busca fomentar el consumo de los vecinos en los comercios locales y potenciar el crecimiento del sector.<\/p>\n\n\n\n<p>Otra de las actividades principales es\u00a0Caf\u00e9 Pyme, una visita a los comerciantes con funcionarios del\u00a0Gobierno de la Ciudad\u00a0para que cuenten sus\u00a0inquietudes,\u00a0ideas\u00a0y\u00a0necesidades\u00a0para mejorar la zona y\u00a0potenciar las ventas.<\/p>\n\n\n\n<p>Los Centros Comerciales Abiertos (CCA) son espacios de intercambio din\u00e1mico entre las PyMEs y la comunidad. Son considerados como un \u00e1rea urbana delimitada con una alta densidad comercial y de servicios, con caracter\u00edsticas propias, con una imagen distintiva, organizados y gestionados como una oferta comercial \u00fanica, en base a la colaboraci\u00f3n p\u00fablico privada.<\/p>\n\n\n\n<p>Impulsada a trav\u00e9s de la Subsecretar\u00eda de Micro, Peque\u00f1as y Medianas Empresas, la propuesta se propone acompa\u00f1ar a los comerciantes de cada barrio, para trabajar con ellos en sus ideas y necesidades para mejorar la zona. La primera edici\u00f3n se llev\u00f3 a cabo en marzo de 2022 en Villa Devoto y ahora, por segunda vez, es el turno de Colegiales, en el eje comercial comprendido a lo largo de la Av. Elcano, entre Conde y Zapiola.<\/p>\n\n\n\n<p>Dentro de la agenda de actividades, una de ellas consiste en un\u00a0recorrido por la zona\u00a0con personal de la\u00a0Secretar\u00eda de Seguridad\u00a0de la Ciudad, para abordar temas vinculados a esa tem\u00e1tica.<\/p>\n\n\n\n<p>Por otro lado,\u00a0<a href=\"https:\/\/ciudadverde.gob.ar\/\" target=\"_blank\" rel=\"noreferrer noopener\">BA Recicla<\/a>\u00a0comparte informaci\u00f3n sobre el\u00a0plan de reciclado\u00a0de la Ciudad, que tiene por objetivo que todos los vecinos y vecinas\u00a0separen sus residuos\u00a0en casa.\u00a0<\/p>\n\n\n\n<p>El s\u00e1bado 15 de abril se llevar\u00e1 a cabo un evento de cierre, con la participaci\u00f3n de\u00a0artistas barriales, malabaristas, trompetistas, equilibristas,\u00a0mucha m\u00fasica\u00a0y divertidas sorpresas. en\u00a0Av. Elcano entre Superi y Cramer desde las 11 horas.<\/p>\n\n\n\n<p>Adem\u00e1s, los comercios adheridos de la zona\u00a0<strong>ofrecer\u00e1n promociones especiales<\/strong>\u00a0para todos los vecinos.<\/p>\n\n\n\n<p><\/p>\n","protected":false},"excerpt":{"rendered":"<div class=\"mh-excerpt\">Del 11 al 14 de abril se desarrollar\u00e1 la 5ta edici\u00f3n de la Semana de los Centros Comerciales en Colegiales, tiene como objetivo potenciar las ventas de\u00a0los comercios locales. Bajo <a class=\"mh-excerpt-more\" href=\"https:\/\/www.comuna13online.com.ar\/?p=16968\" title=\"Llega una nueva edici\u00f3n de la Semana de los Centros Comerciales Abiertos a la Comuna 13\">[&#8230;]<\/a><\/div>\n","protected":false},"author":1,"featured_media":14984,"comment_status":"closed","ping_status":"closed","sticky":false,"template":"","format":"standard","meta":{"_uag_custom_page_level_css":"","_jetpack_memberships_contains_paid_content":false,"footnotes":"","jetpack_publicize_message":"","jetpack_publicize_feature_enabled":true,"jetpack_social_post_already_shared":false,"jetpack_social_options":{"image_generator_settings":{"template":"highway","default_image_id":0,"font":"","enabled":false},"version":2}},"categories":[267],"tags":[210,19,250,296],"class_list":{"0":"post-16968","1":"post","2":"type-post","3":"status-publish","4":"format-standard","5":"has-post-thumbnail","7":"category-comercio","8":"tag-comercio","9":"tag-comuna-13","10":"tag-h2","11":"tag-h3"},"jetpack_publicize_connections":[],"jetpack_featured_media_url":"https:\/\/www.comuna13online.com.ar\/wp-content\/uploads\/2022\/03\/20220307a_id.jpg","uagb_featured_image_src":{"full":["https:\/\/www.comuna13online.com.ar\/wp-content\/uploads\/2022\/03\/20220307a_id.jpg",678,452,false],"thumbnail":["https:\/\/www.comuna13online.com.ar\/wp-content\/uploads\/2022\/03\/20220307a_id.jpg",128,85,false],"medium":["https:\/\/www.comuna13online.com.ar\/wp-content\/uploads\/2022\/03\/20220307a_id.jpg",678,452,false],"medium_large":["https:\/\/www.comuna13online.com.ar\/wp-content\/uploads\/2022\/03\/20220307a_id.jpg",678,452,false],"large":["https:\/\/www.comuna13online.com.ar\/wp-content\/uploads\/2022\/03\/20220307a_id.jpg",678,452,false],"1536x1536":["https:\/\/www.comuna13online.com.ar\/wp-content\/uploads\/2022\/03\/20220307a_id.jpg",678,452,false],"2048x2048":["https:\/\/www.comuna13online.com.ar\/wp-content\/uploads\/2022\/03\/20220307a_id.jpg",678,452,false],"mh-magazine-slider":["https:\/\/www.comuna13online.com.ar\/wp-content\/uploads\/2022\/03\/20220307a_id-678x438.jpg",678,438,true],"mh-magazine-content":["https:\/\/www.comuna13online.com.ar\/wp-content\/uploads\/2022\/03\/20220307a_id-678x381.jpg",678,381,true],"mh-magazine-large":["https:\/\/www.comuna13online.com.ar\/wp-content\/uploads\/2022\/03\/20220307a_id.jpg",678,452,false],"mh-magazine-medium":["https:\/\/www.comuna13online.com.ar\/wp-content\/uploads\/2022\/03\/20220307a_id-326x245.jpg",326,245,true],"mh-magazine-small":["https:\/\/www.comuna13online.com.ar\/wp-content\/uploads\/2022\/03\/20220307a_id-80x60.jpg",80,60,true],"sow-carousel-default":["https:\/\/www.comuna13online.com.ar\/wp-content\/uploads\/2022\/03\/20220307a_id-272x182.jpg",272,182,true]},"uagb_author_info":{"display_name":"Comuna13","author_link":"https:\/\/www.comuna13online.com.ar\/?author=1"},"uagb_comment_info":0,"uagb_excerpt":"Del 11 al 14 de abril se desarrollar\u00e1 la 5ta edici\u00f3n de la Semana de los Centros Comerciales en Colegiales, tiene como objetivo potenciar las ventas de\u00a0los comercios locales. Bajo [...]","jetpack_sharing_enabled":true,"_links":{"self":[{"href":"https:\/\/www.comuna13online.com.ar\/index.php?rest_route=\/wp\/v2\/posts\/16968","targetHints":{"allow":["GET"]}}],"collection":[{"href":"https:\/\/www.comuna13online.com.ar\/index.php?rest_route=\/wp\/v2\/posts"}],"about":[{"href":"https:\/\/www.comuna13online.com.ar\/index.php?rest_route=\/wp\/v2\/types\/post"}],"author":[{"embeddable":true,"href":"https:\/\/www.comuna13online.com.ar\/index.php?rest_route=\/wp\/v2\/users\/1"}],"replies":[{"embeddable":true,"href":"https:\/\/www.comuna13online.com.ar\/index.php?rest_route=%2Fwp%2Fv2%2Fcomments&post=16968"}],"version-history":[{"count":0,"href":"https:\/\/www.comuna13online.com.ar\/index.php?rest_route=\/wp\/v2\/posts\/16968\/revisions"}],"wp:featuredmedia":[{"embeddable":true,"href":"https:\/\/www.comuna13online.com.ar\/index.php?rest_route=\/wp\/v2\/media\/14984"}],"wp:attachment":[{"href":"https:\/\/www.comuna13online.com.ar\/index.php?rest_route=%2Fwp%2Fv2%2Fmedia&parent=16968"}],"wp:term":[{"taxonomy":"category","embeddable":true,"href":"https:\/\/www.comuna13online.com.ar\/index.php?rest_route=%2Fwp%2Fv2%2Fcategories&post=16968"},{"taxonomy":"post_tag","embeddable":true,"href":"https:\/\/www.comuna13online.com.ar\/index.php?rest_route=%2Fwp%2Fv2%2Ftags&post=16968"}],"curies":[{"name":"wp","href":"https:\/\/api.w.org\/{rel}","templated":true}]}}