{"id":1691,"date":"2018-06-07T11:18:45","date_gmt":"2018-06-07T14:18:45","guid":{"rendered":"http:\/\/www.comuna13online.com.ar\/?p=1691"},"modified":"2018-06-07T19:21:29","modified_gmt":"2018-06-07T22:21:29","slug":"doble-crimen-narco-en-el-barrio-de-belgrano-en-nuestra-comuna-13","status":"publish","type":"post","link":"https:\/\/www.comuna13online.com.ar\/?p=1691","title":{"rendered":"Doble crimen narco en el Barrio de Belgrano en nuestra Comuna 13"},"content":{"rendered":"<p><strong>La polic\u00eda busca pistas que permitan identificar al sicario implicado en el hecho. Tratan de establecer c\u00f3mo ingres\u00f3 al edificio para perpetrar el doble crimen.<\/strong><\/p>\n<p><img loading=\"lazy\" decoding=\"async\" data-attachment-id=\"1693\" data-permalink=\"https:\/\/www.comuna13online.com.ar\/?attachment_id=1693\" data-orig-file=\"https:\/\/www.comuna13online.com.ar\/wp-content\/uploads\/2018\/06\/policiales2-e1528410056552.jpg\" data-orig-size=\"678,382\" data-comments-opened=\"0\" data-image-meta=\"{&quot;aperture&quot;:&quot;0&quot;,&quot;credit&quot;:&quot;&quot;,&quot;camera&quot;:&quot;&quot;,&quot;caption&quot;:&quot;&quot;,&quot;created_timestamp&quot;:&quot;0&quot;,&quot;copyright&quot;:&quot;&quot;,&quot;focal_length&quot;:&quot;0&quot;,&quot;iso&quot;:&quot;0&quot;,&quot;shutter_speed&quot;:&quot;0&quot;,&quot;title&quot;:&quot;&quot;,&quot;orientation&quot;:&quot;0&quot;}\" data-image-title=\"policiales2\" data-image-description=\"\" data-image-caption=\"\" data-large-file=\"https:\/\/www.comuna13online.com.ar\/wp-content\/uploads\/2018\/06\/policiales2-778x438.jpg\" class=\"alignnone size-medium wp-image-1693\" src=\"http:\/\/www.comuna13online.com.ar\/wp-content\/uploads\/2018\/06\/policiales2-678x382.jpg\" alt=\"\" width=\"678\" height=\"382\" \/><\/p>\n<p>Un <strong>hombre de nacionalidad mexicana <\/strong>que cumpl\u00eda prisi\u00f3n domiciliaria en la causa en la que se investiga el env\u00edo de <strong>coca\u00edna a M\u00e9xico, Canad\u00e1 y Europa conocida como \u201cBobinas Blancas\u201d<\/strong> y su <strong>hijo colombiano<\/strong>, fueron <strong>asesinados <\/strong>en un departamento del barrio de <strong>Belgrano<\/strong>.<\/p>\n<p>Seg\u00fan informaron fuentes policiales y judiciales, antes de cometer el doble crimen, que <strong>se sospecha habr\u00eda sido por un ajuste de cuentas<\/strong>, el sicario que entr\u00f3 encapuchado al lugar encerr\u00f3 en el departamento a una abogada que se hab\u00eda reunido con las v\u00edctimas.<\/p>\n<p>La gran pregunta que se hacen las autoridades que investigan el hecho de violencia, es <strong>\u00bfc\u00f3mo entr\u00f3 el sicario a la casa de las v\u00edctimas?<\/strong> La cuesti\u00f3n, ciertamente sospechosa, est\u00e1 en plena investigaci\u00f3n.<\/p>\n<p>El hecho ocurri\u00f3 este lunes por la noche en un departamento del cuarto piso de un edificio ubicado a pocas cuadras de nuestra Redacci\u00f3n en la avenida <strong>Cabildo al 2.600 <\/strong>y las dos personas asesinadas fueron identificadas como <strong>Rodrigo Alexander Naged Ram\u00edrez, <\/strong><strong>de 60 a\u00f1os, imputado en la causa por narcotr\u00e1fico, y su hijo John Naged, <\/strong><strong>de unos 30<\/strong><strong>.<\/strong><\/p>\n<p>Seg\u00fan indicaron los voceros, mientras padre e hijo estaban terminando la reuni\u00f3n con la abogada <strong>Julieta Bonanno<\/strong>, <strong>alrededor de las 22:30 de este lunes<\/strong>, ingres\u00f3 al departamento el hombre encapuchado que <strong>los asesin\u00f3.<\/strong><\/p>\n<p>A punta de pistola, el sicario oblig\u00f3 a la letrada <strong>a atar a padre e hijo <\/strong>y luego la encerr\u00f3 en el lavadero del departamento, seg\u00fan le cont\u00f3 la abogada a los investigadores.<\/p>\n<p>La mujer escuch\u00f3 detonaciones y a los gritos pidi\u00f3 ayuda de vecinos, que llamaron a la comisar\u00eda.<\/p>\n<p>Al llegar los efectivos, <strong>encontraron los cad\u00e1veres del mexicano y su hijo colombiano, adem\u00e1s de un cuchillo con sangre y tres vainas servidas de un arma de fuego calibre 9 mil\u00edmetros.<\/strong><\/p>\n<p>La causa por el doble crimen qued\u00f3 a cargo del Juzgado Nacional en lo Criminal y Correccional N\u00b0 55, cuyo titular es el juez <strong>Alejandro Litvack.<\/strong><\/p>\n<p><strong>Causa \u201cBobinas Blancas\u201d<\/strong><\/p>\n<p><strong>Naged Ram\u00edrez,<\/strong> junto a otros nueve personas, <strong>est\u00e1 imputado en la causa \u201cBobinas Blancas\u201d <\/strong>en el que se secuestraron cerca de dos toneladas de coca\u00edna en diferentes operativos realizados en la ciudad bonaerense de Bah\u00eda Blanca y en la provincia de Mendoza.<\/p>\n<p>Durante esos procedimientos, realizados en junio de 2017, <strong>se secuestraron 1.375,89 kilos de coca\u00edna dentro de ocho bobinas de acero depositadas en el Parque Industrial de Bah\u00eda Blanca y otros 486,28 kilos dentro de bolsas de arpillera<\/strong> con piedras semipreciosas dentro de un galp\u00f3n en localidad mendocina de Perdriel.<\/p>\n<p>La droga incautada fue valuada en ese momento en unos 60 millones de d\u00f3lares y seg\u00fan la investigaci\u00f3n ten\u00eda como destino M\u00e9xico, Canad\u00e1 y Europa.<\/p>\n<p>Tras quedar detenido, <strong>Naged Ram\u00edrez<\/strong> sufri\u00f3 un accidente cerebro-vascular, por lo que la justicia le hab\u00eda concedido la prisi\u00f3n domiciliaria y por eso se encontraba en el departamento en el que fue asesinado. Cuando <strong>Naged Ram\u00edrez<\/strong> fue detenido el a\u00f1o pasado declar\u00f3 ser constructor y dijo que viv\u00eda en un departamento de un lujoso edificio ubicado en la calle Olga Cossettini 1112, en la zona Puerto Madero, frente a la D\u00e1rsena Sur y a metros del Puente de la Mujer.<\/p>\n<p><img loading=\"lazy\" decoding=\"async\" data-attachment-id=\"1692\" data-permalink=\"https:\/\/www.comuna13online.com.ar\/?attachment_id=1692\" data-orig-file=\"https:\/\/www.comuna13online.com.ar\/wp-content\/uploads\/2018\/06\/policiales-e1528410042127.jpg\" data-orig-size=\"678,384\" data-comments-opened=\"0\" data-image-meta=\"{&quot;aperture&quot;:&quot;0&quot;,&quot;credit&quot;:&quot;&quot;,&quot;camera&quot;:&quot;&quot;,&quot;caption&quot;:&quot;&quot;,&quot;created_timestamp&quot;:&quot;0&quot;,&quot;copyright&quot;:&quot;&quot;,&quot;focal_length&quot;:&quot;0&quot;,&quot;iso&quot;:&quot;0&quot;,&quot;shutter_speed&quot;:&quot;0&quot;,&quot;title&quot;:&quot;&quot;,&quot;orientation&quot;:&quot;0&quot;}\" data-image-title=\"policiales\" data-image-description=\"\" data-image-caption=\"\" data-large-file=\"https:\/\/www.comuna13online.com.ar\/wp-content\/uploads\/2018\/06\/policiales-774x438.jpg\" class=\"alignnone size-medium wp-image-1692\" src=\"http:\/\/www.comuna13online.com.ar\/wp-content\/uploads\/2018\/06\/policiales-678x384.jpg\" alt=\"\" width=\"678\" height=\"384\" \/><\/p>\n","protected":false},"excerpt":{"rendered":"<div class=\"mh-excerpt\">La polic\u00eda busca pistas que permitan identificar al sicario implicado en el hecho. Tratan de establecer c\u00f3mo ingres\u00f3 al edificio para perpetrar el doble crimen. Un hombre de nacionalidad mexicana <a class=\"mh-excerpt-more\" href=\"https:\/\/www.comuna13online.com.ar\/?p=1691\" title=\"Doble crimen narco en el Barrio de Belgrano en nuestra Comuna 13\">[&#8230;]<\/a><\/div>\n","protected":false},"author":1,"featured_media":1692,"comment_status":"closed","ping_status":"closed","sticky":false,"template":"","format":"standard","meta":{"_uag_custom_page_level_css":"","_jetpack_memberships_contains_paid_content":false,"footnotes":"","jetpack_publicize_message":"","jetpack_publicize_feature_enabled":true,"jetpack_social_post_already_shared":true,"jetpack_social_options":{"image_generator_settings":{"template":"highway","default_image_id":0,"font":"","enabled":false},"version":2}},"categories":[186],"tags":[188],"class_list":{"0":"post-1691","1":"post","2":"type-post","3":"status-publish","4":"format-standard","5":"has-post-thumbnail","7":"category-policiales","8":"tag-policiales"},"jetpack_publicize_connections":[],"jetpack_featured_media_url":"https:\/\/www.comuna13online.com.ar\/wp-content\/uploads\/2018\/06\/policiales-e1528410042127.jpg","uagb_featured_image_src":{"full":["https:\/\/www.comuna13online.com.ar\/wp-content\/uploads\/2018\/06\/policiales-e1528410042127.jpg",678,384,false],"thumbnail":["https:\/\/www.comuna13online.com.ar\/wp-content\/uploads\/2018\/06\/policiales-e1528410042127-150x150.jpg",96,96,true],"medium":["https:\/\/www.comuna13online.com.ar\/wp-content\/uploads\/2018\/06\/policiales-e1528410042127-678x384.jpg",678,384,true],"medium_large":["https:\/\/www.comuna13online.com.ar\/wp-content\/uploads\/2018\/06\/policiales-768x435.jpg",768,435,true],"large":["https:\/\/www.comuna13online.com.ar\/wp-content\/uploads\/2018\/06\/policiales-774x438.jpg",774,438,true],"1536x1536":["https:\/\/www.comuna13online.com.ar\/wp-content\/uploads\/2018\/06\/policiales-e1528410042127.jpg",678,384,false],"2048x2048":["https:\/\/www.comuna13online.com.ar\/wp-content\/uploads\/2018\/06\/policiales-e1528410042127.jpg",678,384,false],"mh-magazine-slider":["https:\/\/www.comuna13online.com.ar\/wp-content\/uploads\/2018\/06\/policiales-1000x438.jpg",1000,438,true],"mh-magazine-content":["https:\/\/www.comuna13online.com.ar\/wp-content\/uploads\/2018\/06\/policiales-e1528410042127-678x381.jpg",678,381,true],"mh-magazine-large":["https:\/\/www.comuna13online.com.ar\/wp-content\/uploads\/2018\/06\/policiales-e1528410042127-678x384.jpg",678,384,true],"mh-magazine-medium":["https:\/\/www.comuna13online.com.ar\/wp-content\/uploads\/2018\/06\/policiales-e1528410042127-326x245.jpg",326,245,true],"mh-magazine-small":["https:\/\/www.comuna13online.com.ar\/wp-content\/uploads\/2018\/06\/policiales-e1528410042127-80x60.jpg",80,60,true],"sow-carousel-default":["https:\/\/www.comuna13online.com.ar\/wp-content\/uploads\/2018\/06\/policiales-e1528410042127-272x182.jpg",272,182,true]},"uagb_author_info":{"display_name":"Comuna13","author_link":"https:\/\/www.comuna13online.com.ar\/?author=1"},"uagb_comment_info":0,"uagb_excerpt":"La polic\u00eda busca pistas que permitan identificar al sicario implicado en el hecho. Tratan de establecer c\u00f3mo ingres\u00f3 al edificio para perpetrar el doble crimen. Un hombre de nacionalidad mexicana [...]","jetpack_sharing_enabled":true,"_links":{"self":[{"href":"https:\/\/www.comuna13online.com.ar\/index.php?rest_route=\/wp\/v2\/posts\/1691","targetHints":{"allow":["GET"]}}],"collection":[{"href":"https:\/\/www.comuna13online.com.ar\/index.php?rest_route=\/wp\/v2\/posts"}],"about":[{"href":"https:\/\/www.comuna13online.com.ar\/index.php?rest_route=\/wp\/v2\/types\/post"}],"author":[{"embeddable":true,"href":"https:\/\/www.comuna13online.com.ar\/index.php?rest_route=\/wp\/v2\/users\/1"}],"replies":[{"embeddable":true,"href":"https:\/\/www.comuna13online.com.ar\/index.php?rest_route=%2Fwp%2Fv2%2Fcomments&post=1691"}],"version-history":[{"count":0,"href":"https:\/\/www.comuna13online.com.ar\/index.php?rest_route=\/wp\/v2\/posts\/1691\/revisions"}],"wp:featuredmedia":[{"embeddable":true,"href":"https:\/\/www.comuna13online.com.ar\/index.php?rest_route=\/wp\/v2\/media\/1692"}],"wp:attachment":[{"href":"https:\/\/www.comuna13online.com.ar\/index.php?rest_route=%2Fwp%2Fv2%2Fmedia&parent=1691"}],"wp:term":[{"taxonomy":"category","embeddable":true,"href":"https:\/\/www.comuna13online.com.ar\/index.php?rest_route=%2Fwp%2Fv2%2Fcategories&post=1691"},{"taxonomy":"post_tag","embeddable":true,"href":"https:\/\/www.comuna13online.com.ar\/index.php?rest_route=%2Fwp%2Fv2%2Ftags&post=1691"}],"curies":[{"name":"wp","href":"https:\/\/api.w.org\/{rel}","templated":true}]}}