{"id":16889,"date":"2023-03-15T07:21:00","date_gmt":"2023-03-15T10:21:00","guid":{"rendered":"http:\/\/www.comuna13online.com.ar\/?p=16889"},"modified":"2023-03-14T19:47:32","modified_gmt":"2023-03-14T22:47:32","slug":"reconocimiento-a-cirujanas-en-la-legislatura","status":"publish","type":"post","link":"https:\/\/www.comuna13online.com.ar\/?p=16889","title":{"rendered":"Reconocimiento a cirujanas en la Legislatura"},"content":{"rendered":"\n<p><strong>Declararon como Personalidad Destacada en el \u00e1mbito de las Ciencias M\u00e9dicas a la doctora y cirujana Irene Mar\u00eda Rita Altuna. Tambi\u00e9n establecieron de\u00a0Inter\u00e9s\u00a0a la\u00a0asociaci\u00f3n civil Cirujanas Argentinas.<\/strong><\/p>\n\n\n\n<div style=\"height:10px\" aria-hidden=\"true\" class=\"wp-block-spacer\"><\/div>\n\n\n\n<figure class=\"wp-block-image size-full\"><img loading=\"lazy\" decoding=\"async\" width=\"678\" height=\"452\" data-attachment-id=\"16890\" data-permalink=\"https:\/\/www.comuna13online.com.ar\/?attachment_id=16890\" data-orig-file=\"https:\/\/www.comuna13online.com.ar\/wp-content\/uploads\/2023\/03\/20230315a_id.jpg\" data-orig-size=\"678,452\" data-comments-opened=\"0\" data-image-meta=\"{&quot;aperture&quot;:&quot;0&quot;,&quot;credit&quot;:&quot;&quot;,&quot;camera&quot;:&quot;&quot;,&quot;caption&quot;:&quot;&quot;,&quot;created_timestamp&quot;:&quot;0&quot;,&quot;copyright&quot;:&quot;&quot;,&quot;focal_length&quot;:&quot;0&quot;,&quot;iso&quot;:&quot;0&quot;,&quot;shutter_speed&quot;:&quot;0&quot;,&quot;title&quot;:&quot;&quot;,&quot;orientation&quot;:&quot;0&quot;}\" data-image-title=\"20230315a_id\" data-image-description=\"\" data-image-caption=\"\" data-large-file=\"https:\/\/www.comuna13online.com.ar\/wp-content\/uploads\/2023\/03\/20230315a_id.jpg\" src=\"http:\/\/www.comuna13online.com.ar\/wp-content\/uploads\/2023\/03\/20230315a_id.jpg\" alt=\"\" class=\"wp-image-16890\" srcset=\"https:\/\/www.comuna13online.com.ar\/wp-content\/uploads\/2023\/03\/20230315a_id.jpg 678w, https:\/\/www.comuna13online.com.ar\/wp-content\/uploads\/2023\/03\/20230315a_id-272x182.jpg 272w\" sizes=\"auto, (max-width: 678px) 100vw, 678px\" \/><\/figure>\n\n\n\n<div style=\"height:20px\" aria-hidden=\"true\" class=\"wp-block-spacer\"><\/div>\n\n\n\n<p>Los Legisladores de la Ciudad declararon como\u00a0<strong>Personalidad Destacada en el \u00e1mbito de las Ciencias M\u00e9dicas a la doctora y cirujana Irene Mar\u00eda Rita Altuna<\/strong>. Tambi\u00e9n establecieron de\u00a0<strong>Inter\u00e9s<\/strong>\u00a0la labor desarrollada en materia de g\u00e9nero por la<strong>\u00a0asociaci\u00f3n civil Cirujanas Argentinas.<\/strong><\/p>\n\n\n\n<p>El acto se llev\u00f3 a cabo en el\u00a0<strong>Sal\u00f3n Alfons\u00edn<\/strong>\u00a0y cont\u00f3 con la presencia de<strong>\u00a0la diputada y autora del proyecto Mar\u00eda Sol M\u00e9ndez (VJ), la cirujana Irene Mar\u00eda Rita Altuna, la presidenta de Cirujanas Argentinas Andrea Andreacchio, la coordinadora de protocolo Edurne Ormaechea y el doctor Jorge Manrique.<\/strong><\/p>\n\n\n\n<p><em>\u201cEs muy importante y simb\u00f3lico hacer este reconocimiento durante esta semana en el mes del D\u00eda Internacional de la Mujer\u201d<\/em>, destac\u00f3 M\u00e9ndez en el comienzo de las alocuciones. Adem\u00e1s subray\u00f3 la importancia del protocolo contra la violencia de g\u00e9nero. <em>\u201cVisibilizar esto en la Legislatura, que haya sido aprobado por la mayor\u00eda y darle impulso es una herramienta que tenemos que hacerlo para poder alzar la voz y poder llevarla a todos lados\u201d<\/em>, agreg\u00f3 la legisladora.<\/p>\n\n\n\n<p>Por su parte Altuna agradeci\u00f3 al Palacio Legislativo por el reconocimiento y lo hizo extensivo <em>\u201ca todas las mujeres cirujanas argentinas, que de manera silenciosa y esforzada contin\u00faan en sus puestos de trabajo cumpliendo su vocaci\u00f3n quir\u00fargica\u201d<\/em>. A su vez inform\u00f3 que el 82% de las estudiantes de la Facultad de Medicina de la Ciudad de Buenos Aires y el 66% de las ingresantes en las residencias m\u00e9dicas son mujeres.<\/p>\n\n\n\n<p>\u201cLas instituciones hoy deben conocer la existencia de leyes y pol\u00edticas de promoci\u00f3n de igualdad de g\u00e9nero y aplicarlas. Las sociedades quir\u00fargicas deben contemplar la igualdad de g\u00e9nero cuando designa puestos de liderazgo en su comit\u00e9\u201d, puntualiz\u00f3 la cirujana. Y pidi\u00f3 por la aceptaci\u00f3n del problema y su abordaje \u201cde manera transparente\u201d.<\/p>\n\n\n\n<p>Andreacchio remarc\u00f3 que el mayor objetivo de la asociaci\u00f3n es <em>\u201chacernos visibles y que no se nos olvide\u201d<\/em>. Tambi\u00e9n resalt\u00f3 la figura de Irene: <em>\u201cNo solamente se merece el reconocimiento de la Legislatura, sino tambi\u00e9n de todas nosotras por haber llegado donde lleg\u00f3 y por haber hecho lo que hizo\u201d<\/em>.<\/p>\n\n\n\n<p>En tanto que Ornaechea cont\u00f3 c\u00f3mo naci\u00f3 el protocolo y se\u00f1al\u00f3 que la prevenci\u00f3n <em>\u201cva acompa\u00f1ada de erradicar todas las violencias de g\u00e9nero\u201d<\/em>. <\/p>\n\n\n\n<p>Por \u00faltimo, Manrique cont\u00f3 c\u00f3mo conoci\u00f3 a Altuna y concluy\u00f3: <em>\u201cEsta reuni\u00f3n es muy interesante porque est\u00e1 plasmando un mundo que ya se fue. Ahora se viene el mundo de mis hijas y de mis nietas, que espero que sea m\u00e1s arm\u00f3nico\u201d<\/em>.<\/p>\n\n\n\n<div style=\"height:20px\" aria-hidden=\"true\" class=\"wp-block-spacer\"><\/div>\n\n\n\n<p class=\"has-text-align-right\"><sub>Fuente: <em><strong>D. G. Prensa de la Legislatura de la Ciudad<\/strong><\/em><\/sub><a href=\"mailto:?subject=La%20Legislatura%20aprob%C3%B3%20en%20primera%20lectura%20un%20proyecto%20que%20procura%20mantener%20el%20paisaje%20y%20la%20arquitectura%20en%20dos%20barrios%20de%20la%20Comuna%2013.%20Deber%C3%A1%20debatirse%20en%20Audiencia%20P%C3%BAblica.%20%20%20%20%20%20%20%20%20%20%20&amp;body=https%3A%2F%2Fwww.legislatura.gov.ar%2Fposts%2Fsesion-19-052427.html\"><\/a><\/p>\n","protected":false},"excerpt":{"rendered":"<div class=\"mh-excerpt\">Declararon como Personalidad Destacada en el \u00e1mbito de las Ciencias M\u00e9dicas a la doctora y cirujana Irene Mar\u00eda Rita Altuna. Tambi\u00e9n establecieron de\u00a0Inter\u00e9s\u00a0a la\u00a0asociaci\u00f3n civil Cirujanas Argentinas. Los Legisladores de <a class=\"mh-excerpt-more\" href=\"https:\/\/www.comuna13online.com.ar\/?p=16889\" title=\"Reconocimiento a cirujanas en la Legislatura\">[&#8230;]<\/a><\/div>\n","protected":false},"author":1,"featured_media":16891,"comment_status":"closed","ping_status":"closed","sticky":false,"template":"","format":"standard","meta":{"_uag_custom_page_level_css":"","_jetpack_memberships_contains_paid_content":false,"footnotes":"","jetpack_publicize_message":"","jetpack_publicize_feature_enabled":true,"jetpack_social_post_already_shared":true,"jetpack_social_options":{"image_generator_settings":{"template":"highway","default_image_id":0,"font":"","enabled":false},"version":2}},"categories":[21],"tags":[250,296,7,146],"class_list":{"0":"post-16889","1":"post","2":"type-post","3":"status-publish","4":"format-standard","5":"has-post-thumbnail","7":"category-legislatura","8":"tag-h2","9":"tag-h3","10":"tag-legislatura","11":"tag-reconocimiento"},"jetpack_publicize_connections":[],"jetpack_featured_media_url":"https:\/\/www.comuna13online.com.ar\/wp-content\/uploads\/2023\/03\/20230315a_id-1.jpg","uagb_featured_image_src":{"full":["https:\/\/www.comuna13online.com.ar\/wp-content\/uploads\/2023\/03\/20230315a_id-1.jpg",678,452,false],"thumbnail":["https:\/\/www.comuna13online.com.ar\/wp-content\/uploads\/2023\/03\/20230315a_id-1.jpg",128,85,false],"medium":["https:\/\/www.comuna13online.com.ar\/wp-content\/uploads\/2023\/03\/20230315a_id-1.jpg",678,452,false],"medium_large":["https:\/\/www.comuna13online.com.ar\/wp-content\/uploads\/2023\/03\/20230315a_id-1.jpg",678,452,false],"large":["https:\/\/www.comuna13online.com.ar\/wp-content\/uploads\/2023\/03\/20230315a_id-1.jpg",678,452,false],"1536x1536":["https:\/\/www.comuna13online.com.ar\/wp-content\/uploads\/2023\/03\/20230315a_id-1.jpg",678,452,false],"2048x2048":["https:\/\/www.comuna13online.com.ar\/wp-content\/uploads\/2023\/03\/20230315a_id-1.jpg",678,452,false],"mh-magazine-slider":["https:\/\/www.comuna13online.com.ar\/wp-content\/uploads\/2023\/03\/20230315a_id-1-678x438.jpg",678,438,true],"mh-magazine-content":["https:\/\/www.comuna13online.com.ar\/wp-content\/uploads\/2023\/03\/20230315a_id-1-678x381.jpg",678,381,true],"mh-magazine-large":["https:\/\/www.comuna13online.com.ar\/wp-content\/uploads\/2023\/03\/20230315a_id-1.jpg",678,452,false],"mh-magazine-medium":["https:\/\/www.comuna13online.com.ar\/wp-content\/uploads\/2023\/03\/20230315a_id-1-326x245.jpg",326,245,true],"mh-magazine-small":["https:\/\/www.comuna13online.com.ar\/wp-content\/uploads\/2023\/03\/20230315a_id-1-80x60.jpg",80,60,true],"sow-carousel-default":["https:\/\/www.comuna13online.com.ar\/wp-content\/uploads\/2023\/03\/20230315a_id-1-272x182.jpg",272,182,true]},"uagb_author_info":{"display_name":"Comuna13","author_link":"https:\/\/www.comuna13online.com.ar\/?author=1"},"uagb_comment_info":0,"uagb_excerpt":"Declararon como Personalidad Destacada en el \u00e1mbito de las Ciencias M\u00e9dicas a la doctora y cirujana Irene Mar\u00eda Rita Altuna. Tambi\u00e9n establecieron de\u00a0Inter\u00e9s\u00a0a la\u00a0asociaci\u00f3n civil Cirujanas Argentinas. Los Legisladores de [...]","jetpack_sharing_enabled":true,"_links":{"self":[{"href":"https:\/\/www.comuna13online.com.ar\/index.php?rest_route=\/wp\/v2\/posts\/16889","targetHints":{"allow":["GET"]}}],"collection":[{"href":"https:\/\/www.comuna13online.com.ar\/index.php?rest_route=\/wp\/v2\/posts"}],"about":[{"href":"https:\/\/www.comuna13online.com.ar\/index.php?rest_route=\/wp\/v2\/types\/post"}],"author":[{"embeddable":true,"href":"https:\/\/www.comuna13online.com.ar\/index.php?rest_route=\/wp\/v2\/users\/1"}],"replies":[{"embeddable":true,"href":"https:\/\/www.comuna13online.com.ar\/index.php?rest_route=%2Fwp%2Fv2%2Fcomments&post=16889"}],"version-history":[{"count":0,"href":"https:\/\/www.comuna13online.com.ar\/index.php?rest_route=\/wp\/v2\/posts\/16889\/revisions"}],"wp:featuredmedia":[{"embeddable":true,"href":"https:\/\/www.comuna13online.com.ar\/index.php?rest_route=\/wp\/v2\/media\/16891"}],"wp:attachment":[{"href":"https:\/\/www.comuna13online.com.ar\/index.php?rest_route=%2Fwp%2Fv2%2Fmedia&parent=16889"}],"wp:term":[{"taxonomy":"category","embeddable":true,"href":"https:\/\/www.comuna13online.com.ar\/index.php?rest_route=%2Fwp%2Fv2%2Fcategories&post=16889"},{"taxonomy":"post_tag","embeddable":true,"href":"https:\/\/www.comuna13online.com.ar\/index.php?rest_route=%2Fwp%2Fv2%2Ftags&post=16889"}],"curies":[{"name":"wp","href":"https:\/\/api.w.org\/{rel}","templated":true}]}}