{"id":16882,"date":"2023-03-13T18:05:04","date_gmt":"2023-03-13T21:05:04","guid":{"rendered":"http:\/\/www.comuna13online.com.ar\/?p=16882"},"modified":"2023-03-14T19:20:24","modified_gmt":"2023-03-14T22:20:24","slug":"restringen-la-circulacion-de-ciclistas-frente-a-dos-escuelas-en-av-del-libertador","status":"publish","type":"post","link":"https:\/\/www.comuna13online.com.ar\/?p=16882","title":{"rendered":"Restringen la circulaci\u00f3n de ciclistas frente a dos escuelas en Av. del Libertador"},"content":{"rendered":"\n<p><strong>La Justicia orden\u00f3 al Gobierno porte\u00f1o restringir la circulaci\u00f3n de bicicletas de lunes a viernes, entre las 07:30 y las 16:45 horas, mientras dure el ciclo lectivo del corriente a\u00f1o.<\/strong> <\/p>\n\n\n\n<div style=\"height:10px\" aria-hidden=\"true\" class=\"wp-block-spacer\"><\/div>\n\n\n\n<figure class=\"wp-block-image size-full\"><img loading=\"lazy\" decoding=\"async\" width=\"678\" height=\"381\" data-attachment-id=\"16886\" data-permalink=\"https:\/\/www.comuna13online.com.ar\/?attachment_id=16886\" data-orig-file=\"https:\/\/www.comuna13online.com.ar\/wp-content\/uploads\/2023\/03\/20230314b_03.jpg\" data-orig-size=\"678,381\" data-comments-opened=\"0\" data-image-meta=\"{&quot;aperture&quot;:&quot;0&quot;,&quot;credit&quot;:&quot;&quot;,&quot;camera&quot;:&quot;&quot;,&quot;caption&quot;:&quot;&quot;,&quot;created_timestamp&quot;:&quot;0&quot;,&quot;copyright&quot;:&quot;&quot;,&quot;focal_length&quot;:&quot;0&quot;,&quot;iso&quot;:&quot;0&quot;,&quot;shutter_speed&quot;:&quot;0&quot;,&quot;title&quot;:&quot;&quot;,&quot;orientation&quot;:&quot;0&quot;}\" data-image-title=\"20230314b_03\" data-image-description=\"\" data-image-caption=\"\" data-large-file=\"https:\/\/www.comuna13online.com.ar\/wp-content\/uploads\/2023\/03\/20230314b_03.jpg\" src=\"http:\/\/www.comuna13online.com.ar\/wp-content\/uploads\/2023\/03\/20230314b_03.jpg\" alt=\"\" class=\"wp-image-16886\"\/><\/figure>\n\n\n\n<div style=\"height:20px\" aria-hidden=\"true\" class=\"wp-block-spacer\"><\/div>\n\n\n\n<p>El Juzgado de primera instancia en lo Contencioso Administrativo Tributario y de Relaciones de Consumo N\u00b0 15, a cargo del juez V\u00edctor Rodolfo Trionfetti, hizo lugar a una medida Cautelar que ordena al Gobierno de la Ciudad de Buenos Aires a tomar las medidas necesarias para resguardar la integridad de los ni\u00f1os y ni\u00f1as que asisten a establecimientos educativos ubicados sobre la avenida del Libertador:<\/p>\n\n\n\n<p>\u25fb Escuela N\u00b0 5 D.E. 9 \u201cHonorable Congreso de la Naci\u00f3n\u201d: sita en <a rel=\"noreferrer noopener\" href=\"https:\/\/www.google.com\/maps\/place\/Escuela+5+D.E.9+Honorable+Congreso+de+la+Naci%C3%B3n\/@-34.5645389,-58.4342211,15z\/data=!4m2!3m1!1s0x0:0x9a40c798da74672?sa=X&amp;ved=2ahUKEwjN-8iruNz9AhVquJUCHe2dDPEQ_BJ6BQiMARAI\" target=\"_blank\"><em>Avenida del Libertador <\/em><\/a><a href=\"https:\/\/www.google.com\/maps\/place\/Escuela+5+D.E.9+Honorable+Congreso+de+la+Naci%C3%B3n\/@-34.5645389,-58.4342211,15z\/data=!4m2!3m1!1s0x0:0x9a40c798da74672?sa=X&amp;ved=2ahUKEwjN-8iruNz9AhVquJUCHe2dDPEQ_BJ6BQiMARAI\" target=\"_blank\" rel=\"noreferrer noopener\"><em>N<\/em><\/a><a rel=\"noreferrer noopener\" href=\"https:\/\/www.google.com\/maps\/place\/Escuela+5+D.E.9+Honorable+Congreso+de+la+Naci%C3%B3n\/@-34.5645389,-58.4342211,15z\/data=!4m2!3m1!1s0x0:0x9a40c798da74672?sa=X&amp;ved=2ahUKEwjN-8iruNz9AhVquJUCHe2dDPEQ_BJ6BQiMARAI\" target=\"_blank\"><em>\u00b0 4777<\/em><\/a>, con horarios de ingreso a las 08:15 horas y de egreso a las 16:20 horas;<\/p>\n\n\n\n<p>\u25fb Jard\u00edn de Infantes Integral N\u00b0 5 D.E. 9: sito en <a rel=\"noreferrer noopener\" href=\"https:\/\/www.google.com\/maps\/place\/Escuela+5+D.E.9+Honorable+Congreso+de+la+Naci%C3%B3n\/@-34.5645389,-58.4342211,15z\/data=!4m2!3m1!1s0x0:0x9a40c798da74672?sa=X&amp;ved=2ahUKEwjN-8iruNz9AhVquJUCHe2dDPEQ_BJ6BQiMARAI\" target=\"_blank\"><em>Avenida del Libertador <\/em><\/a><a href=\"https:\/\/www.google.com\/maps\/place\/Escuela+5+D.E.9+Honorable+Congreso+de+la+Naci%C3%B3n\/@-34.5645389,-58.4342211,15z\/data=!4m2!3m1!1s0x0:0x9a40c798da74672?sa=X&amp;ved=2ahUKEwjN-8iruNz9AhVquJUCHe2dDPEQ_BJ6BQiMARAI\" target=\"_blank\" rel=\"noreferrer noopener\"><em>N<\/em><\/a><a rel=\"noreferrer noopener\" href=\"https:\/\/www.google.com\/maps\/place\/Escuela+5+D.E.9+Honorable+Congreso+de+la+Naci%C3%B3n\/@-34.5645389,-58.4342211,15z\/data=!4m2!3m1!1s0x0:0x9a40c798da74672?sa=X&amp;ved=2ahUKEwjN-8iruNz9AhVquJUCHe2dDPEQ_BJ6BQiMARAI\" target=\"_blank\"><em>\u00b0 4777<\/em><\/a>, con horarios de ingreso a las 09:00 horas y de egreso a las 16:10 horas;<\/p>\n\n\n\n<p>\u25fb Jard\u00edn de Infantes Com\u00fan N\u00b0 2 D.E. 9 \u201cGranaderos de San Mart\u00edn\u201d: sito en <a rel=\"noreferrer noopener\" href=\"https:\/\/www.google.com\/maps\/place\/Jard%C3%ADn+de+Infantes+Com%C3%BAn+N%C2%B0+02%2F09%C2%B0+Granaderos+de+San+Mart%C3%ADn\/@-34.5643426,-58.4356,16z\/data=!4m14!1m7!3m6!1s0x95bcb5d6219552fb:0xf6064045944a62a4!2sJard%C3%ADn+de+Infantes+Com%C3%BAn+N%C2%B0+02%2F09%C2%B0+Granaderos+de+San+Mart%C3%ADn!8m2!3d-34.563798!4d-58.4350373!16s%2Fg%2F11ptpr8m4d!3m5!1s0x95bcb5d6219552fb:0xf6064045944a62a4!8m2!3d-34.563798!4d-58.4350373!16s%2Fg%2F11ptpr8m4d\" target=\"_blank\"><em>Avenida del Libertador N\u00b04953<\/em><\/a>; turno ma\u00f1ana, con horarios de ingreso a las 08:45 horas y de egreso a las 12:00 horas; y, turno tarde, con horarios de ingreso a las 13:00 horas y de egreso a las 16:15 horas; y,<\/p>\n\n\n\n<p>\u25fb Escuela N\u00b0 30 D.E. 9 \u201cGranaderos de San Mart\u00edn\u201d: sita en <a rel=\"noreferrer noopener\" href=\"https:\/\/www.google.com\/maps\/place\/Jard%C3%ADn+de+Infantes+Com%C3%BAn+N%C2%B0+02%2F09%C2%B0+Granaderos+de+San+Mart%C3%ADn\/@-34.5643426,-58.4356,16z\/data=!4m14!1m7!3m6!1s0x95bcb5d6219552fb:0xf6064045944a62a4!2sJard%C3%ADn+de+Infantes+Com%C3%BAn+N%C2%B0+02%2F09%C2%B0+Granaderos+de+San+Mart%C3%ADn!8m2!3d-34.563798!4d-58.4350373!16s%2Fg%2F11ptpr8m4d!3m5!1s0x95bcb5d6219552fb:0xf6064045944a62a4!8m2!3d-34.563798!4d-58.4350373!16s%2Fg%2F11ptpr8m4d\" target=\"_blank\"><em>Avenida del Libertador N\u00b04953<\/em><\/a>, con horarios de ingreso a las 07:50 horas y de egreso a las 15:30 horas.<\/p>\n\n\n\n<div style=\"height:15px\" aria-hidden=\"true\" class=\"wp-block-spacer\"><\/div>\n\n\n\n<figure class=\"wp-block-image size-full\"><img loading=\"lazy\" decoding=\"async\" width=\"678\" height=\"452\" data-attachment-id=\"16883\" data-permalink=\"https:\/\/www.comuna13online.com.ar\/?attachment_id=16883\" data-orig-file=\"https:\/\/www.comuna13online.com.ar\/wp-content\/uploads\/2023\/03\/20230314b_01.jpg\" data-orig-size=\"678,452\" data-comments-opened=\"0\" data-image-meta=\"{&quot;aperture&quot;:&quot;0&quot;,&quot;credit&quot;:&quot;&quot;,&quot;camera&quot;:&quot;&quot;,&quot;caption&quot;:&quot;&quot;,&quot;created_timestamp&quot;:&quot;0&quot;,&quot;copyright&quot;:&quot;&quot;,&quot;focal_length&quot;:&quot;0&quot;,&quot;iso&quot;:&quot;0&quot;,&quot;shutter_speed&quot;:&quot;0&quot;,&quot;title&quot;:&quot;&quot;,&quot;orientation&quot;:&quot;0&quot;}\" data-image-title=\"20230314b_01\" data-image-description=\"\" data-image-caption=\"\" data-large-file=\"https:\/\/www.comuna13online.com.ar\/wp-content\/uploads\/2023\/03\/20230314b_01.jpg\" src=\"http:\/\/www.comuna13online.com.ar\/wp-content\/uploads\/2023\/03\/20230314b_01.jpg\" alt=\"\" class=\"wp-image-16883\" srcset=\"https:\/\/www.comuna13online.com.ar\/wp-content\/uploads\/2023\/03\/20230314b_01.jpg 678w, https:\/\/www.comuna13online.com.ar\/wp-content\/uploads\/2023\/03\/20230314b_01-272x182.jpg 272w\" sizes=\"auto, (max-width: 678px) 100vw, 678px\" \/><\/figure>\n\n\n\n<figure class=\"wp-block-image size-full\"><img loading=\"lazy\" decoding=\"async\" width=\"678\" height=\"147\" data-attachment-id=\"16884\" data-permalink=\"https:\/\/www.comuna13online.com.ar\/?attachment_id=16884\" data-orig-file=\"https:\/\/www.comuna13online.com.ar\/wp-content\/uploads\/2023\/03\/20230314b_02.jpg\" data-orig-size=\"678,147\" data-comments-opened=\"0\" data-image-meta=\"{&quot;aperture&quot;:&quot;0&quot;,&quot;credit&quot;:&quot;&quot;,&quot;camera&quot;:&quot;&quot;,&quot;caption&quot;:&quot;&quot;,&quot;created_timestamp&quot;:&quot;0&quot;,&quot;copyright&quot;:&quot;&quot;,&quot;focal_length&quot;:&quot;0&quot;,&quot;iso&quot;:&quot;0&quot;,&quot;shutter_speed&quot;:&quot;0&quot;,&quot;title&quot;:&quot;&quot;,&quot;orientation&quot;:&quot;0&quot;}\" data-image-title=\"20230314b_02\" data-image-description=\"\" data-image-caption=\"\" data-large-file=\"https:\/\/www.comuna13online.com.ar\/wp-content\/uploads\/2023\/03\/20230314b_02.jpg\" src=\"http:\/\/www.comuna13online.com.ar\/wp-content\/uploads\/2023\/03\/20230314b_02.jpg\" alt=\"\" class=\"wp-image-16884\"\/><\/figure>\n\n\n\n<div style=\"height:15px\" aria-hidden=\"true\" class=\"wp-block-spacer\"><\/div>\n\n\n\n<p>Esta medida cautelar fue dictada en la causa judicial impulsada por la Fundaci\u00f3n Ciudad, el Observatorio del Derecho a la Ciudad (ODC) y las cooperadoras de las escuelas, con el patrocinio del abog. Jonatan Baldiviezo (fundador del ODC).<\/p>\n\n\n\n<p><em>\u201cEn este orden de ideas debo se\u00f1alar que lo que debe preservarse ante todo es la vida y la seguridad de las personas, y la zona peritada est\u00e1 en completo descontrol en materia de cumplimiento de normas de seguridad vial y peatonal\u201d<\/em>. indica el fallo.<\/p>\n\n\n\n<p>Es por ello, que de lunes a viernes, entre las 07:30 hs. y las 16:45 hs., mientras dure el ciclo lectivo del corriente a\u00f1o, el Gobierno de la Ciudad preceder\u00e1 a <em>\u201crestringir la circulaci\u00f3n de ciclistas y rodados similares, para que sea realizado a pie, prohibici\u00f3n de circulaci\u00f3n de bicicletas y veh\u00edculos similares, como alternativa a la circulaci\u00f3n a pie por bicisenda, desv\u00edo por ruta espec\u00edfica para bicicletas por zona que se encuentra detr\u00e1s del lugar donde est\u00e1n emplazados los establecimientos educativos \u00a0(ciclov\u00eda existente en la Av. Valent\u00edn Alsina), establecer la presencia suficiente en la zona de personal de tr\u00e1nsito\u201d<\/em>.<\/p>\n\n\n\n<p>Para ello, deber\u00e1 \u201cinstituir la presencia suficiente y efectiva en la zona, en n\u00famero e infraestructura adecuados, de personal policial a fin de hacer cumplir inexorablemente la ley de tr\u00e1nsito, en particular respecto de los ciclistas, disponer que el personal de tr\u00e1nsito y policial colabore con los ingresantes y egresantes a los establecimientos para que puedan hacerlo de manera segura, y aqu\u00e9l personal coordine las acciones necesarias para la circulaci\u00f3n segura de peatones y ciclistas. Deber\u00e1 atenderse especial y primordialmente a la seguridad de ni\u00f1os y ni\u00f1as que accedan a pie, a trav\u00e9s de autom\u00f3viles particulares o combis\/micros escolares, establecer que los veh\u00edculos de limpieza urbana del GCBA realicen sus tareas fuera del horario de ingreso y egreso de los establecimientos educativos objeto de la presente\u201d.<\/p>\n\n\n\n<p>Como alternativa a la circulaci\u00f3n a pie por bicisenda, se propone un desv\u00edo por ruta espec\u00edfica para bicicletas por zona que se encuentra detr\u00e1s del lugar donde est\u00e1n emplazados los establecimientos educativos (ciclov\u00eda existente en la Av. Valent\u00edn Alsina).<\/p>\n\n\n\n<p>Adem\u00e1s, el tribunal le ordena al Gobierno de la Ciudad a que proceda a partir del d\u00eda lunes 11 de marzo y hasta la finalizaci\u00f3n del ciclo lectivo 2023 y en caso de incumplimiento o inobservancia injustificada, se impondr\u00e1 una multa de dos millones de pesos por cada d\u00eda de retardo en ejecutar la orden.<\/p>\n","protected":false},"excerpt":{"rendered":"<div class=\"mh-excerpt\">La Justicia orden\u00f3 al Gobierno porte\u00f1o restringir la circulaci\u00f3n de bicicletas de lunes a viernes, entre las 07:30 y las 16:45 horas, mientras dure el ciclo lectivo del corriente a\u00f1o. <a class=\"mh-excerpt-more\" href=\"https:\/\/www.comuna13online.com.ar\/?p=16882\" title=\"Restringen la circulaci\u00f3n de ciclistas frente a dos escuelas en Av. del Libertador\">[&#8230;]<\/a><\/div>\n","protected":false},"author":1,"featured_media":16885,"comment_status":"closed","ping_status":"closed","sticky":false,"template":"","format":"standard","meta":{"_uag_custom_page_level_css":"","_jetpack_memberships_contains_paid_content":false,"footnotes":"","jetpack_publicize_message":"","jetpack_publicize_feature_enabled":true,"jetpack_social_post_already_shared":true,"jetpack_social_options":{"image_generator_settings":{"template":"highway","default_image_id":0,"font":"","enabled":false},"version":2}},"categories":[73],"tags":[250,296,75,54],"class_list":{"0":"post-16882","1":"post","2":"type-post","3":"status-publish","4":"format-standard","5":"has-post-thumbnail","7":"category-seguridad-vial","8":"tag-h2","9":"tag-h3","10":"tag-seguridad-vial","11":"tag-transito"},"jetpack_publicize_connections":[],"jetpack_featured_media_url":"https:\/\/www.comuna13online.com.ar\/wp-content\/uploads\/2023\/03\/20230314b_id.jpg","uagb_featured_image_src":{"full":["https:\/\/www.comuna13online.com.ar\/wp-content\/uploads\/2023\/03\/20230314b_id.jpg",678,452,false],"thumbnail":["https:\/\/www.comuna13online.com.ar\/wp-content\/uploads\/2023\/03\/20230314b_id.jpg",128,85,false],"medium":["https:\/\/www.comuna13online.com.ar\/wp-content\/uploads\/2023\/03\/20230314b_id.jpg",678,452,false],"medium_large":["https:\/\/www.comuna13online.com.ar\/wp-content\/uploads\/2023\/03\/20230314b_id.jpg",678,452,false],"large":["https:\/\/www.comuna13online.com.ar\/wp-content\/uploads\/2023\/03\/20230314b_id.jpg",678,452,false],"1536x1536":["https:\/\/www.comuna13online.com.ar\/wp-content\/uploads\/2023\/03\/20230314b_id.jpg",678,452,false],"2048x2048":["https:\/\/www.comuna13online.com.ar\/wp-content\/uploads\/2023\/03\/20230314b_id.jpg",678,452,false],"mh-magazine-slider":["https:\/\/www.comuna13online.com.ar\/wp-content\/uploads\/2023\/03\/20230314b_id-678x438.jpg",678,438,true],"mh-magazine-content":["https:\/\/www.comuna13online.com.ar\/wp-content\/uploads\/2023\/03\/20230314b_id-678x381.jpg",678,381,true],"mh-magazine-large":["https:\/\/www.comuna13online.com.ar\/wp-content\/uploads\/2023\/03\/20230314b_id.jpg",678,452,false],"mh-magazine-medium":["https:\/\/www.comuna13online.com.ar\/wp-content\/uploads\/2023\/03\/20230314b_id-326x245.jpg",326,245,true],"mh-magazine-small":["https:\/\/www.comuna13online.com.ar\/wp-content\/uploads\/2023\/03\/20230314b_id-80x60.jpg",80,60,true],"sow-carousel-default":["https:\/\/www.comuna13online.com.ar\/wp-content\/uploads\/2023\/03\/20230314b_id-272x182.jpg",272,182,true]},"uagb_author_info":{"display_name":"Comuna13","author_link":"https:\/\/www.comuna13online.com.ar\/?author=1"},"uagb_comment_info":0,"uagb_excerpt":"La Justicia orden\u00f3 al Gobierno porte\u00f1o restringir la circulaci\u00f3n de bicicletas de lunes a viernes, entre las 07:30 y las 16:45 horas, mientras dure el ciclo lectivo del corriente a\u00f1o. [...]","jetpack_sharing_enabled":true,"_links":{"self":[{"href":"https:\/\/www.comuna13online.com.ar\/index.php?rest_route=\/wp\/v2\/posts\/16882","targetHints":{"allow":["GET"]}}],"collection":[{"href":"https:\/\/www.comuna13online.com.ar\/index.php?rest_route=\/wp\/v2\/posts"}],"about":[{"href":"https:\/\/www.comuna13online.com.ar\/index.php?rest_route=\/wp\/v2\/types\/post"}],"author":[{"embeddable":true,"href":"https:\/\/www.comuna13online.com.ar\/index.php?rest_route=\/wp\/v2\/users\/1"}],"replies":[{"embeddable":true,"href":"https:\/\/www.comuna13online.com.ar\/index.php?rest_route=%2Fwp%2Fv2%2Fcomments&post=16882"}],"version-history":[{"count":0,"href":"https:\/\/www.comuna13online.com.ar\/index.php?rest_route=\/wp\/v2\/posts\/16882\/revisions"}],"wp:featuredmedia":[{"embeddable":true,"href":"https:\/\/www.comuna13online.com.ar\/index.php?rest_route=\/wp\/v2\/media\/16885"}],"wp:attachment":[{"href":"https:\/\/www.comuna13online.com.ar\/index.php?rest_route=%2Fwp%2Fv2%2Fmedia&parent=16882"}],"wp:term":[{"taxonomy":"category","embeddable":true,"href":"https:\/\/www.comuna13online.com.ar\/index.php?rest_route=%2Fwp%2Fv2%2Fcategories&post=16882"},{"taxonomy":"post_tag","embeddable":true,"href":"https:\/\/www.comuna13online.com.ar\/index.php?rest_route=%2Fwp%2Fv2%2Ftags&post=16882"}],"curies":[{"name":"wp","href":"https:\/\/api.w.org\/{rel}","templated":true}]}}