{"id":16868,"date":"2023-03-10T12:35:46","date_gmt":"2023-03-10T15:35:46","guid":{"rendered":"http:\/\/www.comuna13online.com.ar\/?p=16868"},"modified":"2023-03-10T13:08:31","modified_gmt":"2023-03-10T16:08:31","slug":"la-legislatura-elimino-el-impuesto-sobre-tarjetas-de-credito","status":"publish","type":"post","link":"https:\/\/www.comuna13online.com.ar\/?p=16868","title":{"rendered":"La Legislatura elimin\u00f3 el impuesto sobre tarjetas de cr\u00e9dito"},"content":{"rendered":"\n<p><strong>El cuerpo aprob\u00f3 el proyecto de Rodr\u00edguez Larreta que elimina el impuesto a los sellos. El gravamen fue implementado por el ejecutivo porte\u00f1o tras el recorte fondos de la coparticipaci\u00f3n.<\/strong><\/p>\n\n\n\n<div style=\"height:10px\" aria-hidden=\"true\" class=\"wp-block-spacer\"><\/div>\n\n\n\n<figure class=\"wp-block-image size-full\"><img loading=\"lazy\" decoding=\"async\" width=\"678\" height=\"452\" data-attachment-id=\"16870\" data-permalink=\"https:\/\/www.comuna13online.com.ar\/?attachment_id=16870\" data-orig-file=\"https:\/\/www.comuna13online.com.ar\/wp-content\/uploads\/2023\/03\/20230310c_01.jpg\" data-orig-size=\"678,452\" data-comments-opened=\"0\" data-image-meta=\"{&quot;aperture&quot;:&quot;0&quot;,&quot;credit&quot;:&quot;&quot;,&quot;camera&quot;:&quot;&quot;,&quot;caption&quot;:&quot;&quot;,&quot;created_timestamp&quot;:&quot;0&quot;,&quot;copyright&quot;:&quot;&quot;,&quot;focal_length&quot;:&quot;0&quot;,&quot;iso&quot;:&quot;0&quot;,&quot;shutter_speed&quot;:&quot;0&quot;,&quot;title&quot;:&quot;&quot;,&quot;orientation&quot;:&quot;0&quot;}\" data-image-title=\"20230310c_01\" data-image-description=\"\" data-image-caption=\"\" data-large-file=\"https:\/\/www.comuna13online.com.ar\/wp-content\/uploads\/2023\/03\/20230310c_01.jpg\" src=\"http:\/\/www.comuna13online.com.ar\/wp-content\/uploads\/2023\/03\/20230310c_01.jpg\" alt=\"\" class=\"wp-image-16870\" srcset=\"https:\/\/www.comuna13online.com.ar\/wp-content\/uploads\/2023\/03\/20230310c_01.jpg 678w, https:\/\/www.comuna13online.com.ar\/wp-content\/uploads\/2023\/03\/20230310c_01-272x182.jpg 272w\" sizes=\"auto, (max-width: 678px) 100vw, 678px\" \/><\/figure>\n\n\n\n<div style=\"height:20px\" aria-hidden=\"true\" class=\"wp-block-spacer\"><\/div>\n\n\n\n<p>La Legislatura de la Ciudad de Buenos Aires aprob\u00f3 por unanimidad la eliminaci\u00f3n del impuesto a los consumos con tarjetas de cr\u00e9dito establecido en 2021 cuando comenz\u00f3 la disputa con el Gobierno nacional por los fondos coparticipables.<\/p>\n\n\n\n<p><em>\u201cLos vecinos no pueden esperar los tiempos de la pol\u00edtica y yo no voy a quedarme quieto viendo c\u00f3mo un Gobierno, que quiebra las instituciones y toma de reh\u00e9n a los argentinos\u201d<\/em>, argument\u00f3 el Jefe de Gobierno de la Ciudad, Horacio Rodr\u00edguez Larreta<\/p>\n\n\n\n<p>La Legislatura trat\u00f3 el proyecto sobre tablas y le dio sanci\u00f3n a la iniciativa del ejecutivo dela ciudad. su aprobaci\u00f3n requiri\u00f3 del\u00a0apoyo de la oposici\u00f3n dado que se requer\u00eda los votos de dos tercios\u00a0de los legisladores para aprobar el articulado.\u00a0Obtuvo la aprobaci\u00f3n de los 59 legisladores presentes en sus primeros dos art\u00edculos; el tercero, con 38 votos positivos y 21 votos negativos, el Frente de Todos propuso que la vigencia de esta norma fuese a partir del 1 de enero de 2023, pero se impuso el texto original del oficialismo que impone como d\u00eda a partir del cual rige la ley el de ma\u00f1ana, 10 de marzo de 2023.<\/p>\n\n\n\n<p>Luego de anunciar su candidatura a presidente, Horacio Rodr\u00edguez Larreta indic\u00f3 que uno de sus objetivos iba a ser <em><em>\u201c<\/em>bajar los impuestos<em>\u201d<\/em>, por lo que mencion\u00f3 esta acci\u00f3n, a pesar de que el Gobierno no cumpli\u00f3 con su parte y\u00a0<em>\u201c<\/em>no acat\u00f3 el fallo de la Corte Suprema que orden\u00f3\u00a0restituir los fondos de la Coparticipaci\u00f3n recortados de manera\u00a0unilateral por el presidente Alberto Fern\u00e1ndez en enero de 2020<em>\u201d<\/em><\/em>.<\/p>\n\n\n\n<p><\/p>\n","protected":false},"excerpt":{"rendered":"<div class=\"mh-excerpt\">El cuerpo aprob\u00f3 el proyecto de Rodr\u00edguez Larreta que elimina el impuesto a los sellos. El gravamen fue implementado por el ejecutivo porte\u00f1o tras el recorte fondos de la coparticipaci\u00f3n. <a class=\"mh-excerpt-more\" href=\"https:\/\/www.comuna13online.com.ar\/?p=16868\" title=\"La Legislatura elimin\u00f3 el impuesto sobre tarjetas de cr\u00e9dito\">[&#8230;]<\/a><\/div>\n","protected":false},"author":1,"featured_media":16869,"comment_status":"closed","ping_status":"closed","sticky":false,"template":"","format":"standard","meta":{"_uag_custom_page_level_css":"","_jetpack_memberships_contains_paid_content":false,"footnotes":"","jetpack_publicize_message":"","jetpack_publicize_feature_enabled":true,"jetpack_social_post_already_shared":true,"jetpack_social_options":{"image_generator_settings":{"template":"highway","default_image_id":0,"font":"","enabled":false},"version":2}},"categories":[21],"tags":[250,296,49,7],"class_list":{"0":"post-16868","1":"post","2":"type-post","3":"status-publish","4":"format-standard","5":"has-post-thumbnail","7":"category-legislatura","8":"tag-h2","9":"tag-h3","10":"tag-impuestos","11":"tag-legislatura"},"jetpack_publicize_connections":[],"jetpack_featured_media_url":"https:\/\/www.comuna13online.com.ar\/wp-content\/uploads\/2023\/03\/20230310c_id.jpg","uagb_featured_image_src":{"full":["https:\/\/www.comuna13online.com.ar\/wp-content\/uploads\/2023\/03\/20230310c_id.jpg",678,452,false],"thumbnail":["https:\/\/www.comuna13online.com.ar\/wp-content\/uploads\/2023\/03\/20230310c_id.jpg",128,85,false],"medium":["https:\/\/www.comuna13online.com.ar\/wp-content\/uploads\/2023\/03\/20230310c_id.jpg",678,452,false],"medium_large":["https:\/\/www.comuna13online.com.ar\/wp-content\/uploads\/2023\/03\/20230310c_id.jpg",678,452,false],"large":["https:\/\/www.comuna13online.com.ar\/wp-content\/uploads\/2023\/03\/20230310c_id.jpg",678,452,false],"1536x1536":["https:\/\/www.comuna13online.com.ar\/wp-content\/uploads\/2023\/03\/20230310c_id.jpg",678,452,false],"2048x2048":["https:\/\/www.comuna13online.com.ar\/wp-content\/uploads\/2023\/03\/20230310c_id.jpg",678,452,false],"mh-magazine-slider":["https:\/\/www.comuna13online.com.ar\/wp-content\/uploads\/2023\/03\/20230310c_id-678x438.jpg",678,438,true],"mh-magazine-content":["https:\/\/www.comuna13online.com.ar\/wp-content\/uploads\/2023\/03\/20230310c_id-678x381.jpg",678,381,true],"mh-magazine-large":["https:\/\/www.comuna13online.com.ar\/wp-content\/uploads\/2023\/03\/20230310c_id.jpg",678,452,false],"mh-magazine-medium":["https:\/\/www.comuna13online.com.ar\/wp-content\/uploads\/2023\/03\/20230310c_id-326x245.jpg",326,245,true],"mh-magazine-small":["https:\/\/www.comuna13online.com.ar\/wp-content\/uploads\/2023\/03\/20230310c_id-80x60.jpg",80,60,true],"sow-carousel-default":["https:\/\/www.comuna13online.com.ar\/wp-content\/uploads\/2023\/03\/20230310c_id-272x182.jpg",272,182,true]},"uagb_author_info":{"display_name":"Comuna13","author_link":"https:\/\/www.comuna13online.com.ar\/?author=1"},"uagb_comment_info":0,"uagb_excerpt":"El cuerpo aprob\u00f3 el proyecto de Rodr\u00edguez Larreta que elimina el impuesto a los sellos. El gravamen fue implementado por el ejecutivo porte\u00f1o tras el recorte fondos de la coparticipaci\u00f3n. [...]","jetpack_sharing_enabled":true,"_links":{"self":[{"href":"https:\/\/www.comuna13online.com.ar\/index.php?rest_route=\/wp\/v2\/posts\/16868","targetHints":{"allow":["GET"]}}],"collection":[{"href":"https:\/\/www.comuna13online.com.ar\/index.php?rest_route=\/wp\/v2\/posts"}],"about":[{"href":"https:\/\/www.comuna13online.com.ar\/index.php?rest_route=\/wp\/v2\/types\/post"}],"author":[{"embeddable":true,"href":"https:\/\/www.comuna13online.com.ar\/index.php?rest_route=\/wp\/v2\/users\/1"}],"replies":[{"embeddable":true,"href":"https:\/\/www.comuna13online.com.ar\/index.php?rest_route=%2Fwp%2Fv2%2Fcomments&post=16868"}],"version-history":[{"count":0,"href":"https:\/\/www.comuna13online.com.ar\/index.php?rest_route=\/wp\/v2\/posts\/16868\/revisions"}],"wp:featuredmedia":[{"embeddable":true,"href":"https:\/\/www.comuna13online.com.ar\/index.php?rest_route=\/wp\/v2\/media\/16869"}],"wp:attachment":[{"href":"https:\/\/www.comuna13online.com.ar\/index.php?rest_route=%2Fwp%2Fv2%2Fmedia&parent=16868"}],"wp:term":[{"taxonomy":"category","embeddable":true,"href":"https:\/\/www.comuna13online.com.ar\/index.php?rest_route=%2Fwp%2Fv2%2Fcategories&post=16868"},{"taxonomy":"post_tag","embeddable":true,"href":"https:\/\/www.comuna13online.com.ar\/index.php?rest_route=%2Fwp%2Fv2%2Ftags&post=16868"}],"curies":[{"name":"wp","href":"https:\/\/api.w.org\/{rel}","templated":true}]}}